{"id":34194,"date":"2021-03-16T12:45:46","date_gmt":"2021-03-16T11:45:46","guid":{"rendered":"https:\/\/www.die-stadtzeitung.de\/?p=34194"},"modified":"2021-03-16T12:45:46","modified_gmt":"2021-03-16T11:45:46","slug":"der-chef-der-seine-firma-vom-bett-aus-lenkt","status":"publish","type":"post","link":"https:\/\/www.die-stadtzeitung.de\/index.php\/2021\/03\/16\/der-chef-der-seine-firma-vom-bett-aus-lenkt\/","title":{"rendered":"Der Chef, der seine Firma vom Bett aus lenkt\u00a0"},"content":{"rendered":"<div id=\"attachment_34196\" class=\"wp-caption alignnone\" style=\"max-width: 1034px;\"><img loading=\"lazy\" decoding=\"async\" class=\"size-large wp-image-34196\" src=\"\/wp-content\/uploads\/2021\/03\/thumbnail-1-2-1024x749.jpg\" alt=\"\" width=\"1024\" height=\"749\" \/><span class=\"wp-caption-text\">Vom Bett aus leitet\u00a0Khalid Nadeem Arif sein Unternehmen &#8211; \u00a9 outsourcing4work<\/span><\/div>\n<p>Die eindrucksvolle Geschichte dieses mutigen Gro\u00df-Gerauers zeigt, wie viel Menschen trotz schwerer Einschr\u00e4nkungen erreichen k\u00f6nnen. Und dass Schicksalsschl\u00e4ge auch immer Chancen mit sich bringen.<span class=\"Apple-converted-space\">\u00a0<\/span><\/p>\n<p>Der Ausbau des Remote-Modells (Heimarbeits-Modell) von &#8222;outsourcing4work&#8220; begann lange vor Corona. Und er ist ein Paradebeispiel f\u00fcr Firmen, die sich erfolgreich im Bereich digitaler Infrastruktur engagieren. Vor mehr als zehn Jahren fasste Khalid Nadeem Arif den Beschluss, sich intensiv mit der Arbeit im Home-Office zu befassen.<span class=\"Apple-converted-space\">\u00a0<\/span><\/p>\n<p>Grund hierf\u00fcr war eine Erkrankung, die es ihm phasenweise unm\u00f6glich machte, das Bett zu verlassen. Statt seine Firma aufzugeben, baute er sie nach und nach zu einem 100-Prozent-Remote-Unternehmen um.<span class=\"Apple-converted-space\">\u00a0<\/span><\/p>\n<p>Inzwischen \u00fcbernimmt das IT- und Personaldienstleistungs-Unternehmen Auftr\u00e4ge aus der ganzen Welt und besch\u00e4ftigt mehr als 100 Mitarbeiter aus 17 L\u00e4ndern. Sie alle arbeiten remote zusammen &#8211; aus der Ferne.<span class=\"Apple-converted-space\">\u00a0<\/span><\/p>\n<p>Geleitet und unterst\u00fctzt von dem Mann, der am Beginn seiner Karriere wohl kaum geahnt h\u00e4tte, welche Dimensionen sein Remote-Modell einmal erreichen w\u00fcrde. Als Vermittler von indischen IT-Fachkr\u00e4ften ist die innovative Infrastruktur auch ein zentraler Kern des Gesch\u00e4ftsmodells.<span class=\"Apple-converted-space\">\u00a0<\/span><\/p>\n<div id=\"attachment_34198\" class=\"wp-caption alignnone\" style=\"max-width: 1034px;\"><img loading=\"lazy\" decoding=\"async\" class=\"size-large wp-image-34198\" src=\"\/wp-content\/uploads\/2021\/03\/thumbnail-1024x768.jpg\" alt=\"\" width=\"1024\" height=\"768\" \/><span class=\"wp-caption-text\">Das au\u00dfergew\u00f6hnliche &#8222;B\u00fcro&#8220; von Khalid Nadeem Arif &#8211; \u00a9outsourcing4work<\/span><\/div>\n<p>Manchmal ist Khalid Nadeem Arif von seiner eigenen Kraft selbst ein wenig \u00fcberrascht: &#8222;Heute kann ich oft monatelang nicht aus dem Haus gehen und liege die meiste Zeit im Bett. Sobald meine Gesundheit es zul\u00e4sst, fange ich an zu arbeiten, bis ich mich wieder in einem ganz stillen und dunklen Raum erholen muss. Trotz meiner Krankheiten f\u00fchre ich heute, durch die Gnade Gottes, ein gl\u00fcckliches und sehr dankbares Leben.&#8220;<\/p>\n<p>Sein Schickdal hat ihn nicht verbittert. Im Gegenteil! Khalid Nadeem Arif ist immer freundlich und gut gelaunt. Er hofft, dass seine Lebensmut und seine Begeisterung auch andere Menschen in einer \u00e4hnlichen Situation anstecken k\u00f6nnen.<\/p>\n<div id=\"attachment_34199\" class=\"wp-caption alignnone\" style=\"max-width: 1034px;\"><img loading=\"lazy\" decoding=\"async\" class=\"size-large wp-image-34199\" src=\"\/wp-content\/uploads\/2021\/03\/thumbnail-4-1024x768.jpg\" alt=\"\" width=\"1024\" height=\"768\" \/><span class=\"wp-caption-text\">Khalid Nadeem Arif im Homeoffice &#8211; \u00a9 outsourcing4work<\/span><\/div>\n<p><b>Offensive Zukunftsplanungen<span class=\"Apple-converted-space\">\u00a0<\/span><\/b><\/p>\n<p>Mit seinem Beispiel m\u00f6chte Khalid Nadeem Arif aber nicht nur kranken und behinderten Menschen Mut machen, sondern jeden Interessierten dabei unterst\u00fctzen, die M\u00f6glichkeiten der Remote-Arbeit f\u00fcr sich zu entdecken. Au\u00dferdem will der engagierte Hesse mit seinem Unternehmen international weiterwachsen und in den n\u00e4chsten f\u00fcnf Jahren 1.000 neue Jobs in Pakistan schaffen &#8211; in erster Linie nat\u00fcrlich als Remote-Arbeitspl\u00e4tze. &#8220;<\/p>\n<p>Eine der positiven Auswirkungen meiner Krankheiten ist, dass sie mich zu einem Spezialisten f\u00fcr Remote-Arbeit gemacht haben&#8220;, erkl\u00e4rt Khalid Nadeem Arif schmunzelnd und denkt schon an sein n\u00e4chstes gro\u00dfes Projekt: Vom Bett in Deutschland aus will er eine wirtschaftlich zur\u00fcckgebliebene Stadt in Pakistan zu einem IT-Hub f\u00fcr Remote-Arbeit machen.<span class=\"Apple-converted-space\">\u00a0<\/span><\/p>\n<p><a href=\"http:\/\/www.outsourcing4work.de\">http:\/\/www.outsourcing4work.de<\/a><\/p>\n","protected":false},"excerpt":{"rendered":"<p>Khalid Nadeem Arif ist ein au\u00dfergew\u00f6hnlicher Mensch und ein au\u00dfergew\u00f6hnlicher Unternehmer. Der Gro\u00df-Gerauer steuert seine Firma zum gr\u00f6\u00dften Teil vom Bett aus. Der geb\u00fcrtige Pakistani ist schwerbehindert. Er leidet an der schweren Krankheit &#8222;CFS&#8220;\u00a0(Chronisches Ersch\u00f6pfungssyndrom). Khalid Nadeem Arif verbringt die meiste Zeit im Bett und leitet von hier aus als Gr\u00fcnder und CEO das international erfolgreiche Unternehmen &#8222;outsourcing4work&#8220; mit mehr als 100 Mitarbeitern.<\/p>\n","protected":false},"author":7,"featured_media":0,"comment_status":"open","ping_status":"closed","sticky":false,"template":"","format":"standard","meta":{"footnotes":""},"categories":[19],"tags":[],"class_list":["post-34194","post","type-post","status-publish","format-standard","hentry","category-weitblick"],"publishpress_future_action":{"enabled":false,"date":"2026-05-06 18:09:48","action":"change-status","newStatus":"draft","terms":[],"taxonomy":"category","extraData":[]},"publishpress_future_workflow_manual_trigger":{"enabledWorkflows":[]},"_links":{"self":[{"href":"https:\/\/www.die-stadtzeitung.de\/index.php\/wp-json\/wp\/v2\/posts\/34194","targetHints":{"allow":["GET"]}}],"collection":[{"href":"https:\/\/www.die-stadtzeitung.de\/index.php\/wp-json\/wp\/v2\/posts"}],"about":[{"href":"https:\/\/www.die-stadtzeitung.de\/index.php\/wp-json\/wp\/v2\/types\/post"}],"author":[{"embeddable":true,"href":"https:\/\/www.die-stadtzeitung.de\/index.php\/wp-json\/wp\/v2\/users\/7"}],"replies":[{"embeddable":true,"href":"https:\/\/www.die-stadtzeitung.de\/index.php\/wp-json\/wp\/v2\/comments?post=34194"}],"version-history":[{"count":3,"href":"https:\/\/www.die-stadtzeitung.de\/index.php\/wp-json\/wp\/v2\/posts\/34194\/revisions"}],"predecessor-version":[{"id":34200,"href":"https:\/\/www.die-stadtzeitung.de\/index.php\/wp-json\/wp\/v2\/posts\/34194\/revisions\/34200"}],"wp:attachment":[{"href":"https:\/\/www.die-stadtzeitung.de\/index.php\/wp-json\/wp\/v2\/media?parent=34194"}],"wp:term":[{"taxonomy":"category","embeddable":true,"href":"https:\/\/www.die-stadtzeitung.de\/index.php\/wp-json\/wp\/v2\/categories?post=34194"},{"taxonomy":"post_tag","embeddable":true,"href":"https:\/\/www.die-stadtzeitung.de\/index.php\/wp-json\/wp\/v2\/tags?post=34194"}],"curies":[{"name":"wp","href":"https:\/\/api.w.org\/{rel}","templated":true}]}}