{"id":34159,"date":"2021-03-13T14:09:33","date_gmt":"2021-03-13T13:09:33","guid":{"rendered":"https:\/\/www.die-stadtzeitung.de\/?p=34159"},"modified":"2021-03-13T14:10:04","modified_gmt":"2021-03-13T13:10:04","slug":"andrea-vierle-der-weg-zur-starken-frau","status":"publish","type":"post","link":"https:\/\/www.die-stadtzeitung.de\/index.php\/2021\/03\/13\/andrea-vierle-der-weg-zur-starken-frau\/","title":{"rendered":"Dr. Andrea Vierle: Der Weg zur starken Frau"},"content":{"rendered":"<div class=\"page\" title=\"Page 1\">\n<div class=\"layoutArea\">\n<div class=\"column\">\n<div id=\"attachment_34161\" class=\"wp-caption alignnone\" style=\"max-width: 910px;\"><img loading=\"lazy\" decoding=\"async\" class=\"size-full wp-image-34161\" src=\"\/wp-content\/uploads\/2021\/03\/Andrea_Vierle-2.jpg\" alt=\"\" width=\"900\" height=\"701\" \/><span class=\"wp-caption-text\">Dr. Andrea Vierle &#8211; \u00a9 Andrea Vierle<\/span><\/div>\n<p>Diese Seelenthemen k\u00f6nnen nur dann bew\u00e4ltigt werden, wenn ein Weg gefunden wird, sich bewusst mit ihnen auseinanderzusetzen, und zwar so, dass neue Perspektiven entstehen und ein harmonisches Verh\u00e4ltnis zu sich selbst erwachsen kann.<\/p>\n<p>F\u00fcr viele Frauen geht es bei solchen Seelenthemen um ihre ureigene Position zwischen Familie, Beruf und Gesellschaft. Oftmals neigen Frauen dazu, sich f\u00fcr andere einzusetzen, andere Bed\u00fcrfnisse \u00fcber die eigenen zu stellen und so den Bezug zu ihrer eigenen Pers\u00f6nlichkeit zu verlieren. Das f\u00fchrt langfristig zu Unzufriedenheit, Entt\u00e4uschung, Resignation \u2013 bis hin zu Depressionen.<\/p>\n<p>Hier k\u00f6nnen M\u00e4rchen hilfreiche L\u00f6sungswege aufzeigen: Jede M\u00e4rchenheldin vollzieht einen inneren Entwicklungsweg, der ihr die eigenen Quellen ihrer Weisheit und ihrer besonderen F\u00e4higkeiten aufdeckt. Wenn wir diesen Entwicklungsweg in rechter Weise zu deuten verstehen, k\u00f6nnen sich daraus hilfreiche Wegweisungen ergeben, die sich unmittelbar im konkreten Lebensvollzug praktizieren lassen und so ein erf\u00fcllteres, gl\u00fccklicheres Dasein erm\u00f6glichen.<\/p>\n<p>Zugleich k\u00f6nnen wir auf diesem Weg erkennen, welche tiefe Bedeutung M\u00e4rchen f\u00fcr uns alle haben: f\u00fcr unser Selbst-Verst\u00e4ndnis, f\u00fcr unsere Daseinsauslegung, f\u00fcr unseren existentiellen Zugang zum Magisch-Poetischen, f\u00fcr unser Leben.<\/p>\n<p><strong>Termin:\u00a0<\/strong><\/p>\n<p>Dr. Andrea Vierle ist Philosophin und Leiterin des KEPIA &#8211; Haus f\u00fcr Philosophie und Musik in Oberhausen.<\/p>\n<p>Montag &#8211; 22. M\u00e4rz 2021 &#8211; Beginn: 18:30 Uhr &#8211; Die Teilnahme ist entgeltfrei.<\/p>\n<p>Melden Sie sich unter der Kursnummer: 10-5300s@121 auf der Homepage der Berg. VHS www.bvhs.de oder per Mail unter heinz-werner.wuerzler@bergische-vhs.de oder telefonisch unter 0212 290 3265 an.<\/p>\n<p>&nbsp;<\/p>\n<\/div>\n<\/div>\n<\/div>\n","protected":false},"excerpt":{"rendered":"<p>Es gibt bestimmte \u201eSeelenthemen\u201c, die uns allen bekannt und nah sind, oftmals, weil sie uns Schwierigkeiten bereiten, bis hin dazu, dass sie uns blockieren und krank machen k\u00f6nnen. Zu diesem spannenden Thema h\u00e4lt Dr. Andrea Vierle ist Philosophin und Leiterin des KEPIA &#8211; Haus f\u00fcr Philosophie und Musik in Oberhausen, am 22.03. in der Bergischen VHS einen Vortrag. <\/p>\n","protected":false},"author":7,"featured_media":0,"comment_status":"open","ping_status":"closed","sticky":false,"template":"","format":"standard","meta":{"footnotes":""},"categories":[27],"tags":[],"class_list":["post-34159","post","type-post","status-publish","format-standard","hentry","category-wissen"],"publishpress_future_action":{"enabled":false,"date":"2026-05-06 18:01:03","action":"change-status","newStatus":"draft","terms":[],"taxonomy":"category","extraData":[]},"publishpress_future_workflow_manual_trigger":{"enabledWorkflows":[]},"_links":{"self":[{"href":"https:\/\/www.die-stadtzeitung.de\/index.php\/wp-json\/wp\/v2\/posts\/34159","targetHints":{"allow":["GET"]}}],"collection":[{"href":"https:\/\/www.die-stadtzeitung.de\/index.php\/wp-json\/wp\/v2\/posts"}],"about":[{"href":"https:\/\/www.die-stadtzeitung.de\/index.php\/wp-json\/wp\/v2\/types\/post"}],"author":[{"embeddable":true,"href":"https:\/\/www.die-stadtzeitung.de\/index.php\/wp-json\/wp\/v2\/users\/7"}],"replies":[{"embeddable":true,"href":"https:\/\/www.die-stadtzeitung.de\/index.php\/wp-json\/wp\/v2\/comments?post=34159"}],"version-history":[{"count":3,"href":"https:\/\/www.die-stadtzeitung.de\/index.php\/wp-json\/wp\/v2\/posts\/34159\/revisions"}],"predecessor-version":[{"id":34163,"href":"https:\/\/www.die-stadtzeitung.de\/index.php\/wp-json\/wp\/v2\/posts\/34159\/revisions\/34163"}],"wp:attachment":[{"href":"https:\/\/www.die-stadtzeitung.de\/index.php\/wp-json\/wp\/v2\/media?parent=34159"}],"wp:term":[{"taxonomy":"category","embeddable":true,"href":"https:\/\/www.die-stadtzeitung.de\/index.php\/wp-json\/wp\/v2\/categories?post=34159"},{"taxonomy":"post_tag","embeddable":true,"href":"https:\/\/www.die-stadtzeitung.de\/index.php\/wp-json\/wp\/v2\/tags?post=34159"}],"curies":[{"name":"wp","href":"https:\/\/api.w.org\/{rel}","templated":true}]}}