{"id":34068,"date":"2021-03-07T09:40:36","date_gmt":"2021-03-07T08:40:36","guid":{"rendered":"https:\/\/www.die-stadtzeitung.de\/?p=34068"},"modified":"2021-03-11T11:34:32","modified_gmt":"2021-03-11T10:34:32","slug":"ziel-erreicht-haaner-felsenquelle-2021-klimaneutral","status":"publish","type":"post","link":"https:\/\/www.die-stadtzeitung.de\/index.php\/2021\/03\/07\/ziel-erreicht-haaner-felsenquelle-2021-klimaneutral\/","title":{"rendered":"Ziel erreicht: Haaner Felsenquelle 2021 klimaneutral"},"content":{"rendered":"<div class=\"page\" title=\"Page 1\">\n<div class=\"layoutArea\">\n<div class=\"column\">\n<div id=\"attachment_34077\" class=\"wp-caption alignnone\" style=\"max-width: 1034px;\"><img loading=\"lazy\" decoding=\"async\" class=\"size-large wp-image-34077\" src=\"\/wp-content\/uploads\/2021\/03\/YQ6zBnYg-2-1024x790.jpg\" alt=\"\" width=\"1024\" height=\"790\" \/><span class=\"wp-caption-text\">Thomas und Stephan R\u00f6mer, Gesch\u00e4ftsf\u00fchrer der Haaner Felsenquelle, pr\u00e4sentieren die nachhaltigen Mineralwasser-Glasflaschen &#8211; \u00a9 Haaner Felsenquelle<\/span><\/div>\n<p>Schon lange engagiert sich die Haaner Felsenquelle f\u00fcr den Klima- und Umweltschutz, um die nat\u00fcrliche Ressource Mineralwasser und ihre Herkunft zu sch\u00fctzen.<\/p>\n<p>Das Familienunternehmen setzt auf kurze Transportwege und auf umweltfreundliche Glas-Mehrweggebinde. Die Haaner Felsenquelle baut au\u00dferdem auf eine h\u00f6here Energieeffizienz der Produktion und auch auf die Nutzung von Solarenergie.<\/p>\n<p>\u201eUmweltschutz ist f\u00fcr uns von Natur aus ein wichtiges Anliegen. Nun m\u00f6chten wir auch die Verantwortung f\u00fcr alle von uns verursachten CO2-Emissionen \u00fcbernehmen, die wir noch nicht selbst vermeiden k\u00f6nnen. Die Klimaneutralit\u00e4t ist ein weiterer wichtiger Schritt in unserem unternehmerischen wie pers\u00f6nlichen Nachhaltigkeitsdenken\u201c, so Gesch\u00e4ftsf\u00fchrer Stephan R\u00f6mer. \u201eWir freuen uns sehr, dieses Ziel bereits jetzt zu erreichen \u2013 neun Jahre vor der vom VDM und GDB initiierten Brancheninitiative.\u201c<\/p>\n<p>Der Verband Deutscher Mineralbrunnen (VDM) und die Genossenschaft Deutscher Brunnen (GDB) hatten das branchenweite Engagement f\u00fcr den Klimaschutz im Rahmen der Internationalen Gr\u00fcnen Woche 2021 vorgestellt: Das Ziel \u201eKlimaneutralit\u00e4t in der Mineralbrunnenbranche\u201c soll bis 2030 und somit deutlich vor der von der internationalen Gemeinschaft gesetzten Zielmarke 2050 erreicht werden.<\/p>\n<p><strong>Vermeiden, verringern, kompensieren<\/strong><\/p>\n<p>Um Klimaneutralit\u00e4t f\u00fcr das gesamte Unternehmen inklusive aller Produkte zu erreichen, wird die Haaner Felsenquelle CO2-Emissionen vermeiden, verringern und dann kompensieren. \u201eZu den Ma\u00dfnahmen geh\u00f6ren unter anderem die Umstellung unserer Gabelstapler von Gas auf Elektro, W\u00e4rmer\u00fcckgewinnung in der Produktion, der Ausbau von Photovoltaik auf dem Dach und die Umstellung auf LED-Beleuchtung\u201c, so Thomas R\u00f6mer, ebenfalls Gesch\u00e4ftsf\u00fchrer der Haaner Felsenquelle.<\/p>\n<p>Zudem sollen zus\u00e4tzlich viele kleinere Hebel gedr\u00fcckt werden. Ferner gibt es einen Leitfaden zum Umgang mit Energie und Abfallentsorgung oder das Angebot der Nutzung eines \u201eJob-Rads\u201c f\u00fcr die Mitarbeiter.<\/p>\n<p>Um den CO2-Fu\u00dfabdruck zu ermitteln, lie\u00df der Haaner Mineralbrunnen seine CO2-Emissionen von ClimatePartner, einem unabh\u00e4ngigen Anbieter und Berater f\u00fcr Klimaschutzl\u00f6sungen, ermitteln und eine Klima-Bilanz aufstellen. Dabei wird zum einen das gesamte Unternehmen betrachtet \u2013 gro\u00dfe Posten wie Heizung und Energie sowie kleinere wie Mitarbeiteranfahrt oder B\u00fcromaterial \u2013 und zum anderen die vollst\u00e4ndige Herstellungskette der Produkte.<\/p>\n<p>\u201eAlso alles von der Entstehung der Flasche \u00fcber die Abf\u00fcllung, den Transportweg zum Getr\u00e4nkemarkt bis hin zum Recycling-Kreislauf\u201c, erkl\u00e4rt R\u00f6mer weiter. \u201e\u00dcberall, wo es m\u00f6glich ist, werden CO2-Emissionen schrittweise vermieden oder reduziert.\u201c Alle bislang unvermeidbaren Emissionen werden dann durch die Unterst\u00fctzung eines international anerkannten Klimaschutzprojektes ausgeglichen.<\/p>\n<\/div>\n<\/div>\n<\/div>\n<div class=\"page\" title=\"Page 2\">\n<div class=\"layoutArea\">\n<div class=\"column\">\n<p>\u201eWir haben uns entschieden, ein zertifiziertes Waldschutzprojekt im bedrohten Amazonasgebiet Madre de Dios in Peru zu unterst\u00fctzen\u201c, berichtet Stephan R\u00f6mer. Das Projekt sch\u00fctzt ein 100.000 Hektar gro\u00dfes Gebiet und hilft den lokalen Gemeinden, es nachhaltig zu bewirtschaften und einen wichtigen CO2-Speicher des Planeten zu erhalten.<\/p>\n<p>\u201eAber nat\u00fcrlich wollen wir uns ausdr\u00fccklich noch st\u00e4rker f\u00fcr regionale Projekte vor unserer Haust\u00fcr engagieren und Aufforstungsprojekte im Bergischen Land umsetzen. Schlie\u00dflich ist eine intakte Umwelt f\u00fcr unser nat\u00fcrliches Mineralwasser die Grundvoraussetzung. Deshalb und weil uns unsere Heimat am Herzen liegt, werden wir auch in Zukunft das Thema Nachhaltigkeit vor allem regional in den Fokus stellen.\u201c<\/p>\n<div class=\"page\" title=\"Page 2\">\n<div class=\"layoutArea\">\n<div class=\"column\">\n<p><strong>\u00dcber die Haaner Felsenquelle<\/strong><\/p>\n<p>\u201eBewusst Bergisch\u201c, bewusst famili\u00e4r, bewusst nachhaltig \u2013 das ist das Traditionsunternehmen Haaner Felsenquelle. Schon seit 1909 wird \u201edat joode Water\u201c in Flaschen gef\u00fcllt und von Haan in die Region geliefert. Als einziger Mineralbrunnen im Bergischen Land ist die Haaner Felsenquelle heute ein wichtiger Nahversorger f\u00fcr die Region sowie f\u00fcr die rheinischen Metropolen K\u00f6ln und D\u00fcsseldorf.<\/p>\n<p>Das umfangreiche Produktsortiment basiert auf zwei starken Mineralwassermarken, die sich in ihrem Charakter, der Mineralisierung und dem Kohlens\u00e4uregehalt unterscheiden: \u201eHaaner Felsenquelle\u201c mit und \u201eBergische Waldquelle\u201c ohne Kohlens\u00e4ure. K\u00f6stliche Erfrischungsgetr\u00e4nke, die \u2013 anders als die meisten Produkte auf dem Getr\u00e4nkemarkt \u2013 mit nat\u00fcrlichem Mineralwasser hergestellt werden, erg\u00e4nzen das Portfolio.<\/p>\n<p>Eine bewusst regionale Vermarktung sorgt f\u00fcr kurze Transportwege und schont so die Umwelt und das Klima. Die Leidenschaft f\u00fcr das Bergische Land und seine Menschen bildet einen wichtigen Baustein der Unternehmensphilosophie der Inhaber Gabriele und Helmut R\u00f6mer sowie der nachfolgenden Generation Thomas und Stephan R\u00f6mer.<\/p>\n<p>Mehr Informationen:\u00a0<a href=\"http:\/\/www.haanerfelsenquelle.de\">http:\/\/www.haanerfelsenquelle.de<\/a><\/p>\n<\/div>\n<\/div>\n<\/div>\n<p>&nbsp;<\/p>\n<\/div>\n<\/div>\n<\/div>\n","protected":false},"excerpt":{"rendered":"<p>Die Haaner Felsenquelle, einziger Mineralbrunnen im Bergischen Land, ist bereits ab 2021 klimaneutral. Dieser wichtige Meilenstein wird von dem Familienunternehmen weit vor den jeweiligen Zielsetzungen der internationalen Gemeinschaft sowie des VDM (Verband Deutscher Mineralbrunnen) und der GDB (Genossenschaft Deutscher Brunnen) erreicht.<\/p>\n","protected":false},"author":7,"featured_media":0,"comment_status":"open","ping_status":"closed","sticky":false,"template":"","format":"standard","meta":{"footnotes":""},"categories":[22],"tags":[],"class_list":["post-34068","post","type-post","status-publish","format-standard","hentry","category-wirtschaft"],"publishpress_future_action":{"enabled":false,"date":"2026-05-07 20:14:03","action":"change-status","newStatus":"draft","terms":[],"taxonomy":"category","extraData":[]},"publishpress_future_workflow_manual_trigger":{"enabledWorkflows":[]},"_links":{"self":[{"href":"https:\/\/www.die-stadtzeitung.de\/index.php\/wp-json\/wp\/v2\/posts\/34068","targetHints":{"allow":["GET"]}}],"collection":[{"href":"https:\/\/www.die-stadtzeitung.de\/index.php\/wp-json\/wp\/v2\/posts"}],"about":[{"href":"https:\/\/www.die-stadtzeitung.de\/index.php\/wp-json\/wp\/v2\/types\/post"}],"author":[{"embeddable":true,"href":"https:\/\/www.die-stadtzeitung.de\/index.php\/wp-json\/wp\/v2\/users\/7"}],"replies":[{"embeddable":true,"href":"https:\/\/www.die-stadtzeitung.de\/index.php\/wp-json\/wp\/v2\/comments?post=34068"}],"version-history":[{"count":4,"href":"https:\/\/www.die-stadtzeitung.de\/index.php\/wp-json\/wp\/v2\/posts\/34068\/revisions"}],"predecessor-version":[{"id":34078,"href":"https:\/\/www.die-stadtzeitung.de\/index.php\/wp-json\/wp\/v2\/posts\/34068\/revisions\/34078"}],"wp:attachment":[{"href":"https:\/\/www.die-stadtzeitung.de\/index.php\/wp-json\/wp\/v2\/media?parent=34068"}],"wp:term":[{"taxonomy":"category","embeddable":true,"href":"https:\/\/www.die-stadtzeitung.de\/index.php\/wp-json\/wp\/v2\/categories?post=34068"},{"taxonomy":"post_tag","embeddable":true,"href":"https:\/\/www.die-stadtzeitung.de\/index.php\/wp-json\/wp\/v2\/tags?post=34068"}],"curies":[{"name":"wp","href":"https:\/\/api.w.org\/{rel}","templated":true}]}}