{"id":34054,"date":"2021-03-05T12:22:55","date_gmt":"2021-03-05T11:22:55","guid":{"rendered":"https:\/\/www.die-stadtzeitung.de\/?p=34054"},"modified":"2021-03-09T10:31:32","modified_gmt":"2021-03-09T09:31:32","slug":"uni-neuer-professor-fuer-didaktik-des-englischen","status":"publish","type":"post","link":"https:\/\/www.die-stadtzeitung.de\/index.php\/2021\/03\/05\/uni-neuer-professor-fuer-didaktik-des-englischen\/","title":{"rendered":"Uni: Neuer Professor f\u00fcr Didaktik des Englischen"},"content":{"rendered":"<div class=\"header\">\n<div id=\"attachment_34056\" class=\"wp-caption alignnone\" style=\"max-width: 1034px;\"><img loading=\"lazy\" decoding=\"async\" class=\"size-large wp-image-34056\" src=\"\/wp-content\/uploads\/2021\/03\/Gerlach_2016_var1-2-1024x873.jpg\" alt=\"\" width=\"1024\" height=\"873\" \/><span class=\"wp-caption-text\">Prof. David Gerlach &#8211; \u00a9 Bergische Universit\u00e4t<\/span><\/div>\n<\/div>\n<div id=\"c28324\" class=\"csc-default\">\n<div class=\"csc-textpic csc-textpic-intext-left csc-textpic-equalheight\">\n<div class=\"csc-textpic-text\">\n<p class=\"bodytext\">Dar\u00fcber hinaus forscht er zu sprachdidaktischen Fragestellungen, insbesondere Lese- und Schreibkompetenz, Lernschwierigkeiten sowie Heterogenit\u00e4t, Diversit\u00e4t und Inklusion im Fremdsprachenunterricht und in der Fremdsprachenlehrer*innenbildung.<\/p>\n<p class=\"bodytext\">Prof. Gerlach sagt: \u201eMeine Schwerpunkte finden sich auch in meiner Internationalisierungsarbeit wieder mit Projektpartner*innen in den skandinavischen L\u00e4ndern, den USA, S\u00fcdamerika und Australien. Besonders \u2013 aber nicht nur \u2013 f\u00fcr Studierende der Fremdsprachen sind Auslandserfahrungen nat\u00fcrlich h\u00f6chst bedeutsam und f\u00fcr internationale Forschungskooperationen essenziell. Wir m\u00fcssen aber auch f\u00fcr die Zukunft bewerten, wie wir diese Kooperationen und Austauscherfahrungen auch unter Pandemiebedingungen weiter intensivieren und nutzen k\u00f6nnen.\u201c<\/p>\n<p class=\"bodytext\">Prof. Gerlach studierte Englisch und Biologie auf Lehramt f\u00fcr Gymnasien an der Philipps-Universit\u00e4t Marburg, wo er \u2013 nach Absolvieren des Vorbereitungsdienstes \u2013 im Jahr 2013 auch promoviert wurde. Mit einem Stipendium der Studienstiftung des deutschen Volkes besch\u00e4ftigte er sich in seiner Doktorarbeit mit der Konzeption und Evaluation eines Interventionsprogramms f\u00fcr lese-rechtschreib-schwache Englischlernende.<\/p>\n<p class=\"bodytext\">Ab Herbst 2013 bis zu seiner Berufung nach Wuppertal war David Gerlach wissenschaftlicher Mitarbeiter am Lehrstuhl f\u00fcr Allgemeine Didaktik und Sprachlehrforschung an der Philipps-Universit\u00e4t Marburg. Von Oktober 2017 bis M\u00e4rz 2019 vertrat er zwischenzeitlich die Professur f\u00fcr Englischdidaktik an der Universit\u00e4t Regensburg.<\/p>\n<p class=\"bodytext\">Der 37-J\u00e4hrige habilitierte sich 2019 mit einer rekonstruktiven Arbeit zur Handlungspraxis von Ausbildungskr\u00e4ften im fremdsprachendidaktischen Vorbereitungsdienst. \u201eTats\u00e4chlich war ein Ansporn f\u00fcr diese Untersuchung mein eigenes Referendariat. Es ging darum herauszufinden, was da \u00fcberhaupt passiert, wenn Fachleiter und Fachleiterinnen \u00fcber ihre T\u00e4tigkeit sprechen. Im Grunde genommen war die Forschungsfrage zun\u00e4chst recht simpel: Was machen Lehrerbildner und Lehrerbildnerinnen \u00fcberhaupt da in dieser zweiten Phase, die von angehenden Lehrkr\u00e4ften ja nicht selten kritisch gesehen wird\u201c, beschreibt Gerlach das Erkenntnisinteresse seines im vergangenen Jahr auch ver\u00f6ffentlichten Habilitationsprojekts.<\/p>\n<p class=\"bodytext\">Der geb\u00fcrtige Winterberger hat neben seiner Lehr- und Forschungst\u00e4tigkeit zahlreiche \u00c4mter inne. Er ist unter anderem Mitglied des Beirats der Deutschen Gesellschaft f\u00fcr Fremdsprachenforschung, einer der Gr\u00fcnder und Koordinatoren der\u00a0Forschungsgemeinschaft f\u00fcr Rekonstruktive Fremdsprachenforschung\u00a0sowie Mitherausgeber der\u00a0gleichnamigen Zeitschrift. Als Projektleiter von <a class=\"external-link-new-window\" href=\"https:\/\/alphaprof.de\/\" target=\"_blank\" rel=\"noopener noreferrer\">\u201ealphaPROF\u201c<\/a> entwickelte er zudem eine kostenfreie Online-Weiterbildungsplattform f\u00fcr Lehrkr\u00e4fte zu Lernschwierigkeiten.<\/p>\n<p class=\"bodytext\">Seine Professur will Dr. David Gerlach in den kommenden Jahren insbesondere im Feld der fachdidaktischen\/fremdsprachendidaktischen Professionsforschung und damit verbundenen Fragestellungen verorten und Projekte in diesem Feld entwickeln und weiter vorantreiben.<\/p>\n<p class=\"bodytext\"><a href=\"https:\/\/www.anglistik.uni-wuppertal.de\/de\/ueber-uns\/personal\/gerlach.html\" target=\"_self\" rel=\"noopener noreferrer\">www.anglistik.uni-wuppertal.de<\/a><\/p>\n<\/div>\n<\/div>\n<\/div>\n","protected":false},"excerpt":{"rendered":"<p>Dr. David Gerlach ist neuer Professor f\u00fcr Didaktik des Englischen an der Bergischen Universit\u00e4t Wuppertal. Ein Schwerpunkt seiner Forschungst\u00e4tigkeit liegt im Bereich der Professionalit\u00e4t und Professionalisierung von Englischlehrkr\u00e4ften.<\/p>\n","protected":false},"author":7,"featured_media":0,"comment_status":"open","ping_status":"closed","sticky":false,"template":"","format":"standard","meta":{"footnotes":""},"categories":[27],"tags":[],"class_list":["post-34054","post","type-post","status-publish","format-standard","hentry","category-wissen"],"publishpress_future_action":{"enabled":false,"date":"2026-05-04 17:41:34","action":"change-status","newStatus":"draft","terms":[],"taxonomy":"category","extraData":[]},"publishpress_future_workflow_manual_trigger":{"enabledWorkflows":[]},"_links":{"self":[{"href":"https:\/\/www.die-stadtzeitung.de\/index.php\/wp-json\/wp\/v2\/posts\/34054","targetHints":{"allow":["GET"]}}],"collection":[{"href":"https:\/\/www.die-stadtzeitung.de\/index.php\/wp-json\/wp\/v2\/posts"}],"about":[{"href":"https:\/\/www.die-stadtzeitung.de\/index.php\/wp-json\/wp\/v2\/types\/post"}],"author":[{"embeddable":true,"href":"https:\/\/www.die-stadtzeitung.de\/index.php\/wp-json\/wp\/v2\/users\/7"}],"replies":[{"embeddable":true,"href":"https:\/\/www.die-stadtzeitung.de\/index.php\/wp-json\/wp\/v2\/comments?post=34054"}],"version-history":[{"count":3,"href":"https:\/\/www.die-stadtzeitung.de\/index.php\/wp-json\/wp\/v2\/posts\/34054\/revisions"}],"predecessor-version":[{"id":34058,"href":"https:\/\/www.die-stadtzeitung.de\/index.php\/wp-json\/wp\/v2\/posts\/34054\/revisions\/34058"}],"wp:attachment":[{"href":"https:\/\/www.die-stadtzeitung.de\/index.php\/wp-json\/wp\/v2\/media?parent=34054"}],"wp:term":[{"taxonomy":"category","embeddable":true,"href":"https:\/\/www.die-stadtzeitung.de\/index.php\/wp-json\/wp\/v2\/categories?post=34054"},{"taxonomy":"post_tag","embeddable":true,"href":"https:\/\/www.die-stadtzeitung.de\/index.php\/wp-json\/wp\/v2\/tags?post=34054"}],"curies":[{"name":"wp","href":"https:\/\/api.w.org\/{rel}","templated":true}]}}