{"id":34038,"date":"2021-03-06T18:02:32","date_gmt":"2021-03-06T17:02:32","guid":{"rendered":"https:\/\/www.die-stadtzeitung.de\/?p=34038"},"modified":"2021-03-06T18:02:32","modified_gmt":"2021-03-06T17:02:32","slug":"wsv-laesst-auch-schalkes-u23-keine-chance","status":"publish","type":"post","link":"https:\/\/www.die-stadtzeitung.de\/index.php\/2021\/03\/06\/wsv-laesst-auch-schalkes-u23-keine-chance\/","title":{"rendered":"WSV l\u00e4sst auch Schalkes  U23 keine Chance"},"content":{"rendered":"<div id=\"attachment_34041\" class=\"wp-caption alignnone\" style=\"max-width: 1034px;\"><img loading=\"lazy\" decoding=\"async\" class=\"size-large wp-image-34041\" src=\"\/wp-content\/uploads\/2021\/03\/classen-2020-Mar-6-0097-2-1024x702.jpg\" alt=\"\" width=\"1024\" height=\"702\" \/><span class=\"wp-caption-text\">Aramburu erzielt das 1:0 f\u00fcr den Wuppertaler SV &#8211; \u00a9 Jochen Classen<\/span><\/div>\n<p>In den ersten 25 Minuten gab es auf beiden Seiten noch keine zwingenden Torchancen. Das sollte sich in der 28. Minute aber zugunsten der Gastgeber \u00e4ndern. Nach einer Ecke legte Schorsch den Ball auf Aramburu ab und dieser dr\u00fcckte die Kugel \u00fcber die Schalker Torlinie. Der erste Treffer des Winter-Neuzugangs im WSV-Trikot.<\/p>\n<p>Mit 1:0 ging es auch in die Halbzeitpause. In der 53. Minute hatten Mannschaftskapit\u00e4n Tjorben Uphoff und seine Mannschaftskameraden wieder Grund zum Jubeln: Aramburu passte auf M\u00fcller und der verlud Schalkes Torh\u00fcter Ahlers mit einem Schuss in die kurze Ecke &#8211; 2:0 f\u00fcr den WSV und die Vorentscheidung.<\/p>\n<p>Schalke wehrte sich zwar gegen die Niederlage, brachte aber nichts Z\u00e4hlbares mehr zustande.<\/p>\n<p>Die Erfolgsserie des WSV geht weiter. Am kommenden Samstag (13.03.) m\u00fcssen die Wuppertaler um 14 Uhr beim Tabellensiebten SV R\u00f6dinghausen antreten.<\/p>\n<p><b>Aufstellung des WSV:<\/b><\/p>\n<p>Patzler &#8211; R\u00f6mling (68. Gencal), Uphoff (83. Ametov), M\u00fcller, Rodrigues Pires, Aramburu (58. Saric) , Schorch, Salau, Pytlik, Bender, K\u00f6nigs (88. Nessler).<\/p>\n<div id=\"attachment_34042\" class=\"wp-caption alignnone\" style=\"max-width: 1034px;\"><img loading=\"lazy\" decoding=\"async\" class=\"size-large wp-image-34042\" src=\"\/wp-content\/uploads\/2021\/03\/classen-2020-Mar-6-0124-1024x683.jpg\" alt=\"\" width=\"1024\" height=\"683\" \/><span class=\"wp-caption-text\">Joey M\u00fcller besorgt das 2:0 und damit die Entscheidung f\u00fcr den WSV &#8211; \u00a9 Jochen Classen<\/span><\/div>\n<p>&nbsp;<\/p>\n","protected":false},"excerpt":{"rendered":"<p>Der n\u00e4chste Sieg f\u00fcr den Wuppertaler SV! Die Sch\u00fctzlinge von Bj\u00f6rn Mehnert schlugen die U23 des FC Schalke 04 im Stadion am Zoo verdient mit 2:0 (1:0). Von 18 m\u00f6glichen Punkten holte der WSV nach der Weihnachtspause immerhin 15. Eine beeindruckende Leistung. Mit 31 Punkten ist der Wuppertaler Regionalligist derzeit Tabellen-Vierzehnter &#8211; und damit schon ein ganzes St\u00fcck vom Abstiegsstrudel entfernt.<\/p>\n","protected":false},"author":7,"featured_media":0,"comment_status":"open","ping_status":"closed","sticky":false,"template":"","format":"standard","meta":{"footnotes":""},"categories":[20],"tags":[],"class_list":["post-34038","post","type-post","status-publish","format-standard","hentry","category-sport"],"publishpress_future_action":{"enabled":false,"date":"2026-05-05 16:48:04","action":"change-status","newStatus":"draft","terms":[],"taxonomy":"category","extraData":[]},"publishpress_future_workflow_manual_trigger":{"enabledWorkflows":[]},"_links":{"self":[{"href":"https:\/\/www.die-stadtzeitung.de\/index.php\/wp-json\/wp\/v2\/posts\/34038","targetHints":{"allow":["GET"]}}],"collection":[{"href":"https:\/\/www.die-stadtzeitung.de\/index.php\/wp-json\/wp\/v2\/posts"}],"about":[{"href":"https:\/\/www.die-stadtzeitung.de\/index.php\/wp-json\/wp\/v2\/types\/post"}],"author":[{"embeddable":true,"href":"https:\/\/www.die-stadtzeitung.de\/index.php\/wp-json\/wp\/v2\/users\/7"}],"replies":[{"embeddable":true,"href":"https:\/\/www.die-stadtzeitung.de\/index.php\/wp-json\/wp\/v2\/comments?post=34038"}],"version-history":[{"count":3,"href":"https:\/\/www.die-stadtzeitung.de\/index.php\/wp-json\/wp\/v2\/posts\/34038\/revisions"}],"predecessor-version":[{"id":34043,"href":"https:\/\/www.die-stadtzeitung.de\/index.php\/wp-json\/wp\/v2\/posts\/34038\/revisions\/34043"}],"wp:attachment":[{"href":"https:\/\/www.die-stadtzeitung.de\/index.php\/wp-json\/wp\/v2\/media?parent=34038"}],"wp:term":[{"taxonomy":"category","embeddable":true,"href":"https:\/\/www.die-stadtzeitung.de\/index.php\/wp-json\/wp\/v2\/categories?post=34038"},{"taxonomy":"post_tag","embeddable":true,"href":"https:\/\/www.die-stadtzeitung.de\/index.php\/wp-json\/wp\/v2\/tags?post=34038"}],"curies":[{"name":"wp","href":"https:\/\/api.w.org\/{rel}","templated":true}]}}