{"id":33950,"date":"2021-03-02T16:44:34","date_gmt":"2021-03-02T15:44:34","guid":{"rendered":"https:\/\/www.die-stadtzeitung.de\/?p=33950"},"modified":"2022-02-04T17:49:01","modified_gmt":"2022-02-04T16:49:01","slug":"udo-dirkschneider-live-album-garantiert-gaensehaut","status":"publish","type":"post","link":"https:\/\/www.die-stadtzeitung.de\/index.php\/2021\/03\/02\/udo-dirkschneider-live-album-garantiert-gaensehaut\/","title":{"rendered":"Udo Dirkschneider: Live-Album garantiert G\u00e4nsehaut"},"content":{"rendered":"<div id=\"attachment_35420\" class=\"wp-caption alignnone\" style=\"max-width: 1034px;\"><img loading=\"lazy\" decoding=\"async\" class=\"size-large wp-image-35420\" src=\"\/wp-content\/uploads\/2021\/05\/DOG_A_P01_Udo-1024x735.jpg\" alt=\"\" width=\"1024\" height=\"735\" \/><span class=\"wp-caption-text\">Metal-Legende Udo Dirkschneider &#8211; \u00a9 Udo Dirkschneider<\/span><\/div>\n<p>Es gibt Ereignisse, die selbst f\u00fcr einen so erfahrenen Musiker wie Udo Dirkschneider, der bereits seit \u00fcber 40 Jahren im Showgesch\u00e4ft unterwegs ist, noch v\u00f6llig neue T\u00f6ne darstellen &#8211; wie das denkw\u00fcrdige Live-Konzert am 18. September 2020 in Plovdiv (Bulgarien), das unter Corona-Bedingungen stattfand.<\/p>\n<p>Die Gruppe um die deutsche Rock-Ikone Udo Dirkschneider (Originalstimme der Band &#8222;Accept&#8220; bzw. von Welthits wie \u201eBalls To Wall\u201c, \u201eMetal Heart\u201c uvm.) spielte an dem Tag ein Konzert im malerischen Antik-Theater des bulgarischen Plovdiv vor 2.500 begeisterten Fans. In einem Jahr, das f\u00fcr Musiker und Bands international das ruhigste und \u00a0ungew\u00f6hnlichste \u00fcberhaupt ihrer gesamten Karriere war.<\/p>\n<p>Die Show, die unter voller Einhaltung eines Corona-konformen Hygienekonzeptes stattfand, war eine der gr\u00f6\u00dften, die w\u00e4hrend der Corona-Pandemie weltweit \u00fcber die B\u00fchne gingen. Sie sorgte von Anfang bis Ende f\u00fcr pure G\u00e4nsehaut bei Musikern und Fans.<\/p>\n<p>Am 19. M\u00e4rz 2021 erscheint sie auf einer Live-DVD,- CD und &#8211; Bluray.\u00a0Die Stimmung, die auf der Live-DVD eingefangen wird, ist kaum in Worte zu fassen.<\/p>\n<p>Es ist das einzige Konzert, das die Musiker von U.D.O. im Corona-Jahr 2020 \u00fcberhaupt spielen. Die Band ist damit ein eindrucksvolles Beispiel daf\u00fcr, welche drastischen Folgen die Pandemie f\u00fcr die weltweite Kulturszene hat. In normalen Zeiten spielt U.D.O. rund 200 Konzerte Jahr &#8211; und das seit Jahrzehnten. Ich 2020 war alles anders.<\/p>\n<p>Bis wenige Tage vor dem Konzert in Plovdiv war gar nicht klar, ob es \u00fcberhaupt stattfinden konnte. War es \u00fcberhaupt m\u00f6glich, das geforderte das Hygienekonzept entsprechend umzusetzen? Konnte die Band, deren Musikern in vier verschiedenen L\u00e4ndern leben, \u00fcberhaupt komplett in Bulgarien einreisen? Gab es \u00a0\u00fcberhaupt Fl\u00fcge? Die Musiker hatten sich &#8211; was vorher noch nie gab &#8211; \u00fcber neun Monaten lang nicht gesehen, geschweige denn, gemeinsam geprobt. Wie w\u00fcrde sich das auf die Show auswirken?<\/p>\n<div id=\"attachment_33953\" class=\"wp-caption alignnone\" style=\"max-width: 710px;\"><img loading=\"lazy\" decoding=\"async\" class=\"size-full wp-image-33953\" src=\"\/wp-content\/uploads\/2021\/03\/udo-live-in-bulcaria-cover.jpg\" alt=\"\" width=\"700\" height=\"700\" \/><span class=\"wp-caption-text\">Das Cover der brandneuen Live-CD &#8211; \u00a9 U.D.O.<\/span><\/div>\n<p>\u201eEs hat sich mehr als komisch angef\u00fchlt, meine Mitmusiker so lange nicht zu sehen und nicht mit ihnen zu spielen\u201c, beschreibt Udo Dirkschneider seine Emotionen. \u201eNormal ist genau das der gr\u00f6\u00dfte Teil meines Lebens. Der war pl\u00f6tzlich ausgeschaltet. Auch das Zwischenmenschliche, das gemeinsame Beisammensitzen, all das, was man abseits der B\u00fchne mit seinen Kollegen teilt, war pl\u00f6tzlich weg.\u201c<\/p>\n<p>Als die Band nach all diesen Irrungen und Wirrungen in Plovdiv endlich wieder zusammen auf der B\u00fchne stand und ihr eine nicht enden wollende Welle der Euphorie von Seiten des Publikums entgegen schwappte, war alles ein wenig wie im Traum. \u00a0\u201eWir haben einfach nur noch G\u00e4nsehaut gesp\u00fcrt\u201c, beschreibt Udo. \u201eMan sah den Leuten an, dass sie kaum glauben konnten, endlich wieder ein Konzert zu erleben. Die Stimmung, die von jedem einzelnen von denen und uns ausging, hat uns alle gegenseitig unglaublich befl\u00fcgelt. So etwas hat keiner von uns jemals zuvor erlebt.\u201c<\/p>\n<p>Es war ein Abend, der in die Musikgeschichte einging und allen Beteiligten f\u00fcr ein paar Stunden genau das sp\u00fcren lie\u00df, was eigentlich nur Musik vermitteln kann: Sich zusammengeh\u00f6rig zu f\u00fchlen, um f\u00fcr ein paar Stunden den Alltag und die Sorgen zu vergessen.<\/p>\n<p>Ein Abend, an dem insbesondere 2020 deutlich wird, welche wichtige Aufgabe die Kultur erf\u00fcllt und welche unbeschreibliche L\u00fccke sie hinterl\u00e4sst, wenn sie nicht stattfinden kann.<\/p>\n<p>Auch die Setlist war an diesem au\u00dfergew\u00f6hnlichen Abend einzigartig. Neben dem Tournee-Set der aktuellen \u201eSteelfactory\u201c-Tour pr\u00e4sentierten Udo Dirkschneider und seiner Musiker etliche bislang nur sehr selten live gespielte Songs. Und als besondere \u00dcberraschung &#8211; quasi als Zugabe &#8211; sogar noch einige alte Accept-Hits. Ein wahrlich denkw\u00fcrdiger Abend!<\/p>\n<p>Link zum erstern Videoclip \u201eMan and Machine\u201c:<\/p>\n<p><a href=\"https:\/\/www.youtube.com\/watch?v=tz_Z6u--E5o\">https:\/\/www.youtube.com\/watch?v=tz_Z6u&#8211;E5o<\/a><\/p>\n<p>Link zum Gucken der DVD:<\/p>\n<p><a href=\"https:\/\/www.afm-records.de\/ftp\/files\/videos\/UDO_LIVE_IN_BULGARIA.LQ_4Mbit.mp4\">https:\/\/www.afm-records.de\/ftp\/files\/videos\/UDO_LIVE_IN_BULGARIA.LQ_4Mbit.mp4<\/a><\/p>\n<p>Audio:<\/p>\n<p><a href=\"https:\/\/www.dropbox.com\/sh\/1shc2qqcnv6c4qt\/AADBc58yYa4rmCao2KaoYwnTa?dl=0\">https:\/\/www.dropbox.com\/sh\/1shc2qqcnv6c4qt\/AADBc58yYa4rmCao2KaoYwnTa?dl=0<\/a><\/p>\n<p>Band:\u00a0<a href=\"http:\/\/www.udo-online.de\/\">www.udo-online.de<\/a><\/p>\n<p><a href=\"https:\/\/www.facebook.com\/udoonline\">https:\/\/www.facebook.com\/udoonline<\/a><\/p>\n<p>Label:\u00a0<a href=\"http:\/\/www.afm-records.de\/\">www.afm-records.de<\/a><\/p>\n","protected":false},"excerpt":{"rendered":"<p>Die brandneue Live-DVD\/CD \u201eLive In Bulgaria \u2013 Pandemic Survival Show\u201c von Metal-Legende Udo Dirkschneider und seiner Band U.D.O. erscheint am 19. M\u00e4rz. Es ist das Dokument einer der au\u00dfergew\u00f6hnlichsten Shows, die w\u00e4hrend der Corona-Pandemie \u00fcber die B\u00fchne gingen und somit Zeitdokument eines so zuvor hier erlebten surreales Kulturlebens.<\/p>\n","protected":false},"author":7,"featured_media":0,"comment_status":"open","ping_status":"closed","sticky":false,"template":"","format":"standard","meta":{"footnotes":""},"categories":[29],"tags":[],"class_list":["post-33950","post","type-post","status-publish","format-standard","hentry","category-kultur"],"publishpress_future_action":{"enabled":false,"date":"2026-05-05 12:11:09","action":"change-status","newStatus":"draft","terms":[],"taxonomy":"category","extraData":[]},"publishpress_future_workflow_manual_trigger":{"enabledWorkflows":[]},"_links":{"self":[{"href":"https:\/\/www.die-stadtzeitung.de\/index.php\/wp-json\/wp\/v2\/posts\/33950","targetHints":{"allow":["GET"]}}],"collection":[{"href":"https:\/\/www.die-stadtzeitung.de\/index.php\/wp-json\/wp\/v2\/posts"}],"about":[{"href":"https:\/\/www.die-stadtzeitung.de\/index.php\/wp-json\/wp\/v2\/types\/post"}],"author":[{"embeddable":true,"href":"https:\/\/www.die-stadtzeitung.de\/index.php\/wp-json\/wp\/v2\/users\/7"}],"replies":[{"embeddable":true,"href":"https:\/\/www.die-stadtzeitung.de\/index.php\/wp-json\/wp\/v2\/comments?post=33950"}],"version-history":[{"count":6,"href":"https:\/\/www.die-stadtzeitung.de\/index.php\/wp-json\/wp\/v2\/posts\/33950\/revisions"}],"predecessor-version":[{"id":49929,"href":"https:\/\/www.die-stadtzeitung.de\/index.php\/wp-json\/wp\/v2\/posts\/33950\/revisions\/49929"}],"wp:attachment":[{"href":"https:\/\/www.die-stadtzeitung.de\/index.php\/wp-json\/wp\/v2\/media?parent=33950"}],"wp:term":[{"taxonomy":"category","embeddable":true,"href":"https:\/\/www.die-stadtzeitung.de\/index.php\/wp-json\/wp\/v2\/categories?post=33950"},{"taxonomy":"post_tag","embeddable":true,"href":"https:\/\/www.die-stadtzeitung.de\/index.php\/wp-json\/wp\/v2\/tags?post=33950"}],"curies":[{"name":"wp","href":"https:\/\/api.w.org\/{rel}","templated":true}]}}