{"id":33844,"date":"2021-03-02T13:58:22","date_gmt":"2021-03-02T12:58:22","guid":{"rendered":"https:\/\/www.die-stadtzeitung.de\/?p=33844"},"modified":"2022-01-24T09:42:32","modified_gmt":"2022-01-24T08:42:32","slug":"ob-schneidewind-im-praesidium-des-deutschen-staedtetages","status":"publish","type":"post","link":"https:\/\/www.die-stadtzeitung.de\/index.php\/2021\/03\/02\/ob-schneidewind-im-praesidium-des-deutschen-staedtetages\/","title":{"rendered":"OB Schneidewind im Pr\u00e4sidium des Deutschen St\u00e4dtetages"},"content":{"rendered":"<div id=\"attachment_43729\" class=\"wp-caption alignnone\" style=\"max-width: 1034px;\"><img loading=\"lazy\" decoding=\"async\" class=\"size-large wp-image-43729\" src=\"\/wp-content\/uploads\/2021\/11\/Wuppertals-Oberbuergermeister-Uwe-Schneidewind-und-das-En-gels-Ampelmannch...-1-1024x681.jpg\" alt=\"\" width=\"1024\" height=\"681\" \/><span class=\"wp-caption-text\">OB Dr. Uwe Schneidewind mit der Engels-Folie, die in die Ampel eingebaut wird &#8211; \u00a9 Gerd \/ Stadt Wuppertal<\/span><\/div>\n<p>Der Deutsche St\u00e4dtetag vertritt rund 3.400 St\u00e4dte und Gemeinden mit nahezu 42 Millionen Einwohnern.<span class=\"Apple-converted-space\">\u00a0<\/span><\/p>\n<p>Oberb\u00fcrgermeister Dr. Schneidewind strahlte nach seiner Wahl: &#8222;Es freut mich, dass Wuppertal damit auf allen Ebenen dieser wichtigen Interessenvertretung eine Stimme hat. Ser St\u00e4dtetag hat zentrale Bedeutung, weil er die Positionen der Kommunen zur Bew\u00e4ltigung von Zukunftsaufgaben sehr kraftvoll in den Dialog mit Bund und L\u00e4ndern bringt. Gerade auch in der Pandemie erleben wir t\u00e4glich, wie wichtig ein starkes gemeinsames Vorgehen der Kommunen ist.\u201c<\/p>\n<p>Die zweite Auszeichnung f\u00fcr Prof. Dr. Uwe Schneidewind als Wupertaler Stadtoberhaupt. Zuvor war er schon in den Vorstand des St\u00e4dtetages NRW berufen worden.<\/p>\n","protected":false},"excerpt":{"rendered":"<p>Seine Stimme hat Gewicht! Wuppertals Oberb\u00fcrgermeister Prof. Dr. Uwe Schneidewind ist ins Pr\u00e4sidium des Deutschen St\u00e4dtetages, dem h\u00f6chsten bundesweiten Gremium der Kommunen, gew\u00e4hlt worden. Deer Interessengemeinschaft geh\u00f6ren insgesamt 35 Mitglieder an, darunter Leiptzigs OB Burkhard Jung als Vorsitzender und M\u00fcnsters OB Markus Lewe als Stellvertreter.<\/p>\n","protected":false},"author":7,"featured_media":0,"comment_status":"open","ping_status":"closed","sticky":false,"template":"","format":"standard","meta":{"footnotes":""},"categories":[26],"tags":[],"class_list":["post-33844","post","type-post","status-publish","format-standard","hentry","category-politik"],"publishpress_future_action":{"enabled":false,"date":"2026-05-07 23:16:16","action":"change-status","newStatus":"draft","terms":[],"taxonomy":"category","extraData":[]},"publishpress_future_workflow_manual_trigger":{"enabledWorkflows":[]},"_links":{"self":[{"href":"https:\/\/www.die-stadtzeitung.de\/index.php\/wp-json\/wp\/v2\/posts\/33844","targetHints":{"allow":["GET"]}}],"collection":[{"href":"https:\/\/www.die-stadtzeitung.de\/index.php\/wp-json\/wp\/v2\/posts"}],"about":[{"href":"https:\/\/www.die-stadtzeitung.de\/index.php\/wp-json\/wp\/v2\/types\/post"}],"author":[{"embeddable":true,"href":"https:\/\/www.die-stadtzeitung.de\/index.php\/wp-json\/wp\/v2\/users\/7"}],"replies":[{"embeddable":true,"href":"https:\/\/www.die-stadtzeitung.de\/index.php\/wp-json\/wp\/v2\/comments?post=33844"}],"version-history":[{"count":3,"href":"https:\/\/www.die-stadtzeitung.de\/index.php\/wp-json\/wp\/v2\/posts\/33844\/revisions"}],"predecessor-version":[{"id":45550,"href":"https:\/\/www.die-stadtzeitung.de\/index.php\/wp-json\/wp\/v2\/posts\/33844\/revisions\/45550"}],"wp:attachment":[{"href":"https:\/\/www.die-stadtzeitung.de\/index.php\/wp-json\/wp\/v2\/media?parent=33844"}],"wp:term":[{"taxonomy":"category","embeddable":true,"href":"https:\/\/www.die-stadtzeitung.de\/index.php\/wp-json\/wp\/v2\/categories?post=33844"},{"taxonomy":"post_tag","embeddable":true,"href":"https:\/\/www.die-stadtzeitung.de\/index.php\/wp-json\/wp\/v2\/tags?post=33844"}],"curies":[{"name":"wp","href":"https:\/\/api.w.org\/{rel}","templated":true}]}}