{"id":33782,"date":"2021-02-25T09:35:57","date_gmt":"2021-02-25T08:35:57","guid":{"rendered":"https:\/\/www.die-stadtzeitung.de\/?p=33782"},"modified":"2021-02-25T09:36:47","modified_gmt":"2021-02-25T08:36:47","slug":"kindertal-charitybox-gutes-essen-und-gutes-tun","status":"publish","type":"post","link":"https:\/\/www.die-stadtzeitung.de\/index.php\/2021\/02\/25\/kindertal-charitybox-gutes-essen-und-gutes-tun\/","title":{"rendered":"Kindertal-Charitybox: Gutes essen und Gutes tun"},"content":{"rendered":"<div class=\"page\" title=\"Page 1\">\n<div class=\"layoutArea\">\n<div class=\"column\">\n<div id=\"attachment_33787\" class=\"wp-caption alignnone\" style=\"max-width: 1034px;\"><img loading=\"lazy\" decoding=\"async\" class=\"size-large wp-image-33787\" src=\"\/wp-content\/uploads\/2021\/02\/CHARITYBOX_Gruppenfoto_PetraFiedler-2-1024x675.jpg\" alt=\"\" width=\"1024\" height=\"675\" \/><span class=\"wp-caption-text\">Das Charitybox-Team &#8211; \u00a9 Catering am Brill<\/span><\/div>\n<p>Fabian Timmer und Tobias Pawellek von &#8222;Catering am Brill&#8220; erkl\u00e4ren ihre Aktion: &#8222;Trotz aller Lockdown-Probleme haben wir,\u00a0die Gastronomien\u00a0bisher versucht, das Beste aus der Situation zu machen und Abholangebote geschaffen, die von Ihnen auch rege in Anspruch genommen wurden. Daher m\u00f6chten wir uns an dieser Stelle herzlich f\u00fcr die gro\u00dfe Unterst\u00fctzung bedanken.\u00a0Nun haben wir es uns trotz der weiter anhaltenden Krise zum Ziel gesetzt, diese Unterst\u00fctzung, die wir erfahren durften, zur\u00fcckzugeben.\u00a0Getreu dem Motto: Von Wuppertalern f\u00fcr Wuppertaler!&#8220;<\/p>\n<p>Gemeinsam mit weiteren Partnern haben Fabian Timmer und Tobias Pawellek eine &#8222;Charitybox&#8220; entwickelt. Das Besondere hieran: S\u00e4mtliche \u00dcbersch\u00fcsse (lediglich die Kosten der Lebensmittel m\u00fcssen gedeckt sein), die erzielt werden, kommen der &#8222;Aktion Kindertal&#8220; in Kooperation mit Radio Wuppertal zugute.<\/p>\n<p>Das Gastronomen-Duo: &#8222;Wie wir alle wissen sind gerade die schw\u00e4chsten Kinder unserer Gesellschaft stark betroffen von der derzeitigen Situation &#8211; und wir hoffen, dass wir so gemeinsam mit Ihnen zumindest zu einem kleinen Teil zur Linderung der Probleme beitragen k\u00f6nnen.&#8220;<\/p>\n<\/div>\n<p><img loading=\"lazy\" decoding=\"async\" class=\"alignnone wp-image-33788\" src=\"\/wp-content\/uploads\/2021\/02\/Aufkleber_Charitybox-1024x485.jpg\" alt=\"\" width=\"314\" height=\"149\" \/><\/p>\n<\/div>\n<\/div>\n<div class=\"page\" title=\"Page 2\">\n<div class=\"layoutArea\">\n<div class=\"column\">\n<p>Die &#8222;Charitybox&#8220; ist immer ausgelegt f\u00fcr zwei Personen und wird Folgendes enthalten:<\/p>\n<p>Drei-Gang-Men\u00fc:<\/p>\n<p><strong>B\u00e4rlauch-Schaumsuppe<\/strong> &#8211; gegrillte Chorizo &#8211; Kresse 1805 by Catering am Brill<\/p>\n<p>R\u00f6stzwiebelbrot von der Wuppertaler B\u00e4ckerei Polick<\/p>\n<p>1 kleine Flasche Jordan Oliven\u00f6l<br \/>\n1 Glas Jordan Kalamata Oliven<br \/>\n1 Dose Just Spices Stullengew\u00fcrz<\/p>\n<p>1 Flasche 2020 Chardonnay &#8211; Weingut Ellermann-Spiegel &#8211; Pfalz<\/p>\n<p><strong>Ochsenb\u00e4ckchen<\/strong> &#8211;\u00a0sanft geschmort &#8211; Tr\u00fcffeljus &#8211; wilder Brokkoli &#8211; Selleriecreme &#8211; Chips Restaurant 79\u00b0<\/p>\n<p><strong>Herzenssache<\/strong> &#8211;\u00a0Himbeermousse &#8211; Butterstreusel &#8211; Beerenfr\u00fcchte &#8211; Zitronenthymian-Gel &#8211; Restaurant Shiraz &#8211;\u00a02 Pralinen der Wuppertaler Manufaktur R\u00fcbel<\/p>\n<div class=\"page\" title=\"Page 1\">\n<div class=\"layoutArea\">\n<div class=\"column\">\n<p>KINDERTAL CHARITYBOX Gutes essen und Gutes tun 12. bis 14. M\u00e4rz 2021<\/p>\n<p>1805 by Catering am Brill, Restaurant 79\u00b0 und Restaurant Shiraz<\/p>\n<p>Infos, Preis und Bestellungen unter:<\/p>\n<p>Fon:\u00a0\u00a0\u00a0\u00a0 0202-30 18 62<\/p>\n<p>Fax:\u00a0\u00a0\u00a0\u00a0\u00a0 0202-30 39 88<\/p>\n<p><a href=\"mailto:info@cateringambrill.de\">info@cateringambrill.de<\/a><\/p>\n<p><a href=\"http:\/\/www.cateringambrill.de\">http:\/\/www.cateringambrill.de<\/a><\/p>\n<\/div>\n<\/div>\n<\/div>\n<div class=\"page\" title=\"Page 2\">\n<div class=\"layoutArea\">\n<div class=\"column\">\n<p>&nbsp;<\/p>\n<\/div>\n<\/div>\n<\/div>\n<p>&nbsp;<\/p>\n<\/div>\n<\/div>\n<\/div>\n","protected":false},"excerpt":{"rendered":"<p>Die Gastronomie ist durch die Corona-Pandemie besonders stark betroffen. Und noch ist kein Ende in Sicht. Viele Lokale versuchen an der Wupper, sich mit &#8222;To Go&#8220;-Angeboten und kreativen Aktionen \u00fcber Wasser zu halten. Die Teams von 1805 by Catering am Brill, Restaurant 79\u00b0 und Restaurant Shiraz haben sich da etwas ganz Besonderes einfallen lassen &#8211; die Benefiz-Aktion &#8222;Charitybox &#8211; Gutes essen und Gutes tun&#8220; zugunsten von &#8222;Kindertal e.V.&#8220;, die vom 12. &#8211; 14. M\u00e4rz geplant ist.<\/p>\n","protected":false},"author":7,"featured_media":0,"comment_status":"open","ping_status":"closed","sticky":false,"template":"","format":"standard","meta":{"footnotes":""},"categories":[24],"tags":[],"class_list":["post-33782","post","type-post","status-publish","format-standard","hentry","category-wuppertal"],"publishpress_future_action":{"enabled":false,"date":"2026-05-08 20:56:24","action":"change-status","newStatus":"draft","terms":[],"taxonomy":"category","extraData":[]},"publishpress_future_workflow_manual_trigger":{"enabledWorkflows":[]},"_links":{"self":[{"href":"https:\/\/www.die-stadtzeitung.de\/index.php\/wp-json\/wp\/v2\/posts\/33782","targetHints":{"allow":["GET"]}}],"collection":[{"href":"https:\/\/www.die-stadtzeitung.de\/index.php\/wp-json\/wp\/v2\/posts"}],"about":[{"href":"https:\/\/www.die-stadtzeitung.de\/index.php\/wp-json\/wp\/v2\/types\/post"}],"author":[{"embeddable":true,"href":"https:\/\/www.die-stadtzeitung.de\/index.php\/wp-json\/wp\/v2\/users\/7"}],"replies":[{"embeddable":true,"href":"https:\/\/www.die-stadtzeitung.de\/index.php\/wp-json\/wp\/v2\/comments?post=33782"}],"version-history":[{"count":5,"href":"https:\/\/www.die-stadtzeitung.de\/index.php\/wp-json\/wp\/v2\/posts\/33782\/revisions"}],"predecessor-version":[{"id":33790,"href":"https:\/\/www.die-stadtzeitung.de\/index.php\/wp-json\/wp\/v2\/posts\/33782\/revisions\/33790"}],"wp:attachment":[{"href":"https:\/\/www.die-stadtzeitung.de\/index.php\/wp-json\/wp\/v2\/media?parent=33782"}],"wp:term":[{"taxonomy":"category","embeddable":true,"href":"https:\/\/www.die-stadtzeitung.de\/index.php\/wp-json\/wp\/v2\/categories?post=33782"},{"taxonomy":"post_tag","embeddable":true,"href":"https:\/\/www.die-stadtzeitung.de\/index.php\/wp-json\/wp\/v2\/tags?post=33782"}],"curies":[{"name":"wp","href":"https:\/\/api.w.org\/{rel}","templated":true}]}}