{"id":33778,"date":"2021-02-25T09:54:47","date_gmt":"2021-02-25T08:54:47","guid":{"rendered":"https:\/\/www.die-stadtzeitung.de\/?p=33778"},"modified":"2021-02-25T09:54:45","modified_gmt":"2021-02-25T08:54:45","slug":"10-gegen-aachen-dritter-wsv-sieg-in-folge","status":"publish","type":"post","link":"https:\/\/www.die-stadtzeitung.de\/index.php\/2021\/02\/25\/10-gegen-aachen-dritter-wsv-sieg-in-folge\/","title":{"rendered":"1:0 gegen Aachen &#8211; dritter WSV-Sieg in Folge"},"content":{"rendered":"<div id=\"attachment_33780\" class=\"wp-caption alignnone\" style=\"max-width: 1034px;\"><img loading=\"lazy\" decoding=\"async\" class=\"size-large wp-image-33780\" src=\"\/wp-content\/uploads\/2021\/02\/classen-2020-Feb-24-0029-2-1024x755.jpg\" alt=\"\" width=\"1024\" height=\"755\" \/><span class=\"wp-caption-text\">Jonas Erwig-Dr\u00fcppel im Zweikampf &#8211; \u00a9 Jochen Classen<\/span><\/div>\n<p>Im Vergleich zum letzten Auftritt im Januar gegen den SV Lippstadt baute Bj\u00f6rn Mehnert seine Mannschaft auf einer Position um. F\u00fcr Joey Paul M\u00fcller stellte er Jonas Erwig-Dr\u00fcppel in die Startelf. Bei den G\u00e4sten stand mit Joshua Mro\u00df ein ehemaliger WSV-Spieler im Tor.<\/p>\n<p>Bei fr\u00fchlingshaften Temperaturen konnte der WSV schon fr\u00fch jubeln. In der 9. Minute st\u00fcrmte Jonas Erwig-Dr\u00fcppel \u00fcber\u00a0die linke Angriffsseite in den Aachener Strafraum. Dort wurde er von Marco M\u00fcller gefoult. Elfmeter! Den Strafsto\u00df verwandelte verwandelte Kevin Rodrigues Pires sicher. Zwei Minuten sp\u00e4ter kamen die Aachener zu ihrem ersten Torabschluss per Freisto\u00df durch Stipe Batarilo-Cerdic aus gut 25 Metern. Kein Problem f\u00fcr WSV-Torh\u00fcter Sebastian Patzler.<\/p>\n<p>Die G\u00e4ste versuchten, das Spiel zu beherrschen. Nach einer Viertelstunde \u00fcbernahmen die Gastgeber mehr und mehr das Kommando. Nach einem Querschl\u00e4ger in der Aachener Abwehr kam Burak Gencal an den Ball, scheiterte jedoch an Torh\u00fcter Mro\u00df (17.). Mit dem knappen Vorsprung ging es in die Kabinen.<\/p>\n<p>Nach dem Wechsel hatten beide Mannschaften ihre Torm\u00f6glichkeiten. Doch den Gastgebern gelang es, den knappen Vorsprung \u00fcber die Zeit zu retten. Jubel beim WSV nach neun Punkte in drei Spielen. Die Abstiegspl\u00e4tze hat der Regionalligist inzwischen verlassen.<\/p>\n<p><strong>Aufstellung Wuppertaler SV:<\/strong><\/p>\n<p>31 Sebastian Patzler \u2013 28 Lars Bender, 15 Christopher Schorch, 21 Noah Salau, 3 Moritz R\u00f6mling \u2013 5 Tjorben Uphoff \u2013 11 Jonas Erwig-Dr\u00fcppel (83. 14 Mateo Aramburu), 10 Kevin Rodrigues Pires (67. 6 Joey Paul M\u00fcller), 53 Burak Gencal (77. 24 Isaak Akritidis), 7 Semir Saric (90.+1 8 Daniel Grebe) \u2013 48 Marco K\u00f6nigs<\/p>\n<p>Trainer: Bj\u00f6rn Mehnert<\/p>\n","protected":false},"excerpt":{"rendered":"<p>Der WSV hat am gestrigen Abend (24.02.) im Stadion am Zoo gegen den alten Rivalen Alemannia Aachen mit 1:0 (1:0) gewonnen. Der dritte Sieg in Folge nach der Weihnachtspause. Den goldenen Treffer f\u00fcr die Wuppertaler erzielte\u00a0Kevin Rodrigues Pires per Foulelfmeter in der 9. Minute.<\/p>\n","protected":false},"author":7,"featured_media":0,"comment_status":"open","ping_status":"closed","sticky":false,"template":"","format":"standard","meta":{"footnotes":""},"categories":[20],"tags":[],"class_list":["post-33778","post","type-post","status-publish","format-standard","hentry","category-sport"],"publishpress_future_action":{"enabled":false,"date":"2026-05-08 01:15:59","action":"change-status","newStatus":"draft","terms":[],"taxonomy":"category","extraData":[]},"publishpress_future_workflow_manual_trigger":{"enabledWorkflows":[]},"_links":{"self":[{"href":"https:\/\/www.die-stadtzeitung.de\/index.php\/wp-json\/wp\/v2\/posts\/33778","targetHints":{"allow":["GET"]}}],"collection":[{"href":"https:\/\/www.die-stadtzeitung.de\/index.php\/wp-json\/wp\/v2\/posts"}],"about":[{"href":"https:\/\/www.die-stadtzeitung.de\/index.php\/wp-json\/wp\/v2\/types\/post"}],"author":[{"embeddable":true,"href":"https:\/\/www.die-stadtzeitung.de\/index.php\/wp-json\/wp\/v2\/users\/7"}],"replies":[{"embeddable":true,"href":"https:\/\/www.die-stadtzeitung.de\/index.php\/wp-json\/wp\/v2\/comments?post=33778"}],"version-history":[{"count":2,"href":"https:\/\/www.die-stadtzeitung.de\/index.php\/wp-json\/wp\/v2\/posts\/33778\/revisions"}],"predecessor-version":[{"id":33781,"href":"https:\/\/www.die-stadtzeitung.de\/index.php\/wp-json\/wp\/v2\/posts\/33778\/revisions\/33781"}],"wp:attachment":[{"href":"https:\/\/www.die-stadtzeitung.de\/index.php\/wp-json\/wp\/v2\/media?parent=33778"}],"wp:term":[{"taxonomy":"category","embeddable":true,"href":"https:\/\/www.die-stadtzeitung.de\/index.php\/wp-json\/wp\/v2\/categories?post=33778"},{"taxonomy":"post_tag","embeddable":true,"href":"https:\/\/www.die-stadtzeitung.de\/index.php\/wp-json\/wp\/v2\/tags?post=33778"}],"curies":[{"name":"wp","href":"https:\/\/api.w.org\/{rel}","templated":true}]}}