{"id":33650,"date":"2021-02-19T10:47:27","date_gmt":"2021-02-19T09:47:27","guid":{"rendered":"https:\/\/www.die-stadtzeitung.de\/?p=33650"},"modified":"2021-02-22T13:03:46","modified_gmt":"2021-02-22T12:03:46","slug":"hans-juergen-hiby-tanz-auf-dem-vulkan-als-mahnung","status":"publish","type":"post","link":"https:\/\/www.die-stadtzeitung.de\/index.php\/2021\/02\/19\/hans-juergen-hiby-tanz-auf-dem-vulkan-als-mahnung\/","title":{"rendered":"Hans-J\u00fcrgen Hiby: &#8222;Tanz auf dem Vulkan&#8220; als Mahnung"},"content":{"rendered":"<div id=\"attachment_33653\" class=\"wp-caption alignnone\" style=\"max-width: 813px;\"><img loading=\"lazy\" decoding=\"async\" class=\" wp-image-33653\" src=\"\/wp-content\/uploads\/2021\/02\/P1050461-2.jpg\" alt=\"\" width=\"803\" height=\"522\" \/><span class=\"wp-caption-text\">Das Bild &#8222;Tanz auf dem Vulkan&#8220; &#8211; \u00a9 Hans-J\u00fcrgen Hiby<\/span><\/div>\n<p>Hans-J\u00fcrgen Hiby: &#8222;Corona wird uns, wenn man den Meldungen glauben\u00a0darf, ja leider auch noch weiter besch\u00e4ftigen. Mich besch\u00e4ftigt das Virus jedenfalls\u00a0k\u00fcnstlerisch weiter. Es hat mich zu zwei weiteren Arbeiten inspiriert.&#8220;<\/p>\n<p>Dem ersten Werk, ein Gem\u00e4lde, hat er den Titel &#8222;Tanz auf dem Vulkan&#8220; gegeben. Es symbolisiert eine gro\u00dfe Corona-Party. Der beliebte K\u00fcnstler: &#8222;Mein Bild thematisiert<span class=\"Apple-converted-space\">\u00a0<\/span>passend zu vielen Neujahrs-Feiern die Unvernunft vieler Menschen, Querdenker und Corona-Leugner.&#8220;<\/p>\n<div id=\"attachment_27794\" class=\"wp-caption alignnone\" style=\"max-width: 803px;\"><img loading=\"lazy\" decoding=\"async\" class=\" wp-image-27794\" src=\"\/wp-content\/uploads\/2020\/04\/6e36f539c6a80bf353a7f0d97df97edf.jpeg\" alt=\"\" width=\"793\" height=\"519\" \/><span class=\"wp-caption-text\">Das Ehepaar Doris &amp; Hans-J\u00fcrgen Hiby &#8211; Seit vielen, vielen Jahren ein Herz und eine Seele &#8211; \u00a9 Thomas S\u00e4nger<\/span><\/div>\n<p>Das zweite Corona-Kunstwerk ist eine Marmorskulptur mit dem Titel &#8222;Kontakt-Sperre&#8220;. Hans-J\u00fcrgen Hiby: &#8222;Die direkten Kontakte, die sicherlich den meisten Menschen fehlen, werden leider durch die Pandemie verhindert. Hoffentlich wird das in Zukunft wieder besser!&#8220;<\/p>\n<p>Diesem Wunsch schlie\u00dfen sich wohl alle Wuppertalerinnen und Wuppertaler an. Wie gut, dass K\u00fcnstler, die es im Moment wahrlich nicht einfach haben, weil die Galerien geschlossen sind und die Ausstellungen fehlen, bei denen sie ihre Werke verkaufen k\u00f6nnen, die Corona-Pandemie kreativ reflektieren und aufarbeiten. <b>(pp)<\/b><\/p>\n<p><a href=\"http:\/\/www.hiby-skulpturen.de\">http:\/\/www.hiby-skulpturen.de<\/a><\/p>\n<div id=\"attachment_33654\" class=\"wp-caption alignnone\" style=\"max-width: 478px;\"><img loading=\"lazy\" decoding=\"async\" class=\" wp-image-33654\" src=\"\/wp-content\/uploads\/2021\/02\/P1050487-2.jpg\" alt=\"\" width=\"468\" height=\"573\" \/><span class=\"wp-caption-text\">Die Marmorskulptur &#8222;Kontaktsperre&#8220; &#8211; \u00a9 Hans-J\u00fcrgen Hiby<\/span><\/div>\n<p>&nbsp;<\/p>\n","protected":false},"excerpt":{"rendered":"<p>So trist der Lockdown auch f\u00fcr viele ist. Der bekannte Wuppertaler Bildhauer und Maler Hans-J\u00fcrgen Hiby l\u00e4sst sich von der Corona-Pandemie nicht mental herunterziehen, sondern k\u00fcnstlerisch inspirieren.<\/p>\n","protected":false},"author":7,"featured_media":0,"comment_status":"open","ping_status":"closed","sticky":false,"template":"","format":"standard","meta":{"footnotes":""},"categories":[29],"tags":[],"class_list":["post-33650","post","type-post","status-publish","format-standard","hentry","category-kultur"],"publishpress_future_action":{"enabled":false,"date":"2026-05-05 02:29:18","action":"change-status","newStatus":"draft","terms":[],"taxonomy":"category","extraData":[]},"publishpress_future_workflow_manual_trigger":{"enabledWorkflows":[]},"_links":{"self":[{"href":"https:\/\/www.die-stadtzeitung.de\/index.php\/wp-json\/wp\/v2\/posts\/33650","targetHints":{"allow":["GET"]}}],"collection":[{"href":"https:\/\/www.die-stadtzeitung.de\/index.php\/wp-json\/wp\/v2\/posts"}],"about":[{"href":"https:\/\/www.die-stadtzeitung.de\/index.php\/wp-json\/wp\/v2\/types\/post"}],"author":[{"embeddable":true,"href":"https:\/\/www.die-stadtzeitung.de\/index.php\/wp-json\/wp\/v2\/users\/7"}],"replies":[{"embeddable":true,"href":"https:\/\/www.die-stadtzeitung.de\/index.php\/wp-json\/wp\/v2\/comments?post=33650"}],"version-history":[{"count":3,"href":"https:\/\/www.die-stadtzeitung.de\/index.php\/wp-json\/wp\/v2\/posts\/33650\/revisions"}],"predecessor-version":[{"id":33655,"href":"https:\/\/www.die-stadtzeitung.de\/index.php\/wp-json\/wp\/v2\/posts\/33650\/revisions\/33655"}],"wp:attachment":[{"href":"https:\/\/www.die-stadtzeitung.de\/index.php\/wp-json\/wp\/v2\/media?parent=33650"}],"wp:term":[{"taxonomy":"category","embeddable":true,"href":"https:\/\/www.die-stadtzeitung.de\/index.php\/wp-json\/wp\/v2\/categories?post=33650"},{"taxonomy":"post_tag","embeddable":true,"href":"https:\/\/www.die-stadtzeitung.de\/index.php\/wp-json\/wp\/v2\/tags?post=33650"}],"curies":[{"name":"wp","href":"https:\/\/api.w.org\/{rel}","templated":true}]}}