{"id":33572,"date":"2021-02-13T14:28:29","date_gmt":"2021-02-13T13:28:29","guid":{"rendered":"https:\/\/www.die-stadtzeitung.de\/?p=33572"},"modified":"2021-02-13T14:38:09","modified_gmt":"2021-02-13T13:38:09","slug":"jean-puetz-leiden-der-rheinlaender-auch-fastelovend-genannt","status":"publish","type":"post","link":"https:\/\/www.die-stadtzeitung.de\/index.php\/2021\/02\/13\/jean-puetz-leiden-der-rheinlaender-auch-fastelovend-genannt\/","title":{"rendered":"Jean P\u00fctz: Leiden der Rheinl\u00e4nder\u00a0&#8211; auch Fastelovend genannt"},"content":{"rendered":"<div id=\"attachment_33579\" class=\"wp-caption alignnone\" style=\"max-width: 836px;\"><img loading=\"lazy\" decoding=\"async\" class=\" wp-image-33579\" src=\"\/wp-content\/uploads\/2021\/02\/d763d41eff7aa0d535c0b756060c660e-2-1.jpg\" alt=\"\" width=\"826\" height=\"592\" \/><span class=\"wp-caption-text\">Der &#8222;k\u00f6lsche Jong&#8220; Jean P\u00fctz mit dem &#8222;Goldenen Narr&#8220;, dem Oscar\u00a0der Rheinischen Karnevals-Gesellschaft &#8211; \u00a9 Susanne Bellenbaum<\/span><\/div>\n<p>Es folgt garantiert nichts \u00fcber Corona. Eigentlich tragen die Rheinl\u00e4nder heute einen Trauerflor. Corona greift so intensiv in unseren Alltag ein, dass viele es kaum ertragen k\u00f6nnen. Ich wei\u00df, wer nicht in der N\u00e4he des Rheins geboren ist oder sich mittlerweile akklimatisiert hat, wird uns nicht verstehen.<\/p>\n<p>Um diese Zeit sind wir n\u00e4mlich auch von einem allerdings lustigen Bazillus befallen. Man kann das auch eine Seuche nennen. Es ist der Bazillus Carnevalensis. In vielen L\u00e4ndern der Bundesrepublik, sind manche bereits dagegen immunisiert. Sie halten uns f\u00fcr verr\u00fcckt.<\/p>\n<p>Aber im k\u00f6lschen Grundgesetz gibt es einen wichtigen Paragraphen, der hei\u00dft &#8222;jede Jeck es anders&#8220;. Das ist das Gesetz der Toleranz. Corona hat ein weiteres Gesetz im Moment blockiert: &#8222;et h\u00e4tt noch emmer jot jejange&#8220;, das hei\u00dft, mit Optimismus lebt es sich leichter. Aber im Moment haben viele diese Lebensweisheit ad acta gelegt. Doch die Hoffnung stirbt zuletzt.<\/p>\n<p>So nebenbei: Vor drei Tagen wurde ich geimpft, habe immer noch keine Nebenwirkungen versp\u00fcrt &#8211; ich hoffe, damit beleidige ich nicht die Impfgegner &#8211; \u00a0und, noch viel schlimmer f\u00fcr diese Meinungstr\u00e4ger: Ich kann immer noch klar denken. So meine ich, ist eine pers\u00f6nliche Information zum rheinischen Karneval n\u00fctzlich, um einige Vorurteile zu begrenzen. Wer zuletzt lacht, lacht am besten.<\/p>\n<p>In K\u00f6ln und Umgebung bis nach Aachen verabschiedet man sich mit &#8222;Alaaf&#8220;, in D\u00fcsseldorf und vielen anderen St\u00e4dten mit \u201eHelau\u201c. Beides ist mir recht, in D\u00fcsseldorf hat man mir die n\u00e4rrische Reifepr\u00fcfung der Wei\u00dffr\u00e4cke nach einer B\u00fcttenrede abgenommen und am Mittelrhein wurde mir der &#8222;Goldene Narr&#8220; verliehen, der Oscar der Rheinischen Karnevals-Gesellschaft.<\/p>\n<p>Dabei durfte ich ein Jahr sp\u00e4ter den ber\u00fchmtesten K\u00f6lner Spa\u00dfvogel, Hans S\u00fcper (Colonia-Duett) &#8211; sie kennen ihn bestimmt vom \u201adicken Ei\u2018 &#8211; die Laudatio halten. Auch er mit seiner Flitsch (er spielt meisterlich auf dieser kleinen Gitarre) ist sehr stolz auf diese Auszeichnung.<\/p>\n<p>Was mich sonst noch mit dem Karneval verbindet, das entnehmen Sie bitte dem gesprochen Wort in meiner Moderation. Sie ist zwei \u00a0Jahre alt aber immer noch sehr aktuell und ohne Corona Pandemie.<\/p>\n<p>Zuvor noch ein Link zu einem denkw\u00fcrdigen Karnevalslied, komponiert und getextet kurz nach dem Zweiten Weltkrieg, dass ich nachtr\u00e4glich aus innerer \u00dcberzeugung besungen habe.<\/p>\n<p>Sein Titel: \u201ad\u2019Molly\u2018, auf Deutsch,&#8220; wir lassen uns von keinem Politiker mehr verarschen.<\/p>\n<p><a href=\"https:\/\/www.youtube.com\/watch?v=zTHo-hqAzwA\">https:\/\/www.youtube.com\/watch?v=zTHo-hqAzwA<\/a><\/p>\n<p>Nichts f\u00fcr Ungut<\/p>\n<p><strong>Ihr Jean P\u00fctz<\/strong><\/p>\n<p>#K\u00f6lnerKarneval<br \/>\n#Weiberfastnacht<\/p>\n<p>Hier der Original-Link zu meinem Beitrag \u2013 gepostet in die deutschen Lande, um Verst\u00e4ndnis zu schaffen f\u00fcr uns Jecke<\/p>\n<p><a href=\"https:\/\/m.facebook.com\/story.php?story_fbid=259755365517239&amp;id=100044483317412\">https:\/\/m.facebook.com\/story.php?story_fbid=259755365517239&amp;id=100044483317412<\/a><\/p>\n","protected":false},"excerpt":{"rendered":"<p>Der beliebte Wissenschaftsminister-Journalist Jean P\u00fctz (u.a. &#8222;Hobbythek&#8220; im WDR) greift in seiner \u00fcberaus lesenswerten Facebook-Kolumne &#8222;Der Vernunft eine Chance geben&#8220; Themen auf, die viele Menschen interessieren und zum Teil kontrovers diskutiert werden. Diesmal geht es um den Karneval.<\/p>\n","protected":false},"author":7,"featured_media":0,"comment_status":"open","ping_status":"closed","sticky":false,"template":"","format":"standard","meta":{"footnotes":""},"categories":[25],"tags":[],"class_list":["post-33572","post","type-post","status-publish","format-standard","hentry","category-lifestyle"],"publishpress_future_action":{"enabled":false,"date":"2026-05-09 08:01:11","action":"change-status","newStatus":"draft","terms":[],"taxonomy":"category","extraData":[]},"publishpress_future_workflow_manual_trigger":{"enabledWorkflows":[]},"_links":{"self":[{"href":"https:\/\/www.die-stadtzeitung.de\/index.php\/wp-json\/wp\/v2\/posts\/33572","targetHints":{"allow":["GET"]}}],"collection":[{"href":"https:\/\/www.die-stadtzeitung.de\/index.php\/wp-json\/wp\/v2\/posts"}],"about":[{"href":"https:\/\/www.die-stadtzeitung.de\/index.php\/wp-json\/wp\/v2\/types\/post"}],"author":[{"embeddable":true,"href":"https:\/\/www.die-stadtzeitung.de\/index.php\/wp-json\/wp\/v2\/users\/7"}],"replies":[{"embeddable":true,"href":"https:\/\/www.die-stadtzeitung.de\/index.php\/wp-json\/wp\/v2\/comments?post=33572"}],"version-history":[{"count":6,"href":"https:\/\/www.die-stadtzeitung.de\/index.php\/wp-json\/wp\/v2\/posts\/33572\/revisions"}],"predecessor-version":[{"id":33580,"href":"https:\/\/www.die-stadtzeitung.de\/index.php\/wp-json\/wp\/v2\/posts\/33572\/revisions\/33580"}],"wp:attachment":[{"href":"https:\/\/www.die-stadtzeitung.de\/index.php\/wp-json\/wp\/v2\/media?parent=33572"}],"wp:term":[{"taxonomy":"category","embeddable":true,"href":"https:\/\/www.die-stadtzeitung.de\/index.php\/wp-json\/wp\/v2\/categories?post=33572"},{"taxonomy":"post_tag","embeddable":true,"href":"https:\/\/www.die-stadtzeitung.de\/index.php\/wp-json\/wp\/v2\/tags?post=33572"}],"curies":[{"name":"wp","href":"https:\/\/api.w.org\/{rel}","templated":true}]}}