{"id":33536,"date":"2021-02-07T18:34:03","date_gmt":"2021-02-07T17:34:03","guid":{"rendered":"https:\/\/www.die-stadtzeitung.de\/?p=33536"},"modified":"2022-01-30T15:57:32","modified_gmt":"2022-01-30T14:57:32","slug":"mucke-geschaeftsfuehrer-circular-economy-accelerator","status":"publish","type":"post","link":"https:\/\/www.die-stadtzeitung.de\/index.php\/2021\/02\/07\/mucke-geschaeftsfuehrer-circular-economy-accelerator\/","title":{"rendered":"Mucke Gesch\u00e4ftsf\u00fchrer Circular Economy Accelerator"},"content":{"rendered":"<div id=\"attachment_45306\" class=\"wp-caption alignnone\" style=\"max-width: 873px;\"><img loading=\"lazy\" decoding=\"async\" class=\"size-full wp-image-45306\" src=\"\/wp-content\/uploads\/2015\/10\/d4514f91acb7629914e8612c1d2056db-2.jpeg\" alt=\"\" width=\"863\" height=\"608\" \/><span class=\"wp-caption-text\">Neue Aufgabe f\u00fcr Andreas Mucke &#8211; \u00a9 Monika Asmus<\/span><\/div>\n<p>Die Start-ups sollen zu einem zuvor festgelegten Thema in Zusammenarbeit z.B. mit der Bergischen Universit\u00e4t, dem Wuppertal-Institut, verschiedenen Fraunhofer Instituten und anderen Wissenschafts- und Forschungseinrichtungen Produkte, Technologien und Gesch\u00e4ftskonzepte entwickeln, die helfen Umwelteintr\u00e4ge zu verringern bzw. ganz zu verhindern.<\/p>\n<p>Entscheidend ist hierbei die Kooperation mit Unternehmen, um praktische Probleme zu l\u00f6sen und die Marktf\u00e4higkeit von Produkten im Sinne der Zirkul\u00e4ren Wertsch\u00f6pfung zu gew\u00e4hrleisten. Der Accelerator soll schon vorhandene und neue Ideen umsetzungsreif machen und f\u00fcr unsere heimische Industrie einen Wettbewerbsvorteil\u00a0gegen\u00fcber dem Weltmarkt schaffen. Nebenbei wachsen die Start-ups und schaffen neue Arbeitspl\u00e4tze.<\/p>\n<p>Dies nutzt der Wirtschaft, der Gesellschaft und der Umwelt gleichzeitig: Wettbewerbsf\u00e4hige und innovative heimische Unternehmen bestehen am Markt und expandieren, sie zahlen Steuern und schaffen Arbeitspl\u00e4tze. Gleichzeitig werden Ressourcen geschont und Umweltbelastungen reduziert.<\/p>\n<p>Ein klassisches nachhaltiges Vorgehen also, in dem \u00f6konomische, soziale und \u00f6kologische Interessen gleicherma\u00dfen im Mittelpunkt stehen. Ganz im Sinne auch des European Green Deal, der von der EU- Kommission ausgerufen wurde.<\/p>\n<p>Carsten Gerhardt, Vorsitzender der Wuppertal\u00a0Bewegung e.V, einem der Initiatoren von Circular Valley\u2122 und dem Circular Economy Accelerator\u2122: \u201eWir sind sehr froh, dass wir Andreas Mucke als Gr\u00fcndungsgesch\u00e4ftsf\u00fchrer f\u00fcr den Circular Economy Accelerator\u2122 gewinnen konnten, denn er ist in vielerlei Hinsicht schon \u2018im Thema\u2018.<\/p>\n<p>Als Sicherheits- und Umweltingenieur hat er ein nat\u00fcrliches inhaltliches Verst\u00e4ndnis f\u00fcr die Grundprinzipien der zirkul\u00e4ren Wertsch\u00f6pfung. Er war langj\u00e4hriger Gesch\u00e4ftsf\u00fchrer der Quartiersentwicklungsgesellschaft. Damit kann er Start-ups, die nach ihrem Aufenthalt im Accelerator langfristig in Wuppertal bleiben wollen, hervorragend Unterst\u00fctzung bei der Standortsuche bieten.<\/p>\n<p>Aus seiner Zeit als Oberb\u00fcrgermeister kennt er viele unserer Partner auf Seiten von Unternehmen, Wissenschaft und Politik schon sehr gut, ist landes- und bundesweit vernetzt und hat umfassende Erfahrung in der Einwerbung von F\u00f6rdermitteln.<\/p>\n<p>Dar\u00fcber hinaus haben wir als Wuppertalbewegung e.V. mit Andreas Mucke als Oberb\u00fcrgermeister beim Bau der Schwarzbachtrasse sehr gut und vertrauensvoll zusammengearbeitet. Ihm ist es zu verdanken, dass die Wuppertalbewegung e.V. auf einem erbgepachteten st\u00e4dtischen Grundst\u00fcck in Eigenregie mit F\u00f6rderung des Bundes einen \u00f6ffentlichen Radweg bauen konnte, der nach f\u00fcnf Jahren in den Besitz der Stadt \u00fcbergeht. Er hat damit ger\u00e4uscharm und effizient ein bundesweit einmaliges Projekt erm\u00f6glicht.\u201c<\/p>\n<p>Andreas Mucke:\u201c Als der Anruf von Carsten Gerhardt mit der Anfrage kam, habe ich mich sehr gefreut. Denn ich bin von dem Projekt \u00fcberzeugt. Es ist gut f\u00fcr die Stadt und die Region. Wuppertal als Wiege der Industrialisierung Kontinentaleuropas ist genau der richtige Startpunkt f\u00fcr dieses Projekt, das die zirkul\u00e4re Wertsch\u00f6pfung nicht nur als wissenschaftlichen Diskurs beschreibt, sondern in die Praxis \u00fcbersetzen wird. Es ist gut f\u00fcr Wuppertal, das Bergische Land, das Rheinland, das Ruhrgebiet und die angrenzenden Regionen des Circular Valley\u2122. Hier gibt es hunderte versteckter und bekannter Weltmarktf\u00fchrer- diese Position gilt es zu st\u00e4rken! Auf geht\u2019s!\u201c<\/p>\n<p>&nbsp;<\/p>\n","protected":false},"excerpt":{"rendered":"<p>Der Circular Economy Accelerator\u2122 (deutsch: Beschleuniger f\u00fcr Gesch\u00e4ftsmodelle der zirkul\u00e4ren Wertsch\u00f6pfung) mit Sitz beim Traditionsunternehmen Vorwerk in Wuppertal-Laaken soll j\u00e4hrlich jeweils zweimal 15 Start-ups f\u00fcr vier Monate beherbergen.<\/p>\n","protected":false},"author":7,"featured_media":0,"comment_status":"open","ping_status":"closed","sticky":false,"template":"","format":"standard","meta":{"footnotes":""},"categories":[22],"tags":[],"class_list":["post-33536","post","type-post","status-publish","format-standard","hentry","category-wirtschaft"],"publishpress_future_action":{"enabled":false,"date":"2026-05-09 08:00:23","action":"change-status","newStatus":"draft","terms":[],"taxonomy":"category","extraData":[]},"publishpress_future_workflow_manual_trigger":{"enabledWorkflows":[]},"_links":{"self":[{"href":"https:\/\/www.die-stadtzeitung.de\/index.php\/wp-json\/wp\/v2\/posts\/33536","targetHints":{"allow":["GET"]}}],"collection":[{"href":"https:\/\/www.die-stadtzeitung.de\/index.php\/wp-json\/wp\/v2\/posts"}],"about":[{"href":"https:\/\/www.die-stadtzeitung.de\/index.php\/wp-json\/wp\/v2\/types\/post"}],"author":[{"embeddable":true,"href":"https:\/\/www.die-stadtzeitung.de\/index.php\/wp-json\/wp\/v2\/users\/7"}],"replies":[{"embeddable":true,"href":"https:\/\/www.die-stadtzeitung.de\/index.php\/wp-json\/wp\/v2\/comments?post=33536"}],"version-history":[{"count":3,"href":"https:\/\/www.die-stadtzeitung.de\/index.php\/wp-json\/wp\/v2\/posts\/33536\/revisions"}],"predecessor-version":[{"id":48601,"href":"https:\/\/www.die-stadtzeitung.de\/index.php\/wp-json\/wp\/v2\/posts\/33536\/revisions\/48601"}],"wp:attachment":[{"href":"https:\/\/www.die-stadtzeitung.de\/index.php\/wp-json\/wp\/v2\/media?parent=33536"}],"wp:term":[{"taxonomy":"category","embeddable":true,"href":"https:\/\/www.die-stadtzeitung.de\/index.php\/wp-json\/wp\/v2\/categories?post=33536"},{"taxonomy":"post_tag","embeddable":true,"href":"https:\/\/www.die-stadtzeitung.de\/index.php\/wp-json\/wp\/v2\/tags?post=33536"}],"curies":[{"name":"wp","href":"https:\/\/api.w.org\/{rel}","templated":true}]}}