{"id":33497,"date":"2021-02-14T10:06:36","date_gmt":"2021-02-14T09:06:36","guid":{"rendered":"https:\/\/www.die-stadtzeitung.de\/?p=33497"},"modified":"2022-02-04T17:51:50","modified_gmt":"2022-02-04T16:51:50","slug":"theater-chef-kristof-stoessel-wir-brauchen-ihre-ideen","status":"publish","type":"post","link":"https:\/\/www.die-stadtzeitung.de\/index.php\/2021\/02\/14\/theater-chef-kristof-stoessel-wir-brauchen-ihre-ideen\/","title":{"rendered":"Theater-Chef Kristof St\u00f6\u00dfel: &#8222;Wir brauchen Ihre Ideen&#8220;"},"content":{"rendered":"<div id=\"attachment_38340\" class=\"wp-caption alignnone\" style=\"max-width: 1034px;\"><img loading=\"lazy\" decoding=\"async\" class=\"size-large wp-image-38340\" src=\"\/wp-content\/uploads\/2021\/06\/ArvanehStoessel-2-2-1024x878.jpg\" alt=\"\" width=\"1024\" height=\"878\" \/><span class=\"wp-caption-text\">Ziemlich beste Freunde: Kristof St\u00f6\u00dfel (r.) und TV-Star Giovanni Arvaneh vor dem Barmer Bahnhof &#8211; \u00a9 St\u00f6\u00dfels Kom\u00f6die<\/span><\/div>\n<p>Kristof St\u00f6\u00dfel schildert die Situation aus seiner ganz pers\u00f6nlichen Sicht: &#8222;Wir als Theater, sowie die Mitarbeiter und Schauspieler k\u00e4mpfen um die Existenz und gegen die Perspektivlosigkeit.\u00a0Trotzdem sind wir kreativ und hoffnungsvoll.<\/p>\n<p>Der Spielplan bis Januar 2023 f\u00fcr &#8222;St\u00f6\u00dfels Kom\u00f6die&#8220; und das &#8222;KaBARett FLiN&#8220; in D\u00fcsseldorf steht und wir haben wieder sch\u00f6ne, unterhaltsame St\u00fccke und K\u00fcnstler f\u00fcr unsere Zuschauer gefunden.<\/p>\n<p>So planen wir in beiden H\u00e4usern ab September wieder zu spielen und hoffen, dass wir dann auch ausreichend G\u00e4ste ins Theater lassen d\u00fcrfen. Denn mit den Vorgaben: Vier Meter Abstand zur B\u00fchne und 1,5 Meter Sicherheits-Abstand zwischen den einzelnen Haushalten im Zuschauerraum, bedeutet\u00a0eine weitere Schlie\u00dfung das kleinere \u00dcbel. Weil so das Minus geringer ist, als wenn wir spielen w\u00fcrden.<\/p>\n<p>Unter den oben genannten Auflagen d\u00fcrften wir in Wuppertal gerade einmal f\u00fcr 30\u00a0und in D\u00fcsseldorf f\u00fcr 12 Personen Theater spielen, was absolut nicht rentabel ist, es sei denn, wir w\u00fcrden die Eintrittspreise verdreifachen.<\/p>\n<p>Sobald wir absehen k\u00f6nnen, dass die Gastronomie wieder \u00f6ffnen kann, werden wir die Krimikom\u00f6die &#8222;F\u00fcnf Frauen und ein Mord&#8220; proben, um diese dann im Restaurant SCARPATI zu spielen. Auch suchen wir daf\u00fcr weitere Restaurants\u00a0im Umkreis, um das St\u00fcck pr\u00e4sentieren zu k\u00f6nnen.<\/p>\n<p>Ob wir unser\u00a0Theater am Karlsplatz auf Dauer halten k\u00f6nnen, h\u00e4ngt von der Dauer des Lockdowns ab. Ein Umzug in eine neue Location ist &#8211; Stand heute &#8211; nicht geplant. Sollte sich aber eine kosteng\u00fcnstigere\u00a0Location finden lassen, sind wir auch daf\u00fcr offen. Wir m\u00fcssen auf die neuen Umst\u00e4nde kurzfristig reagieren, aber das haben wir in den letzten 12 Monaten schon gelernt.<\/p>\n<p>F\u00fcr den Sommer w\u00fcrden wir gern ein &#8222;Open Air&#8220; -Theater machen, wenn dies mit den dann g\u00fcltigen Auflagen m\u00f6glich ist. Planen m\u00fcssen wir das jetzt. Wir haben ein St\u00fcck gefunden, das wir gern auf die B\u00fchne bringen w\u00fcrden. Und sind wir auf der Suche nach einer m\u00f6glichen &#8222;Open Air&#8220;-Locations.<\/p>\n<p>Eine Anfrage bei der Stadt hat leider kein Reaktion gebracht und so suchen wir nun mit unseren eigenen M\u00f6glichkeiten. Das St\u00fcck spielt in einem Tennisclub. Und so \u00fcberlegen wir, ob wir das St\u00fcck nicht einfach in die Tennisclubs unserer Stadt bringen.<\/p>\n<p>Wenn die Wuppertaler Ideen haben, f\u00fcr einen Theaterraum\u00a0oder auch f\u00fcr die Sommerproduktion, freuen wir uns \u00fcber eine Kontaktaufnahme &#8211; jede Idee z\u00e4hlt und hilft, um das private Boulevardtheater St\u00f6\u00dfels Kom\u00f6die am Leben zu erhalten.<\/p>\n<p>Neu ist auch der Podcast FFK &#8211; &#8222;Fabiennes k\u00f6stliche Kl\u00f6nstunde&#8220;mit meiner weiblichen Kunst-Figur &#8222;Fabienne van Straten&#8220;. In diesem trifft die beliebte Niederl\u00e4nderin auf spannende G\u00e4ste aus Kultur, Politik, Unterhaltung, Wirtschaft, Sport und Musik und plaudert \u00fcber das Leben.<\/p>\n<p>Zwei Folgen, u.a. mit Manfred Todtenhausen (FDP) sind schon online. Dar\u00fcber hinaus planen wir auch einen Theaterpodcast ab Mitte Februar. Die Podcats sind \u00fcberall dort zu finden, wo es Podcasts gibt.<\/p>\n<p>Diese Woche gehen wir auch wieder online und pr\u00e4sentieren die neue Online-Show &#8222;Love is in the air&#8220; zum Valentinstag. Weitere Online-Shows planen wir f\u00fcr das Fr\u00fchjahr.<\/p>\n<p>Sie sehen, wir sind nicht still und unt\u00e4tig. Das k\u00f6nnen wir auch gar nicht. Im Hintergrund arbeitet die Theaterleitung t\u00e4glich, um die Theater zu retten und endlich wieder Unterhaltung f\u00fcr unsere G\u00e4ste machen zu k\u00f6nnen<\/p>\n<p>Mit kom\u00f6diantischen Gr\u00fc\u00dfen<\/p>\n<p><strong>Ihr Kristof St\u00f6\u00dfel<\/strong><\/p>\n<p><a href=\"http:\/\/www.kstheater.de\">http:\/\/www.kstheater.de<\/a><\/p>\n<div id=\"attachment_33500\" class=\"wp-caption alignnone\" style=\"max-width: 1034px;\"><img loading=\"lazy\" decoding=\"async\" class=\"size-large wp-image-33500\" src=\"\/wp-content\/uploads\/2021\/02\/IMG_20200315_172707-1024x768.jpg\" alt=\"\" width=\"1024\" height=\"768\" \/><span class=\"wp-caption-text\">G\u00e4hnende Leere &#8211; St\u00f6\u00dfels Kom\u00f6die in Corona-Zeiten &#8211; \u00a9 St\u00f6\u00dfels Kom\u00f6die<\/span><\/div>\n","protected":false},"excerpt":{"rendered":"<p>Seit fast einem Jahr k\u00e4mpft das Privattheater &#8222;St\u00f6\u00dfels Kom\u00f6die&#8220; ums nackte \u00dcberleben. Die Corona-Pandemie und die damit verbundenen zwei Lockdowns treffen Kristof St\u00f6\u00dfel und sein Ensemble bis ins Mark. Doch das Wort Aufgeben existiert nicht im Vokabular des Theater-Chefs, Schauspielers, Regisseurs und Autors nicht. Im Gegenteil: Die Programm-Planungen bis Januar 2023 stehen.<\/p>\n","protected":false},"author":7,"featured_media":0,"comment_status":"open","ping_status":"closed","sticky":false,"template":"","format":"standard","meta":{"footnotes":""},"categories":[29],"tags":[],"class_list":["post-33497","post","type-post","status-publish","format-standard","hentry","category-kultur"],"publishpress_future_action":{"enabled":false,"date":"2026-05-08 04:17:55","action":"change-status","newStatus":"draft","terms":[],"taxonomy":"category","extraData":[]},"publishpress_future_workflow_manual_trigger":{"enabledWorkflows":[]},"_links":{"self":[{"href":"https:\/\/www.die-stadtzeitung.de\/index.php\/wp-json\/wp\/v2\/posts\/33497","targetHints":{"allow":["GET"]}}],"collection":[{"href":"https:\/\/www.die-stadtzeitung.de\/index.php\/wp-json\/wp\/v2\/posts"}],"about":[{"href":"https:\/\/www.die-stadtzeitung.de\/index.php\/wp-json\/wp\/v2\/types\/post"}],"author":[{"embeddable":true,"href":"https:\/\/www.die-stadtzeitung.de\/index.php\/wp-json\/wp\/v2\/users\/7"}],"replies":[{"embeddable":true,"href":"https:\/\/www.die-stadtzeitung.de\/index.php\/wp-json\/wp\/v2\/comments?post=33497"}],"version-history":[{"count":4,"href":"https:\/\/www.die-stadtzeitung.de\/index.php\/wp-json\/wp\/v2\/posts\/33497\/revisions"}],"predecessor-version":[{"id":49930,"href":"https:\/\/www.die-stadtzeitung.de\/index.php\/wp-json\/wp\/v2\/posts\/33497\/revisions\/49930"}],"wp:attachment":[{"href":"https:\/\/www.die-stadtzeitung.de\/index.php\/wp-json\/wp\/v2\/media?parent=33497"}],"wp:term":[{"taxonomy":"category","embeddable":true,"href":"https:\/\/www.die-stadtzeitung.de\/index.php\/wp-json\/wp\/v2\/categories?post=33497"},{"taxonomy":"post_tag","embeddable":true,"href":"https:\/\/www.die-stadtzeitung.de\/index.php\/wp-json\/wp\/v2\/tags?post=33497"}],"curies":[{"name":"wp","href":"https:\/\/api.w.org\/{rel}","templated":true}]}}