{"id":33490,"date":"2021-02-14T12:15:04","date_gmt":"2021-02-14T11:15:04","guid":{"rendered":"https:\/\/www.die-stadtzeitung.de\/?p=33490"},"modified":"2021-02-16T10:33:48","modified_gmt":"2021-02-16T09:33:48","slug":"stefan-mageney-aus-der-reha-klinik-in-den-proberaum","status":"publish","type":"post","link":"https:\/\/www.die-stadtzeitung.de\/index.php\/2021\/02\/14\/stefan-mageney-aus-der-reha-klinik-in-den-proberaum\/","title":{"rendered":"Stefan Mageney: Aus der Reha-Klinik in den Proberaum"},"content":{"rendered":"<div id=\"attachment_33494\" class=\"wp-caption alignnone\" style=\"max-width: 962px;\"><img loading=\"lazy\" decoding=\"async\" class=\"size-full wp-image-33494\" src=\"\/wp-content\/uploads\/2021\/02\/147706145_3522363857874544_1940053164372842224_n-2.jpg\" alt=\"\" width=\"952\" height=\"699\" \/><span class=\"wp-caption-text\">Stefan Mageney nimmt gut erholt Abschied vom wundersch\u00f6nen K\u00f6nigssee &#8211; \u00a9 privat<\/span><\/div>\n<p>Monatelang hatte das Corona-Virus den sonst so agilen Musiker, Dozenten und 1. Vorsitzenden des Wuppertaler Charity-Vereins WUPPERTAL HILFT! au\u00dfer Gefecht gesetzt. Einer seiner Studenten hatte Stefan Mageney nach einem Auslandsaufenthalt mit dem Covid-19-Virus infiziert.<\/p>\n<p>Wochenlanger Aufenthalt auf der Quarant\u00e4ne-Station des Helios Klinikums Wuppertal: Hohes Fieber, Atemnot, Sauerstoff-Zufuhr, \u00c4ngste.<\/p>\n<p>Als das Schlimmste \u00fcberstanden war, folgte die gro\u00dfe Langeweile. Stefan Mageney durfte keinen Besuch empfangen. Aus dem Krankenzimmer meldete er sich regelm\u00e4ssig mit Social-Media-Botschaften auf &#8222;Facebook&#8220; zu Wort, schilderte eindrucksvoll seinen Krankheitsverlauf, seine Gef\u00fchle, sprach Leidensgenossinnen und Leidensgenossen Mut zu, ging mit Corona-Leugnern hart ins Gericht.<\/p>\n<p>Anschlie\u00dfend die vierw\u00f6chige Reha-Kur in Bayern. Jetzt richtet der S\u00e4nger der Wuppertaler Hardrock-Cover-Band &#8222;Bourbon Street&#8220; und der Schweizer Melodic-Hardrock-Band &#8222;Crystal Ball&#8220; (&#8222;Eternal Flame&#8220;) seinen Blick wieder optimistisch in die Zukunft.<\/p>\n<div id=\"attachment_21311\" class=\"wp-caption alignnone\" style=\"max-width: 780px;\"><img loading=\"lazy\" decoding=\"async\" class=\"size-full wp-image-21311\" src=\"\/wp-content\/uploads\/2018\/10\/03a45730300ccfe72cbfab7d02483ca9.jpg\" alt=\"Foto: Crystal Ball\" width=\"770\" height=\"424\" \/><span class=\"wp-caption-text\">&#8218;Crystal Ball&#8216; mit Frontman Stefan Mageney &#8211; \u00a9 Crystal Ball<\/span><\/div>\n<p>Stefan Mageney auf &#8222;Facebook&#8220;:\u00a0&#8222;So, das war\u2019s! Nach vier Wochen ist meine Kur beendet. Ich konnte mich in der Klinik und in der Gegend am K\u00f6nigssee sehr gut regenerieren. Meine Leistungsf\u00e4higkeit (Lungenfunktion) ist zu 80 Prozent \u00a0wiederhergestellt und mit den Nachwirkungen, unter denen 75 Prozent der an Corona Erkrankten leiden, habe ich auch nicht doll zu k\u00e4mpfen &#8211; au\u00dfer dass mein Geruchs- und Geschmacksinn weiterhin (bis auf vielleicht 10%) weg sind.&#8220;<\/p>\n<p>Der K\u00fcnstler weiter: &#8222;Ich danke dem Team in der Sch\u00f6n Klinik Berchtesgadener Land, die ich sehr weiter empfehlen kann.<br \/>\nJetzt geht es zu meinen Jungs in die Schweiz, um endlich mal wieder Musik zu machen und um zu sehen, wo ich mit meiner Stimme stehe.&#8220; Wie gut es um seine bekannte &#8222;Rock-R\u00f6hre&#8220; steht, werden seine Fans demn\u00e4chst bestimmt zu h\u00f6ren bekommen&#8230;&#8220;<strong> (pp)<\/strong><\/p>\n","protected":false},"excerpt":{"rendered":"<p>Der Wuppertaler S\u00e4nger und Hochschullehrer-Dozent Stefan Mageney hat seine vierw\u00f6chige Corona-Reha in der Sch\u00f6n-Klinik Berchtesgadener Land erfolgreich abgeschlossen. Er kann zwar noch nicht wieder B\u00e4ume ausrei\u00dfen, doch er f\u00fchlt sich gut, zumindest viel besser, als die meisten Patienten, die Covid-19 \u00fcberstanden gaben. Jetzt f\u00e4hrt Stefan Mageney erst einmal zu seinen Band-Kollegen von &#8222;Crystal Ball&#8220; in die Schweiz, um ein wenig Musik zu machen. Von der Reha-Klinik in den Probenraum.<\/p>\n","protected":false},"author":7,"featured_media":0,"comment_status":"open","ping_status":"closed","sticky":false,"template":"","format":"standard","meta":{"footnotes":""},"categories":[29],"tags":[],"class_list":["post-33490","post","type-post","status-publish","format-standard","hentry","category-kultur"],"publishpress_future_action":{"enabled":false,"date":"2026-05-07 23:20:31","action":"change-status","newStatus":"draft","terms":[],"taxonomy":"category","extraData":[]},"publishpress_future_workflow_manual_trigger":{"enabledWorkflows":[]},"_links":{"self":[{"href":"https:\/\/www.die-stadtzeitung.de\/index.php\/wp-json\/wp\/v2\/posts\/33490","targetHints":{"allow":["GET"]}}],"collection":[{"href":"https:\/\/www.die-stadtzeitung.de\/index.php\/wp-json\/wp\/v2\/posts"}],"about":[{"href":"https:\/\/www.die-stadtzeitung.de\/index.php\/wp-json\/wp\/v2\/types\/post"}],"author":[{"embeddable":true,"href":"https:\/\/www.die-stadtzeitung.de\/index.php\/wp-json\/wp\/v2\/users\/7"}],"replies":[{"embeddable":true,"href":"https:\/\/www.die-stadtzeitung.de\/index.php\/wp-json\/wp\/v2\/comments?post=33490"}],"version-history":[{"count":6,"href":"https:\/\/www.die-stadtzeitung.de\/index.php\/wp-json\/wp\/v2\/posts\/33490\/revisions"}],"predecessor-version":[{"id":33510,"href":"https:\/\/www.die-stadtzeitung.de\/index.php\/wp-json\/wp\/v2\/posts\/33490\/revisions\/33510"}],"wp:attachment":[{"href":"https:\/\/www.die-stadtzeitung.de\/index.php\/wp-json\/wp\/v2\/media?parent=33490"}],"wp:term":[{"taxonomy":"category","embeddable":true,"href":"https:\/\/www.die-stadtzeitung.de\/index.php\/wp-json\/wp\/v2\/categories?post=33490"},{"taxonomy":"post_tag","embeddable":true,"href":"https:\/\/www.die-stadtzeitung.de\/index.php\/wp-json\/wp\/v2\/tags?post=33490"}],"curies":[{"name":"wp","href":"https:\/\/api.w.org\/{rel}","templated":true}]}}