{"id":33487,"date":"2021-02-05T16:54:52","date_gmt":"2021-02-05T15:54:52","guid":{"rendered":"https:\/\/www.die-stadtzeitung.de\/?p=33487"},"modified":"2021-02-10T14:18:45","modified_gmt":"2021-02-10T13:18:45","slug":"neue-gleichstellungsbeauftragte-nehmen-arbeit-auf","status":"publish","type":"post","link":"https:\/\/www.die-stadtzeitung.de\/index.php\/2021\/02\/05\/neue-gleichstellungsbeauftragte-nehmen-arbeit-auf\/","title":{"rendered":"Neue Gleichstellungsbeauftragte nehmen Arbeit auf"},"content":{"rendered":"<div id=\"attachment_33488\" class=\"wp-caption alignnone\" style=\"max-width: 1034px;\"><img loading=\"lazy\" decoding=\"async\" class=\"size-large wp-image-33488\" src=\"\/wp-content\/uploads\/2021\/02\/2021_02_08_Gleichstellungsbeauftragte-2-1024x723.jpg\" alt=\"\" width=\"1024\" height=\"723\" \/><span class=\"wp-caption-text\">Neu im Amt (v.l.n.r.): Gleichstellungsbeauftragte Prof. Dr. Brigitte Halbfas und ihre Stellvertreterinnen Vanessa Warwick und Sabine Kinseher &#8211; \u00a9 Foto Friederike von Heyden<\/span><\/div>\n<p>Alle drei Kandidatinnen wurden im Dezember 2020 vom 16-k\u00f6pfigen Wahlfrauengremium einstimmig f\u00fcr vier Jahre gew\u00e4hlt. Bereits in der letzten Senatssitzung gratulierte der Rektor Prof. Dr. Lambert T. Koch den Neugew\u00e4hlten: Er freue sich auf die Zusammenarbeit im Dienste der Bergischen Universit\u00e4t und hoffe auf eine weiterhin so positive Entwicklung der Gleichstellungsbelange wie zuletzt.<\/p>\n<p>Brigitte Halbfas studierte Wirtschaftswissenschaften, Spanische Philologie sowie Wirtschafts- und Berufsp\u00e4dagogik an der Universit\u00e4t zu K\u00f6ln. 1998 kam sie an die Bergische Universit\u00e4t, wo sie an der Fakult\u00e4t f\u00fcr Wirtschaftswissenschaft &#8211; Schumpeter School of Business and Economics promovierte und dort mehrere Jahre, zuletzt im Institut f\u00fcr Gr\u00fcndungs- und Innovationsforschung, t\u00e4tig war.<\/p>\n<p>Ab 2015 leitete sie an der Universit\u00e4t Kassel sechs Jahre lang das Fachgebiet Entrepreneurship Education am Fachbereich Wirtschaftswissenschaften und kehrte im Januar 2021 wieder zur\u00fcck nach Wuppertal.<\/p>\n<p>Sie hat umfassende Gremienerfahrung in den Bereichen Gleichstellung und Personal. Auch aus wissenschaftlicher Perspektive setzte sie sich mit Genderfragen konkret im Bereich des Entrepreneurship und der Entrepreneurship Education auseinander. Zu den k\u00fcnftigen Schwerpunkten ihrer Arbeit geh\u00f6ren neben dem umfassenden Gleichstellungscontrolling die Umsetzung und Weiterentwicklung des Genderprofils.<\/p>\n<p>Sie wirkt bei allen Personal- und Organisationsangelegenheiten mit und wird sich hier schwerpunktm\u00e4\u00dfig mit den Belangen des wissenschaftlichen Personals befassen sowie ein besonderes Augenmerk auf die Erh\u00f6hung des Anteils von Frauen in F\u00fchrungspositionen legen.<\/p>\n<p>Die Betriebswirtin Sabine Kinseher ist seit 2000 im Dekanat der Fakult\u00e4t f\u00fcr Architektur und Bauingenieurwesen t\u00e4tig, derzeit als Fakult\u00e4tsmanagerin\/-referentin. Ein Schwerpunkt ihrer Arbeit als Stellvertretende Gleichstellungsbeauftragte ist es, bestehende Benachteiligungen aufgrund des Geschlechts und k\u00fcnftige Nachteile zu verhindern. Weitere Aufgaben sind z.B. die Aufwertung und die diskriminierungsfreie Bewertung von Frauent\u00e4tigkeiten, die Mitarbeit bei der \u00d6ffentlichkeitsarbeit und der Zeitschrift \u201emagaz*in\u201c sowie die Unterst\u00fctzung und F\u00f6rderung von Frauen w\u00e4hrend der derzeitigen Prozesse der digitalen Transformation durch F\u00f6rderung von Personalentwicklungsma\u00dfnahmen und Coaching. Au\u00dferdem wird sie sich \u2013 insbesondere in der bestehenden Pandemie \u2013 f\u00fcr die Verbesserung der Familienfreundlichkeit und der Vereinbarkeit von Familie, Studium, Pflege und Berufst\u00e4tigkeit f\u00fcr Frauen und M\u00e4nner einsetzen.<\/p>\n<p>Vanessa Warwick studiert aktuell im Master of Arts Politikwissenschaft und ist schon seit mehreren Jahren hochschulpolitisch aktiv. Sie will sich vor allem um die gleichstellungspolitischen Anliegen der Studierenden k\u00fcmmern. Ihr Fokus liegt dabei auf Vernetzung und Empowerment. Konkret will sie einen regelm\u00e4\u00dfigen Austausch anbieten, um zum einen Problematiken festzustellen und zum anderen um Frauen zu st\u00e4rken und zu ermutigen.<\/p>\n<p>Dar\u00fcber hinaus m\u00f6chte sie sich aktiv auf Landes- und Bundesebene mit weiteren Gleichstellungsbeauftragten vernetzen, um neue Anregungen an die Bergische Universit\u00e4t bringen zu k\u00f6nnen.<\/p>\n<p><a href=\"http:\/\/www.gleichstellung.uni-wuppertal.de\/\">www.gleichstellung.uni-wuppertal.de<\/a><\/p>\n","protected":false},"excerpt":{"rendered":"<p>Prof. Dr. Brigitte Halbfas ist die neue zentrale Gleichstellungsbeauftragte der Bergischen Universit\u00e4t Wuppertal. Ihre Stellvertreterin ist Sabine Kinseher. Neue studentische Ansprechpartnerin im Gleichstellungsb\u00fcro und ebenfalls stellvertretende Gleichstellungsbeauftragte ist Vanessa Warwick.<\/p>\n","protected":false},"author":7,"featured_media":0,"comment_status":"open","ping_status":"closed","sticky":false,"template":"","format":"standard","meta":{"footnotes":""},"categories":[27],"tags":[],"class_list":["post-33487","post","type-post","status-publish","format-standard","hentry","category-wissen"],"publishpress_future_action":{"enabled":false,"date":"2026-05-07 23:20:31","action":"change-status","newStatus":"draft","terms":[],"taxonomy":"category","extraData":[]},"publishpress_future_workflow_manual_trigger":{"enabledWorkflows":[]},"_links":{"self":[{"href":"https:\/\/www.die-stadtzeitung.de\/index.php\/wp-json\/wp\/v2\/posts\/33487","targetHints":{"allow":["GET"]}}],"collection":[{"href":"https:\/\/www.die-stadtzeitung.de\/index.php\/wp-json\/wp\/v2\/posts"}],"about":[{"href":"https:\/\/www.die-stadtzeitung.de\/index.php\/wp-json\/wp\/v2\/types\/post"}],"author":[{"embeddable":true,"href":"https:\/\/www.die-stadtzeitung.de\/index.php\/wp-json\/wp\/v2\/users\/7"}],"replies":[{"embeddable":true,"href":"https:\/\/www.die-stadtzeitung.de\/index.php\/wp-json\/wp\/v2\/comments?post=33487"}],"version-history":[{"count":1,"href":"https:\/\/www.die-stadtzeitung.de\/index.php\/wp-json\/wp\/v2\/posts\/33487\/revisions"}],"predecessor-version":[{"id":33489,"href":"https:\/\/www.die-stadtzeitung.de\/index.php\/wp-json\/wp\/v2\/posts\/33487\/revisions\/33489"}],"wp:attachment":[{"href":"https:\/\/www.die-stadtzeitung.de\/index.php\/wp-json\/wp\/v2\/media?parent=33487"}],"wp:term":[{"taxonomy":"category","embeddable":true,"href":"https:\/\/www.die-stadtzeitung.de\/index.php\/wp-json\/wp\/v2\/categories?post=33487"},{"taxonomy":"post_tag","embeddable":true,"href":"https:\/\/www.die-stadtzeitung.de\/index.php\/wp-json\/wp\/v2\/tags?post=33487"}],"curies":[{"name":"wp","href":"https:\/\/api.w.org\/{rel}","templated":true}]}}