{"id":33338,"date":"2021-02-03T09:43:52","date_gmt":"2021-02-03T08:43:52","guid":{"rendered":"https:\/\/www.die-stadtzeitung.de\/?p=33338"},"modified":"2021-02-03T09:44:35","modified_gmt":"2021-02-03T08:44:35","slug":"stefan-mageney-corona-reha-am-koenigssee","status":"publish","type":"post","link":"https:\/\/www.die-stadtzeitung.de\/index.php\/2021\/02\/03\/stefan-mageney-corona-reha-am-koenigssee\/","title":{"rendered":"Stefan Mageney: Corona-Reha am K\u00f6nigssee"},"content":{"rendered":"<div id=\"attachment_33340\" class=\"wp-caption alignnone\" style=\"max-width: 970px;\"><img loading=\"lazy\" decoding=\"async\" class=\"size-full wp-image-33340\" src=\"\/wp-content\/uploads\/2021\/02\/144227141_3500499543394309_398535367422362152_n.jpeg\" alt=\"\" width=\"960\" height=\"730\" \/><span class=\"wp-caption-text\">Kann endlich wieder lachen: Stefan Mageney w\u00e4hrend seiner Kur am K\u00f6nigssee &#8211; \u00a9 privat<\/span><\/div>\n<p>16 lange Tage war er \u2013 mit Ausnahme der Kontakte zum Pflegepersonal und \u00c4rzten in Schutzkleidung \u2013 mit sich, seinen Gedanken und seinen \u00c4ngsten allein. Stefan Mageney lebte v\u00f6llig abgeschottet, durfte in der Klinik keinen Besuch empfangen.<\/p>\n<p>Infiziert hat den 1. Vorsitzenden der Charity-Vereins &#8222;WUPPERTAL HILFT!&#8220; mutma\u00dflich einer seiner Studenten, der nach einem Urlaub in Ungarn positiv auf Corona getestet wurde, dieses aber verschwieg.<\/p>\n<p>Aus dem Krankenzimmer richtete sich Stefan Mageney in einer emotionalen Videobotschaft via Facebook an die \u201eAu\u00dfenwelt\u201c.<span class=\"Apple-converted-space\">\u00a0<\/span><\/p>\n<p>Seit dem 16. Januar macht er eine Kur im tiefsten Bayern. Der bekannte Wuppertaler Rocks\u00e4nger: &#8222;Ich bin mit gemischten Gef\u00fchlen angereist, da ich ja noch nie im Leben zur Kur war.&#8220;<\/p>\n<p>Inzwischen<span class=\"Apple-converted-space\">\u00a0 <\/span>ist er \u00fcberzeugt davon, dass es die richtige Entscheidung war, auf den Rat der \u00c4rzte zu h\u00f6ren: &#8222;Es ist alles richtig gut. Hier sind sehr viele Corona-Patienten und der Austausch untereinander tut gut. Ich bekomme t\u00e4glich sehr viele Anwendungen: Atemphysiotherapie, Atem Qigong, Sport im Studio, Nordic Walking, autogenes Training und Aqua Jogging. Dazu Vortr\u00e4ge und regelm\u00e4ssige diagnostische Untersuchungen an Herz, Lunge Blut etc. Ich nehme alles mit.&#8220;<\/p>\n<div id=\"attachment_33341\" class=\"wp-caption alignnone\" style=\"max-width: 970px;\"><img loading=\"lazy\" decoding=\"async\" class=\"size-full wp-image-33341\" src=\"\/wp-content\/uploads\/2021\/02\/143161230_3493607507416846_6887984053497084712_n.jpeg\" alt=\"\" width=\"960\" height=\"640\" \/><span class=\"wp-caption-text\">Der K\u00f6nigssee begeisterte auch Stefan Mageney &#8211; \u00a9 Stefan Mageney<\/span><\/div>\n<p>Stefan Mageney macht gro\u00dfe Fortschritte und erholt sich gut. Seinen Gerichs- und Geschmacksinn hat er allerdings immer noch nicht wieder zur\u00fcck.<span class=\"Apple-converted-space\">\u00a0<\/span><\/p>\n<p>F\u00fcr ihn eine Kleinigkeit im Vergleich zu den Folge-Beschwerden, mit denen andere Corona-Patienten noch in ihrer Reha zu k\u00e4mpfen haben. Der sozial engagierte K\u00fcnstler: &#8222;Ich bin geschockt vom Zustand anderer Covid-19-Patienten. Junge M\u00e4nner, die auf Rollatoren angewiesen sind, einige<span class=\"Apple-converted-space\">\u00a0 <\/span>ben\u00f6tigen zus\u00e4tzlichen Sauerstoff, haben neurologische Probleme und gravierende k\u00f6rperliche Einschr\u00e4nkungen.&#8220;<\/p>\n<p>Stefan Mageney sp\u00fcrt, wie sich seine Vitalit\u00e4t von Tag zu Tag steigert, er sich immer besser f\u00fchlt und er geniesst die Sparzierg\u00e4nge in der Umgebung der Reha-Klinik in vollen Z\u00fcgen: &#8222;Die Gegend hier rund um den K\u00f6nigssee ist der absolute Hammer&#8220;.<span class=\"Apple-converted-space\">\u00a0<\/span><\/p>\n<p>Dennoch freut er sich schon sehr auf Zuhause, wo Ehefrau Jutta K\u00fcster-Mageney und Sohn Jason sehns\u00fcchtig auf ihn warten. Am 10. Februar kann er beide endlich wieder in die Arme schlie\u00dfen.<\/p>\n<p><strong>Text: Peter Pionke<\/strong><\/p>\n<p>&nbsp;<\/p>\n<div id=\"attachment_33342\" class=\"wp-caption alignnone\" style=\"max-width: 730px;\"><img loading=\"lazy\" decoding=\"async\" class=\"size-full wp-image-33342\" src=\"\/wp-content\/uploads\/2021\/02\/143125875_3493607827416814_3664526159785840661_n.jpeg\" alt=\"\" width=\"720\" height=\"828\" \/><span class=\"wp-caption-text\">Winterlandschaft im Berchtesgadener Land &#8211; hier erholt sich der Wuppertaler S\u00e4nger &#8211; \u00a9 Stefan Mageney<\/span><\/div>\n","protected":false},"excerpt":{"rendered":"<p>Stefan Mageney (51) musste am eigenen Leib erfahren, was eine Infektion mit dem Covid-19-Virus wirklich bedeutet.\u00a016 Tage verbrachte der S\u00e4nger und Hochschul-Dozent auf der Quarant\u00e4ne-Station des Helios-Klinikums. Er litt unter Atemnot, Dauerkopfschmerzen, Fiebersch\u00fcben, Geschmacks- und Geruchsverlust und musste immer wieder mit Sauerstoff versorgt werden. Jetzt erholt er sich langsam bei einer Reha am K\u00f6nigssee im Berchtesgadener Land.<\/p>\n","protected":false},"author":7,"featured_media":0,"comment_status":"open","ping_status":"closed","sticky":false,"template":"","format":"standard","meta":{"footnotes":""},"categories":[29],"tags":[],"class_list":["post-33338","post","type-post","status-publish","format-standard","hentry","category-kultur"],"publishpress_future_action":{"enabled":false,"date":"2026-05-06 13:01:26","action":"change-status","newStatus":"draft","terms":[],"taxonomy":"category","extraData":[]},"publishpress_future_workflow_manual_trigger":{"enabledWorkflows":[]},"_links":{"self":[{"href":"https:\/\/www.die-stadtzeitung.de\/index.php\/wp-json\/wp\/v2\/posts\/33338","targetHints":{"allow":["GET"]}}],"collection":[{"href":"https:\/\/www.die-stadtzeitung.de\/index.php\/wp-json\/wp\/v2\/posts"}],"about":[{"href":"https:\/\/www.die-stadtzeitung.de\/index.php\/wp-json\/wp\/v2\/types\/post"}],"author":[{"embeddable":true,"href":"https:\/\/www.die-stadtzeitung.de\/index.php\/wp-json\/wp\/v2\/users\/7"}],"replies":[{"embeddable":true,"href":"https:\/\/www.die-stadtzeitung.de\/index.php\/wp-json\/wp\/v2\/comments?post=33338"}],"version-history":[{"count":2,"href":"https:\/\/www.die-stadtzeitung.de\/index.php\/wp-json\/wp\/v2\/posts\/33338\/revisions"}],"predecessor-version":[{"id":33343,"href":"https:\/\/www.die-stadtzeitung.de\/index.php\/wp-json\/wp\/v2\/posts\/33338\/revisions\/33343"}],"wp:attachment":[{"href":"https:\/\/www.die-stadtzeitung.de\/index.php\/wp-json\/wp\/v2\/media?parent=33338"}],"wp:term":[{"taxonomy":"category","embeddable":true,"href":"https:\/\/www.die-stadtzeitung.de\/index.php\/wp-json\/wp\/v2\/categories?post=33338"},{"taxonomy":"post_tag","embeddable":true,"href":"https:\/\/www.die-stadtzeitung.de\/index.php\/wp-json\/wp\/v2\/tags?post=33338"}],"curies":[{"name":"wp","href":"https:\/\/api.w.org\/{rel}","templated":true}]}}