{"id":33332,"date":"2021-02-01T10:27:26","date_gmt":"2021-02-01T09:27:26","guid":{"rendered":"https:\/\/www.die-stadtzeitung.de\/?p=33332"},"modified":"2021-02-01T10:27:26","modified_gmt":"2021-02-01T09:27:26","slug":"prozess-ein-roter-ferrari-und-62-000-e-schaden","status":"publish","type":"post","link":"https:\/\/www.die-stadtzeitung.de\/index.php\/2021\/02\/01\/prozess-ein-roter-ferrari-und-62-000-e-schaden\/","title":{"rendered":"Proze\u00df: Ein roter Ferrari und 62.000 \u20ac Schaden"},"content":{"rendered":"<div id=\"attachment_33335\" class=\"wp-caption alignnone\" style=\"max-width: 716px;\"><img loading=\"lazy\" decoding=\"async\" class=\" wp-image-33335\" src=\"\/wp-content\/uploads\/2021\/02\/3ce2caae83f769f54811fcf86c6704ad.jpeg\" alt=\"\" width=\"706\" height=\"563\" \/><span class=\"wp-caption-text\">Oldtimer-Fan Heinz Schmersal mit Annika Fischer, ehemalige Medienberaterin der STADTZEITUNG &#8211; \u00a9 privat<\/span><\/div>\n<p>Der Hintergrund &#8211; so Bams: Im August 2019 war Heinz Schmersal mit dem F40, von dem zwischen 1987 und 1992 nur 1.315 handverlesene Fahrzeuge gebaut wurden, zum Weinfest nach Cochem an der Mosel gefahren.<\/p>\n<p>In einer Sackgasse, die zum Hotel f\u00fchrte, fuhr der Unternehmer bei schlechter Sicht offensichtlich \u00fcber einen Gullydeckel der 13 cm aus der Fahrbahn herausragte. Zu hoch f\u00fcr den tiefer gelegten Luxus-Schlitten. Der F40 krachte dagegen &#8211; mit schwerwiegenden Folgen: Schaden hinten, Frontmaske und Spoiler abgerissen, dazu einige b\u00f6se Kratzer. Bei Autos dieser Preisklasse ein Schaden, der so richtig ins Geld geht: rund 62.000 \u20ac laut Gutachten.<\/p>\n<p>Heinz Schmersals Versicherung beglich den Schaden und stufte den Oldtimer-Fan in der Pr\u00e4mie h\u00f6her. Die Versicherung wollte den Fall aber nicht auf sich beruhen lassen und reichte wegen des herausragenden Gullydeckels gegen die Gemeinde Cochem Klage auf Schadensersatz ein.<\/p>\n<p>Sollte sie den Proze\u00df gewinnen, w\u00e4re das eine Win:Win-Situation. Denn dann w\u00fcrde Heinz Schmersal, was seine Versicherungspr\u00e4mie angeht, wieder zur\u00fcckgestuft.<\/p>\n<p>&nbsp;<\/p>\n","protected":false},"excerpt":{"rendered":"<p>Der knallrote Ferrari F40 des bekannten Wuppertaler Unternehmers Heinz Schmersal spielt demn\u00e4chst vor dem Landgericht Koblenz eine Hauptrolle. Es geht &#8211; wie BILD am Sonntag berichtet &#8211; um einen Unfallschaden in H\u00f6he von rund 62.000 \u20ac an der rund 900.000 \u20ac teuren Edel-Karosse aus Schmersals Oldtimer-Fuhrpark.<\/p>\n","protected":false},"author":7,"featured_media":0,"comment_status":"open","ping_status":"closed","sticky":false,"template":"","format":"standard","meta":{"footnotes":""},"categories":[25],"tags":[],"class_list":["post-33332","post","type-post","status-publish","format-standard","hentry","category-lifestyle"],"publishpress_future_action":{"enabled":false,"date":"2026-05-05 19:58:27","action":"change-status","newStatus":"draft","terms":[],"taxonomy":"category","extraData":[]},"publishpress_future_workflow_manual_trigger":{"enabledWorkflows":[]},"_links":{"self":[{"href":"https:\/\/www.die-stadtzeitung.de\/index.php\/wp-json\/wp\/v2\/posts\/33332","targetHints":{"allow":["GET"]}}],"collection":[{"href":"https:\/\/www.die-stadtzeitung.de\/index.php\/wp-json\/wp\/v2\/posts"}],"about":[{"href":"https:\/\/www.die-stadtzeitung.de\/index.php\/wp-json\/wp\/v2\/types\/post"}],"author":[{"embeddable":true,"href":"https:\/\/www.die-stadtzeitung.de\/index.php\/wp-json\/wp\/v2\/users\/7"}],"replies":[{"embeddable":true,"href":"https:\/\/www.die-stadtzeitung.de\/index.php\/wp-json\/wp\/v2\/comments?post=33332"}],"version-history":[{"count":3,"href":"https:\/\/www.die-stadtzeitung.de\/index.php\/wp-json\/wp\/v2\/posts\/33332\/revisions"}],"predecessor-version":[{"id":33336,"href":"https:\/\/www.die-stadtzeitung.de\/index.php\/wp-json\/wp\/v2\/posts\/33332\/revisions\/33336"}],"wp:attachment":[{"href":"https:\/\/www.die-stadtzeitung.de\/index.php\/wp-json\/wp\/v2\/media?parent=33332"}],"wp:term":[{"taxonomy":"category","embeddable":true,"href":"https:\/\/www.die-stadtzeitung.de\/index.php\/wp-json\/wp\/v2\/categories?post=33332"},{"taxonomy":"post_tag","embeddable":true,"href":"https:\/\/www.die-stadtzeitung.de\/index.php\/wp-json\/wp\/v2\/tags?post=33332"}],"curies":[{"name":"wp","href":"https:\/\/api.w.org\/{rel}","templated":true}]}}