{"id":33204,"date":"2021-01-22T11:33:36","date_gmt":"2021-01-22T10:33:36","guid":{"rendered":"https:\/\/www.die-stadtzeitung.de\/?p=33204"},"modified":"2021-01-26T16:38:20","modified_gmt":"2021-01-26T15:38:20","slug":"bergische-vhs-bilden-sie-sich-online-weiter","status":"publish","type":"post","link":"https:\/\/www.die-stadtzeitung.de\/index.php\/2021\/01\/22\/bergische-vhs-bilden-sie-sich-online-weiter\/","title":{"rendered":"Bergische VHS: Bilden Sie sich online weiter"},"content":{"rendered":"<div id=\"attachment_33207\" class=\"wp-caption alignnone\" style=\"max-width: 1034px;\"><img loading=\"lazy\" decoding=\"async\" class=\"size-large wp-image-33207\" src=\"\/wp-content\/uploads\/2021\/01\/250121-BVHS-Antje-Zeis-Loi-1024x694.jpeg\" alt=\"\" width=\"1024\" height=\"694\" \/><span class=\"wp-caption-text\">Antje Zeis-Loi, Dozentin der Bergischen VHS ist und Leiterin der Kurse des Fachbereichs \u201eBerufliche Bildung &amp; EDV\u201c &#8211; \u00a9 Antje Zeis-Loi<\/span><\/div>\n<p>Bei den digitalen Angeboten handelt es sich um Vortr\u00e4ge, Kurse, Diskussionen u.\u00c4. Insgesamt haben mehr als 6.400 Personen unsere Online-Angebote wahrgenommen. \u201eVHS lebt von pers\u00f6nlichen Begegnungen, weshalb die Online-Angebote eine kompensatorische Ma\u00dfnahme sind, um unseren Kunden in Corona-Zeiten eine Alternative anzubieten\u201c, so Anna Lenker, die Leiterin der Bergischen VHS.<\/p>\n<p>Auf ihrer Internetseite www.bvhs.de stellt die Bergische VHS ab sofort alle Online-Angebote auf einen Blick zur Verf\u00fcgung. Nach Themengebieten sortiert kann man sich so individuell den passenden Kurs heraussuchen. Noch keine Erfahrung mit Online-Kursformaten? Kein Problem \u2013 die Mitarbeiterinnen und Mitarbeiter der Bergischen VHS beraten gerne, informieren umfassend und sind auch bei technischen Fragen behilflich.<span class=\"Apple-converted-space\">\u00a0<\/span><\/p>\n<p>Besonders spannend ist das digitale Wissenschaftsprogramm \u201evhs.wissen.live\u201c, an dem die Bergische VHS zusammen mit zahlreichen Volkshochschulen im In- und Ausland mitwirkt. Hochkar\u00e4tige Expertinnen und Experten aus Wissenschaft und Gesellschaft referieren in diesem Online-Format \u00fcber aktuelle Themen.<span class=\"Apple-converted-space\">\u00a0<\/span><\/p>\n<p>Im Bereich \u201eBerufliche Bildung &amp; EDV\u201c gibt es seit Beginn der Pandemie zahlreiche Online-Angebote, worauf die VHS stolz ist. Interessierte haben unter anderem die au\u00dfergew\u00f6hnliche Gelegenheit, an einem individuellen Online-Einzeltraining teilzunehmen.<\/p>\n<p>Ihr Berufsalltag hat sich beispielsweise im vorigen Jahr ver\u00e4ndert und Sie m\u00f6chten Profi-Know how zu den Schwerpunkten \u201eKommunikation\u201c oder \u201eEmotionale Kompetenz \u2013 Umgang mit Stress\u201c erlernen? W\u00e4hlen Sie aus einem Themenpool nach pers\u00f6nlichem Bedarf aus und erleben Sie ein Impuls-Einzeltraining zur Erweiterung des pers\u00f6nlichen Verhaltensrepertoires im Arbeitsleben.<span class=\"Apple-converted-space\">\u00a0<\/span><\/p>\n<p>Ebenso werden nun von den beiden Fachbereichen \u201eKultur\u201c und \u201ePolitik, Umwelt, Geschichte\u201c zahlreiche Veranstaltungen als Podcasts auf der Homepage der Bergischen VHS angeboten. Mit dabei sind unter anderem die bekannten Formate \u201ePolitische Runde\u201c, \u201eLiterarisches Schreiben in Wuppertal heute\u201c und \u201eAuch Teppiche m\u00f6chten manchmal fliegen\u201c.<span class=\"Apple-converted-space\">\u00a0<\/span><\/p>\n<p>Am Computer kann man keine Sprachen erlernen? Weit gefehlt! In unseren beiden Fachbereichen \u201eEnglisch und seltener unterrichtete Sprachen\u201c sowie \u201eRomanische Sprachen\u201c haben wir einen ganz besonders hohen Zuwachs an Kursen zu verzeichnen, die online durchgef\u00fchrt werden. Eine weitere bemerkenswerte Bilanz: Die Teilnehmenden kommen aus allen Altersgruppen \u2013 die Altersspanne reicht dabei von 16 bis 80 Jahren.<span class=\"Apple-converted-space\">\u00a0<\/span><\/p>\n<p>F\u00fcr diejenigen, die nur f\u00fcr den \u00dcbergang im virtuellen Klassenzimmer sitzen und sobald es geht, wieder \u201elive\u201c dabei sein m\u00f6chten, eignet sich wohl das Hybrid-Kursmodell am besten. Denn zahlreiche Angebote werden zwar gerade digital angeboten, doch sobald es wieder sicher genug ist, sollen viele laufende Kurse wieder in den Pr\u00e4senzbetrieb einsteigen. Ein weiterer Pluspunkt: Das funktioniert nat\u00fcrlich auch umgekehrt.<span class=\"Apple-converted-space\">\u00a0<\/span><\/p>\n<p>Die Nachfrage nach Online-Angeboten bei der Bergischen VHS w\u00e4chst, doch ist das Kurserlebnis genauso wie bisher? Nat\u00fcrlich mussten die Kurse umstrukturiert werden und haben sich ver\u00e4ndert, aber selbstverst\u00e4ndlich versuchen alle Beteiligten immer das optimale Kurserlebnis zu erm\u00f6glichen.<\/p>\n<p>Manche Teilnehmende m\u00f6gen anfangs skeptisch gegen\u00fcber dem Online-Unterricht gewesen sein, doch sp\u00e4testens wenn sie den Schritt ins virtuelle Klassenzimmer gewagt hatten, war der Gro\u00dfteil von ihnen \u00fcberzeugt und begeistert vom digitalen Lernen bei der Bergischen VHS.<span class=\"Apple-converted-space\">\u00a0<\/span><\/p>\n","protected":false},"excerpt":{"rendered":"<p>Neue Wege, neue Ziele. Seit Ausbruch der Pandemie im vergangenen Fr\u00fchjahr musste auch die Bergische VHS ihre M\u00f6glichkeiten neu \u00fcberdenken, um weiterhin ihren hohen Standard gew\u00e4hrleisten zu k\u00f6nnen.\u00a0Im vergangenen Jahr wurden mehr als 200 Veranstaltungen digital angeboten, entweder zur \u00dcberbr\u00fcckung w\u00e4hrend der vor\u00fcbergehenden Schlie\u00dfung der Bergischen VHS oder auch ausschlie\u00dflich.<\/p>\n","protected":false},"author":7,"featured_media":0,"comment_status":"open","ping_status":"closed","sticky":false,"template":"","format":"standard","meta":{"footnotes":""},"categories":[27],"tags":[],"class_list":["post-33204","post","type-post","status-publish","format-standard","hentry","category-wissen"],"publishpress_future_action":{"enabled":false,"date":"2026-05-09 08:50:57","action":"change-status","newStatus":"draft","terms":[],"taxonomy":"category","extraData":[]},"publishpress_future_workflow_manual_trigger":{"enabledWorkflows":[]},"_links":{"self":[{"href":"https:\/\/www.die-stadtzeitung.de\/index.php\/wp-json\/wp\/v2\/posts\/33204","targetHints":{"allow":["GET"]}}],"collection":[{"href":"https:\/\/www.die-stadtzeitung.de\/index.php\/wp-json\/wp\/v2\/posts"}],"about":[{"href":"https:\/\/www.die-stadtzeitung.de\/index.php\/wp-json\/wp\/v2\/types\/post"}],"author":[{"embeddable":true,"href":"https:\/\/www.die-stadtzeitung.de\/index.php\/wp-json\/wp\/v2\/users\/7"}],"replies":[{"embeddable":true,"href":"https:\/\/www.die-stadtzeitung.de\/index.php\/wp-json\/wp\/v2\/comments?post=33204"}],"version-history":[{"count":4,"href":"https:\/\/www.die-stadtzeitung.de\/index.php\/wp-json\/wp\/v2\/posts\/33204\/revisions"}],"predecessor-version":[{"id":33209,"href":"https:\/\/www.die-stadtzeitung.de\/index.php\/wp-json\/wp\/v2\/posts\/33204\/revisions\/33209"}],"wp:attachment":[{"href":"https:\/\/www.die-stadtzeitung.de\/index.php\/wp-json\/wp\/v2\/media?parent=33204"}],"wp:term":[{"taxonomy":"category","embeddable":true,"href":"https:\/\/www.die-stadtzeitung.de\/index.php\/wp-json\/wp\/v2\/categories?post=33204"},{"taxonomy":"post_tag","embeddable":true,"href":"https:\/\/www.die-stadtzeitung.de\/index.php\/wp-json\/wp\/v2\/tags?post=33204"}],"curies":[{"name":"wp","href":"https:\/\/api.w.org\/{rel}","templated":true}]}}