{"id":33122,"date":"2021-01-19T12:20:00","date_gmt":"2021-01-19T11:20:00","guid":{"rendered":"https:\/\/www.die-stadtzeitung.de\/?p=33122"},"modified":"2021-01-19T12:21:16","modified_gmt":"2021-01-19T11:21:16","slug":"neue-doppelspitze-am-wuppertal-institut","status":"publish","type":"post","link":"https:\/\/www.die-stadtzeitung.de\/index.php\/2021\/01\/19\/neue-doppelspitze-am-wuppertal-institut\/","title":{"rendered":"Das Wuppertal Institut hat eine neue Doppelspitze"},"content":{"rendered":"<div id=\"attachment_33124\" class=\"wp-caption alignnone\" style=\"max-width: 1034px;\"><img loading=\"lazy\" decoding=\"async\" class=\"wp-image-33124 size-large\" src=\"\/wp-content\/uploads\/2021\/01\/WI-GF_Dedek_Fischedick_210118-1024x683.jpg\" alt=\"\" width=\"1024\" height=\"683\" \/><span class=\"wp-caption-text\">Das neue F\u00fchrungszeugnis-Duo:\u00a0Michael Dedek (l.) und\u00a0Prof. Dr.-Ing. Manfred Fischedick &#8211; \u00a9 Wuppertal Institut<\/span><\/div>\n<p>Zuvor war Michael Dedek 26 Jahre am BICC (Bonn International Center for Conversion GmbH) besch\u00e4ftigt und dort seit 2012 ebenfalls kaufm\u00e4nnischer Gesch\u00e4ftsf\u00fchrer.<span class=\"Apple-converted-space\">\u00a0<\/span><\/p>\n<p>Mit der Neubesetzung der kaufm\u00e4nnischen Institutsleitung findet zu Beginn des neuen Jahres ein Wechsel auf der F\u00fchrungsebene des Wuppertal Instituts statt. Mit Prof. Dr.-Ing. Manfred Fischedick und Michael Dedek als Doppelspitze stellt sich das Wuppertal Institut den Herausforderungen der kommenden Jahre.<\/p>\n<p>Die kaufm\u00e4nnische Gesch\u00e4ftsf\u00fchrung \u00fcbernimmt Michael Dedek in einem Jahr, in dem das Institut im Juni sein 30-j\u00e4hriges Jubil\u00e4um feiert.<span class=\"Apple-converted-space\">\u00a0<\/span><\/p>\n<p>Michael Dedek ist auf die betriebswirtschaftliche und rechtliche Steuerung von Dienstleistungsinstitutionen aus dem Bereich der Forschung und Beratung spezialisiert. Zu Michael Dedeks Aufgaben im Wuppertal Institut geh\u00f6ren insbesondere die kaufm\u00e4nnische Gesch\u00e4ftsf\u00fchrung, die betriebswirtschaftliche Steuerung des Instituts als gemeinn\u00fctzige GmbH, der Personalbereich sowie rechtliche Fragestellungen aus dem Haushaltsrecht, dem Arbeitsrecht sowie dem Steuer- und Gesellschaftsrecht.<\/p>\n<p>Die institutionelle F\u00f6rderung durch das Land NRW und das Controlling des Projekthaushalts, Abgrenzungsfragen der Gemeinn\u00fctzigkeit sowie die Leitung der Administration (Personal, Finanzen und Controlling, Projektverwaltung, Allgemeine Verwaltung) sind weitere Schwerpunkte.<span class=\"Apple-converted-space\">\u00a0<\/span><\/p>\n<p>\u201eIch freue mich darauf, am Wuppertal Institut gestaltend mitzuarbeiten, einem Institut, das sich sehr umfassend mit den wichtigsten Fragen der Zukunft dieser Welt auseinandersetzt, Wissen generiert, Debatten und Begriffe pr\u00e4gt und auch praktisch ber\u00e4t und umsetzt\u201c, sagt Michael Dedek, kaufm\u00e4nnischer Gesch\u00e4ftsf\u00fchrer des Wuppertal Instituts.<span class=\"Apple-converted-space\">\u00a0<\/span><\/p>\n<p>Der studierte \u00d6konom und Wirtschaftsjurist Michael Dedek war seit dem Gr\u00fcndungsjahr 1994 f\u00fcr das BICC (Bonn International Center for Conversation GmbH) t\u00e4tig, das ebenso wie das Wuppertal Institut Mitglied der Johannes-Rau-Forschungsgemeinschaft (JRF) ist. Zun\u00e4chst arbeitete er dort als wissenschaftlicher Mitarbeiter, sp\u00e4ter als Abteilungsleiter PR &amp; Dokumentation, Prokurist und kaufm\u00e4nnischer Leiter und war zuletzt acht Jahre kaufm\u00e4nnischer Gesch\u00e4ftsf\u00fchrer des BICC.<span class=\"Apple-converted-space\">\u00a0<\/span><\/p>\n<p>Prof. Dr.-Ing. Manfred Fischedick, wissenschaftlicher Gesch\u00e4ftsf\u00fchrer des Wuppertal Instituts: \u201eIch freue mich sehr auf die Zusammenarbeit mit Michael Dedek und die gemeinsame Gestaltung der Zukunft des Instituts.<\/p>\n<p>Dank seiner umfangreichen Expertise in der Forschungslandschaft kann er das Wuppertal Institut kaufm\u00e4nnisch und administrativ sicher lenken und wichtige Impulse f\u00fcr seine zukunftsfeste Aufstellung geben. F\u00fcr die neue Aufgabe w\u00fcnsche ich ihm im Namen des gesamten Wuppertal Instituts viel Erfolg.\u201c<span class=\"Apple-converted-space\">\u00a0<\/span><\/p>\n<p><strong>\u00dcber Michael Dedek<span class=\"Apple-converted-space\">\u00a0<\/span><\/strong><\/p>\n<p>Der geb\u00fcrtige Sauerl\u00e4nder studierte von 1986 bis 1993 Wirtschaftswissenschaft an der Ruhr- Universit\u00e4t Bochum (RUB). Erste Berufserfahrung sammelte er in Dortmund als wissenschaftlicher Mitarbeiter am Institut f\u00fcr Umweltschutz der Universit\u00e4t Dortmund (INFU) zu global wichtigen Herausforderungen und Themen.<\/p>\n<p>Von 2009 bis 2011 studierte Michael Dedek berufsbegleitend im Masterstudiengang Wirtschaftsrecht am Distance &amp; International Studies Center der Technischen Universit\u00e4t Kaiserslautern\/Universit\u00e4t des Saarlandes.<span class=\"Apple-converted-space\">\u00a0<\/span><\/p>\n","protected":false},"excerpt":{"rendered":"<p>Zum 1. Januar 2021 hat Michael Dedek die kaufm\u00e4nnische Gesch\u00e4ftsf\u00fchrung des Wuppertal Instituts \u00fcbernommen und damit \u00a0damit Brigitte Mutert-Breidbach abgel\u00f6st , die sich zum Ende des vergangenen Jahres in den Ruhestand verabschiedete. Der geb\u00fcrtige Sauerl\u00e4nder leitet nun gemeinsam mit dem wissenschaftlichen Gesch\u00e4ftsf\u00fchrer Prof. Dr.-Ing. Manfred Fischedick das Wuppertal Institut.<\/p>\n","protected":false},"author":7,"featured_media":0,"comment_status":"open","ping_status":"closed","sticky":false,"template":"","format":"standard","meta":{"footnotes":""},"categories":[27],"tags":[],"class_list":["post-33122","post","type-post","status-publish","format-standard","hentry","category-wissen"],"publishpress_future_action":{"enabled":false,"date":"2026-05-04 07:39:31","action":"change-status","newStatus":"draft","terms":[],"taxonomy":"category","extraData":[]},"publishpress_future_workflow_manual_trigger":{"enabledWorkflows":[]},"_links":{"self":[{"href":"https:\/\/www.die-stadtzeitung.de\/index.php\/wp-json\/wp\/v2\/posts\/33122","targetHints":{"allow":["GET"]}}],"collection":[{"href":"https:\/\/www.die-stadtzeitung.de\/index.php\/wp-json\/wp\/v2\/posts"}],"about":[{"href":"https:\/\/www.die-stadtzeitung.de\/index.php\/wp-json\/wp\/v2\/types\/post"}],"author":[{"embeddable":true,"href":"https:\/\/www.die-stadtzeitung.de\/index.php\/wp-json\/wp\/v2\/users\/7"}],"replies":[{"embeddable":true,"href":"https:\/\/www.die-stadtzeitung.de\/index.php\/wp-json\/wp\/v2\/comments?post=33122"}],"version-history":[{"count":4,"href":"https:\/\/www.die-stadtzeitung.de\/index.php\/wp-json\/wp\/v2\/posts\/33122\/revisions"}],"predecessor-version":[{"id":33127,"href":"https:\/\/www.die-stadtzeitung.de\/index.php\/wp-json\/wp\/v2\/posts\/33122\/revisions\/33127"}],"wp:attachment":[{"href":"https:\/\/www.die-stadtzeitung.de\/index.php\/wp-json\/wp\/v2\/media?parent=33122"}],"wp:term":[{"taxonomy":"category","embeddable":true,"href":"https:\/\/www.die-stadtzeitung.de\/index.php\/wp-json\/wp\/v2\/categories?post=33122"},{"taxonomy":"post_tag","embeddable":true,"href":"https:\/\/www.die-stadtzeitung.de\/index.php\/wp-json\/wp\/v2\/tags?post=33122"}],"curies":[{"name":"wp","href":"https:\/\/api.w.org\/{rel}","templated":true}]}}