{"id":33050,"date":"2021-01-15T13:30:04","date_gmt":"2021-01-15T12:30:04","guid":{"rendered":"https:\/\/www.die-stadtzeitung.de\/?p=33050"},"modified":"2021-01-15T13:30:04","modified_gmt":"2021-01-15T12:30:04","slug":"beethovens-big-five-cd-produktion-mit-artur-pizarro","status":"publish","type":"post","link":"https:\/\/www.die-stadtzeitung.de\/index.php\/2021\/01\/15\/beethovens-big-five-cd-produktion-mit-artur-pizarro\/","title":{"rendered":"Beethovens &#8222;Big Five&#8220; \u2013\u00a0CD-Produktion mit Artur Pizarro"},"content":{"rendered":"<div id=\"attachment_33052\" class=\"wp-caption alignnone\" style=\"max-width: 1034px;\"><img loading=\"lazy\" decoding=\"async\" class=\"size-large wp-image-33052\" src=\"\/wp-content\/uploads\/2021\/01\/Artur-Pizarro-c-privat--1024x738.jpeg\" alt=\"\" width=\"1024\" height=\"738\" \/><span class=\"wp-caption-text\">Der weltweit erfolgreiche Pianist Artur Pizarro &#8211; \u00a9 privat<\/span><\/div>\n<p>Der international gefeierte Pianist Artur Pizarro ist ein gern gesehener Gast beim Sinfonieorchester Wuppertal. Sein letzter \u00f6ffentlicher Auftritt in Wuppertal mit Beethovens 4. Klavierkonzert begeisterte Presse und Publikum gleicherma\u00dfen.<\/p>\n<p>F\u00fcr die aktuelle CD-Produktion stehen &#8222;The Big Five&#8220; \u2013 die f\u00fcnf Klavierkonzerte Ludwig van Beethovens \u2013 auf dem Programm, eine Art Marathon, der urspr\u00fcnglich schon im Fr\u00fchjahr als Konzert vor Publikum programmiert war und mit dem man auf Tournee nach Portugal gehen wollte. Aber wie bei vielen anderen Projekten kam dem Sinfonieorchester Wuppertal die Coronapandemie in die Quere.<\/p>\n<p>Die CD-Aufnahme findet in der Immanuelskirche Wuppertal statt; die Klavierkonzerte Nr. 1 bis 3 werden im Januar aufgezeichnet, die Konzerte Nr. 4 und 5 folgen im Laufe des Fr\u00fchjahrs. In Kooperation mit dem renommierten Klavierbauer C. Bechstein kann sich Artur Pizarro einen Bechstein-Fl\u00fcgel der Reihe D 282 aussuchen, der ihm extra f\u00fcr die Aufnahme zur Verf\u00fcgung gestellt wird.<\/p>\n<p>Artur Pizarro hat bereits zahlreiche CDs beim Label Odradek Records ver\u00f6ffentlicht. Neben Solo-CDs erschien 2019 eine Aufnahme von Francis Poulencs Klavierkonzert in cis-Moll mit den Bamberger Symphonikern unter Leitung von Thomas R\u00f6sner.<\/p>\n<p>Mit der CD-Aufnahme aller f\u00fcnf Klavierkonzerte leistet das Sinfonieorchester Wuppertal einen bedeutenden Beitrag zum 250. Geburtstag Ludwig van Beethovens, dessen Jubil\u00e4umsjahr anders ausgefallen ist, als man sich gew\u00fcnscht hat.<\/p>\n<p>Urspr\u00fcnglich sollte das Jahr weltweit gro\u00df gefeiert werden, doch es kam anders. Zahlreiche Jubil\u00e4umskonzerte mussten abgesagt werden, lang geplante Tourneen der gro\u00dfen Orchester dieser Welt wurden gecancelt. Auch in Wuppertal lie\u00df die Coronapandemie einen Gro\u00dfteil aller Programmpl\u00e4ne rund um den 250. Geburtstag Ludwig van Beethovens platzen.<\/p>\n<p>Umso dringender ist nun der Wunsch, mit der Aufnahme der Klavierkonzerte den musikalischen Giganten zu ehren. Beethoven ist unbestritten einer der bedeutendsten Komponisten der westlichen Kunstmusik. Wie kaum ein anderer pr\u00e4gte er die klassische Musik und unsere H\u00f6rgewohnheiten und wirkt bis heute in unsere Gesellschaft hinein.<\/p>\n<p>In Beethovens Klavierkonzerten kann in konzentrierter Form die Entwicklung dieses Genres nachvollzogen werden. Die Abkehr vom virtuosen Wettstreit des Klaviers gegen den Orchesterapparat hin zur Integration des Soloinstruments in den Orchesterklang ist ein wesentlicher Aspekt, der zu einem vollst\u00e4ndig neuen Verst\u00e4ndnis und zur Aufwertung der Gattung Klavierkonzert f\u00fchrte. Die Konzerte wurden immer umfangreicher, dramatischer und ausdrucksst\u00e4rker.<\/p>\n<p>Wann die CD \u00a0ver\u00f6ffentlicht wird, erfahren Sie rechtzeitig an dieser Stelle.<\/p>\n<p><b>\u00a0<\/b><\/p>\n<p><b>LUDWIG VAN BEETHOVENS KLAVIERKONZERTE<\/b><\/p>\n<p>Artur Pizarro &#8211; Klavier<br \/>\nSinfonieorchester Wuppertal<br \/>\nJulia Jones &#8211; Dirigentin<br \/>\nCD-Aufnahme f\u00fcr das Label Odradek Records<\/p>\n<p>LUDWIG VAN BEETHOVEN<br \/>\nKlavierkonzert Nr. 1 C-Dur op. 15<br \/>\nKlavierkonzert Nr. 2 B-Dur op. 19<br \/>\nKlavierkonzert Nr. 3 c-Moll op. 37<br \/>\nKlavierkonzert Nr. 4 G-Dur op. 58<br \/>\nKlavierkonzert Nr. 5 Es-Dur op. 73<\/p>\n","protected":false},"excerpt":{"rendered":"<p>Das Sinfonieorchester Wuppertal nimmt gemeinsam mit dem portugiesischen Starpianisten Artur Pizarro unter Leitung von Generalmusikdirektorin Julia Jones in den kommenden Tagen Ludwig van Beethovens Klavierkonzerte f\u00fcr das CD-Label Odradek Records in der Immanuelskirche auf.<\/p>\n","protected":false},"author":7,"featured_media":0,"comment_status":"open","ping_status":"closed","sticky":false,"template":"","format":"standard","meta":{"footnotes":""},"categories":[29],"tags":[],"class_list":["post-33050","post","type-post","status-publish","format-standard","hentry","category-kultur"],"publishpress_future_action":{"enabled":false,"date":"2026-05-05 02:30:56","action":"change-status","newStatus":"draft","terms":[],"taxonomy":"category","extraData":[]},"publishpress_future_workflow_manual_trigger":{"enabledWorkflows":[]},"_links":{"self":[{"href":"https:\/\/www.die-stadtzeitung.de\/index.php\/wp-json\/wp\/v2\/posts\/33050","targetHints":{"allow":["GET"]}}],"collection":[{"href":"https:\/\/www.die-stadtzeitung.de\/index.php\/wp-json\/wp\/v2\/posts"}],"about":[{"href":"https:\/\/www.die-stadtzeitung.de\/index.php\/wp-json\/wp\/v2\/types\/post"}],"author":[{"embeddable":true,"href":"https:\/\/www.die-stadtzeitung.de\/index.php\/wp-json\/wp\/v2\/users\/7"}],"replies":[{"embeddable":true,"href":"https:\/\/www.die-stadtzeitung.de\/index.php\/wp-json\/wp\/v2\/comments?post=33050"}],"version-history":[{"count":2,"href":"https:\/\/www.die-stadtzeitung.de\/index.php\/wp-json\/wp\/v2\/posts\/33050\/revisions"}],"predecessor-version":[{"id":33053,"href":"https:\/\/www.die-stadtzeitung.de\/index.php\/wp-json\/wp\/v2\/posts\/33050\/revisions\/33053"}],"wp:attachment":[{"href":"https:\/\/www.die-stadtzeitung.de\/index.php\/wp-json\/wp\/v2\/media?parent=33050"}],"wp:term":[{"taxonomy":"category","embeddable":true,"href":"https:\/\/www.die-stadtzeitung.de\/index.php\/wp-json\/wp\/v2\/categories?post=33050"},{"taxonomy":"post_tag","embeddable":true,"href":"https:\/\/www.die-stadtzeitung.de\/index.php\/wp-json\/wp\/v2\/tags?post=33050"}],"curies":[{"name":"wp","href":"https:\/\/api.w.org\/{rel}","templated":true}]}}