{"id":32918,"date":"2021-01-05T13:20:01","date_gmt":"2021-01-05T12:20:01","guid":{"rendered":"https:\/\/www.die-stadtzeitung.de\/?p=32918"},"modified":"2021-01-12T12:04:36","modified_gmt":"2021-01-12T11:04:36","slug":"von-der-heide-museum-robke-stiftung-stiftet-acht-werke","status":"publish","type":"post","link":"https:\/\/www.die-stadtzeitung.de\/index.php\/2021\/01\/05\/von-der-heide-museum-robke-stiftung-stiftet-acht-werke\/","title":{"rendered":"Von der Heydt-Museum:\u00a0Robke-Stiftung stiftet acht Werke\u00a0"},"content":{"rendered":"<div id=\"attachment_32920\" class=\"wp-caption alignnone\" style=\"max-width: 1034px;\"><img loading=\"lazy\" decoding=\"async\" class=\"size-large wp-image-32920\" src=\"\/wp-content\/uploads\/2021\/01\/DSCF3328-1024x675.jpeg\" alt=\"\" width=\"1024\" height=\"675\" \/><span class=\"wp-caption-text\">Dr. Roland M\u00f6nig (l.) und Eberhard Robke vor der Zeichnung Hannsj\u00f6rg Voth, \u201eGoldene Spirale\u201c, 1995 &#8211; (\u00a9 Voth VG Bild-Kunst, Bonn 2021)<\/span><\/div>\n<p>Die Werke waren zum Gro\u00dfteil in der Ausstellung \u201eHannsj\u00f6rg Voth \u2013 Zu Lande und zu Wasser\u201c seit 19. Mai 2020 im Von der Heydt-Museum Wuppertal zu sehen. Dank der guten Zusammenarbeit mit dem K\u00fcnstler konnte die Ausstellung bis 10. Januar verl\u00e4ngert werden.<\/p>\n<p>Heute stellten Eberhard Robke, Museumsdirektor Dr. Roland M\u00f6nig und Kuratorin Dr. Anna Storm den aktuellen Ankauf vor. Die Idee zur Ausstellung im Von der Heydt-Museum sowie den Kontakt zum K\u00fcnstler vermittelte Eberhard Robke.<\/p>\n<p>Die nun gestifteten Werke erg\u00e4nzen die Sammlung des Von der Heydt-Museums bestens und schlie\u00dfen dort an bedeutende Beispiele der Land Art an, etwa von Richard Long und Dennis Oppenheim.<\/p>\n<p>Hannsj\u00f6rg Voth (geboren 1940) ist seit den 1970er Jahren f\u00fcr seine Aufsehen erregenden Land Art-Projekte bekannt. Das Von der Heydt-Museum widmete dem in M\u00fcnchen und Niederbayern lebenden K\u00fcnstler eine umfassende Werkschau, die acht seiner Gro\u00dfprojekte wie \u201eFeldzeichen\u201c (1975), \u201eReise ins Meer\u201c (1978), \u201eBoot aus Stein\u201c (1978-1981) und die in Marokko errichtete \u201eHimmelstreppe\u201c (1980-1987) in Zeichnungen, Modellen und Fotografien dokumentierte.<\/p>\n<p>Ingrid Amslinger hat in ihren Schwarz-Wei\u00df-Fotografien einen zur\u00fcckgenommenen und zugleich eindringlichen Weg gefunden, Voths ambitionierte Projekte f\u00fcr die Ewigkeit festzuhalten.<\/p>\n<p>Die Renate und Eberhard Robke-Stiftung wurde 2005 von dem Wuppertaler Unternehmer und Kulturf\u00f6rderer und seiner inzwischen verstorbenen Ehefrau Renate ins Leben gerufen. Den Stiftungsvorstand bilden Eberhard Robke und Tochter Bettina Robke-Bergmann.<\/p>\n<p>Dem Beirat geh\u00f6ren an: Dr. Ulrike Groos, Direktorin des Kunstmuseums Stuttgart, Dr. Joachim Schmidt-Hermesdorf, Vorstandsvorsitzender des Kunst- und Museumsvereins Wuppertal, und Dr. Roland M\u00f6nig, Direktor des Von der Heydt-Museum.<\/p>\n<p>Die von der Renate und Eberhard Robke-Stiftung erworbenen Werke gehen in den Besitz des Kunst- und Museumsvereins Wuppertal ein, um die Sammlung des Von der Heydt-Museums zu erg\u00e4nzen. Zuletzt angekauft wurden Werke von Bogomir Ecker (2019), Julio Rondo (2018) und Driss Ouadahi (2018).<\/p>\n<p>&nbsp;<\/p>\n<p>&nbsp;<\/p>\n","protected":false},"excerpt":{"rendered":"<p>Die Renate und Eberhard-Robke-Stiftung hat acht Werke von Hannsj\u00f6rg Voth f\u00fcr den Kunst- und Museumsverein im Von der Heydt-Museum Wuppertal erworben. Es handelt sich um drei teils gro\u00dfformatige Arbeiten auf Papier sowie f\u00fcnf Fotografien der Aktionen des Land-Art-K\u00fcnstlers Voth, die Ingrid Amslinger in Schwarz-Wei\u00df festgehalten hat.<\/p>\n","protected":false},"author":7,"featured_media":0,"comment_status":"open","ping_status":"closed","sticky":false,"template":"","format":"standard","meta":{"footnotes":""},"categories":[29],"tags":[],"class_list":["post-32918","post","type-post","status-publish","format-standard","hentry","category-kultur"],"publishpress_future_action":{"enabled":false,"date":"2026-05-06 05:37:44","action":"change-status","newStatus":"draft","terms":[],"taxonomy":"category","extraData":[]},"publishpress_future_workflow_manual_trigger":{"enabledWorkflows":[]},"_links":{"self":[{"href":"https:\/\/www.die-stadtzeitung.de\/index.php\/wp-json\/wp\/v2\/posts\/32918","targetHints":{"allow":["GET"]}}],"collection":[{"href":"https:\/\/www.die-stadtzeitung.de\/index.php\/wp-json\/wp\/v2\/posts"}],"about":[{"href":"https:\/\/www.die-stadtzeitung.de\/index.php\/wp-json\/wp\/v2\/types\/post"}],"author":[{"embeddable":true,"href":"https:\/\/www.die-stadtzeitung.de\/index.php\/wp-json\/wp\/v2\/users\/7"}],"replies":[{"embeddable":true,"href":"https:\/\/www.die-stadtzeitung.de\/index.php\/wp-json\/wp\/v2\/comments?post=32918"}],"version-history":[{"count":3,"href":"https:\/\/www.die-stadtzeitung.de\/index.php\/wp-json\/wp\/v2\/posts\/32918\/revisions"}],"predecessor-version":[{"id":32944,"href":"https:\/\/www.die-stadtzeitung.de\/index.php\/wp-json\/wp\/v2\/posts\/32918\/revisions\/32944"}],"wp:attachment":[{"href":"https:\/\/www.die-stadtzeitung.de\/index.php\/wp-json\/wp\/v2\/media?parent=32918"}],"wp:term":[{"taxonomy":"category","embeddable":true,"href":"https:\/\/www.die-stadtzeitung.de\/index.php\/wp-json\/wp\/v2\/categories?post=32918"},{"taxonomy":"post_tag","embeddable":true,"href":"https:\/\/www.die-stadtzeitung.de\/index.php\/wp-json\/wp\/v2\/tags?post=32918"}],"curies":[{"name":"wp","href":"https:\/\/api.w.org\/{rel}","templated":true}]}}