{"id":32898,"date":"2021-01-13T17:10:05","date_gmt":"2021-01-13T16:10:05","guid":{"rendered":"https:\/\/www.die-stadtzeitung.de\/?p=32898"},"modified":"2021-01-14T11:40:19","modified_gmt":"2021-01-14T10:40:19","slug":"ein-frau-engels-stueck-mit-julia-wolff","status":"publish","type":"post","link":"https:\/\/www.die-stadtzeitung.de\/index.php\/2021\/01\/13\/ein-frau-engels-stueck-mit-julia-wolff\/","title":{"rendered":"Ein-Frau-Engels-St\u00fcck mit Julia Wolff"},"content":{"rendered":"<div id=\"attachment_32900\" class=\"wp-caption alignnone\" style=\"max-width: 1034px;\"><img loading=\"lazy\" decoding=\"async\" class=\"wp-image-32900 size-large\" src=\"\/wp-content\/uploads\/2021\/01\/Ich-kann-des-Nachts-nicht-schlafen_Foto_Laura-Alina-Bl\u00fcming-1024x732.jpeg\" alt=\"\" width=\"1024\" height=\"732\" \/><span class=\"wp-caption-text\">Julia Wolff macht als Friedrich Engels eine gute Figur &#8211; \u00a9 Wuppertaler B\u00fchnen \/ die b\u00f6rse<\/span><\/div>\n<p>Darstellerin in dem Ein-Frau-St\u00fcck aus der Feder von Regisseur Torsten Krug ist Julia Wolff. Die Urauff\u00fchrung wird auf der Streaming-Plattform www.Stew.One\/ \u00fcbertragen. Weitere Auff\u00fchrungen mit Publikumspr\u00e4senz folgen voraussichtlich ab M\u00e4rz und im Herbst 2021.<span class=\"Apple-converted-space\">\u00a0<\/span><\/p>\n<p>Fast zwei Jahrzehnte, von 1850 bis 1869, lebt Friedrich Engels in Manchester ein Leben voller Widerspr\u00fcche. Tags\u00fcber &#8222;Baumwoll-Lord&#8220;, des Nachts revolution\u00e4rer Sozialist, wird er zum Mitbegr\u00fcnder einer Lehre, die seinen eigenen Klasseninteressen widerspricht.<\/p>\n<p>Um die kommunistische Sache voranzutreiben, unterst\u00fctzt er Marx mit regelm\u00e4\u00dfigen Unterhaltszahlungen und steht ihm als Briefpartner mit Recherchen und Expertisen aus der kapitalistischen Praxis beim Schreiben zur Seite.<\/p>\n<p>F\u00fcr Gesch\u00e4ftspartner muss er die Fassade des Besitzb\u00fcrgers aufrecht erhalten, als Bourgeois und Kapitalist mit repr\u00e4sentativer Wohnung beteiligt er sich an der Fuchsjagd. Privat unterh\u00e4lt er als Liebhaber der irischen Arbeiterinnen Mary und Lizzie Burns eine geheime Zweitwohnung.<span class=\"Apple-converted-space\">\u00a0<\/span><\/p>\n<p>Die Engelsmaschine macht die Parallelwelten und Engels Verwandlungen zum Thema \u2013 wie auch den &#8222;ersten Klassengegensatz, der in der Geschichte auftritt&#8220;: &#8222;den Antagonismus von Mann und Weib&#8220;. Eine Frau von heute taucht ein in die Gedankenwelt von Friedrich Engels, die viel \u00fcber unsere moderne Welt zu erz\u00e4hlen hat. Umgeben von Technik und Kameras, geht Engels auf Sendung, mit allen Widerspr\u00fcchen.<span class=\"Apple-converted-space\">\u00a0<\/span><\/p>\n<p>Eine Produktion der b\u00f6rse zum Engelsjahr 2020\/21 mit freundlicher Unterst\u00fctzung der Dr. Werner Jackst\u00e4dt-Stiftung, des Kulturb\u00fcros der Stadt Wuppertal, der GEDOK Wuppertal und von Christian Baierl.<\/p>\n<p><strong><span class=\"Apple-converted-space\">&#8222;Ich kann des Nachts nicht schlafen vor \u00a0lauter Ideen des Jahrhunderts&#8220;<\/span><\/strong><\/p>\n<p>Mit: Julia Wolff<br \/>\nBuch und Regie: Torsten Krug<br \/>\nB\u00fchne und Kost\u00fcme: Manfred Marczewski<\/p>\n<p>Live-Kamera: Laura-Alina Bl\u00fcming<span class=\"Apple-converted-space\">\u00a0<\/span><\/p>\n<p>Premiere: Freitag &#8211; 15. Januar &#8211; 19:30 Uhr |<\/p>\n<p>die b\u00f6rse auf www.stew.one|<br \/>\nweitere Auff\u00fchrungen im Fr\u00fchjahr und Herbst 2021<\/p>\n","protected":false},"excerpt":{"rendered":"<p>In &#8222;der b\u00f6rse&#8220; herrscht auch w\u00e4hrend des Lockdowns kein Stillstand. Derzeit gehen hier die Proben f\u00fcr die Urauff\u00fchrung von &#8222;Ich kann des Nachts nicht schlafen vor lauter Ideen des Jahrhunderts&#8220; in die finale Phase. Die Premiere des Theaterst\u00fccks zum Engelsjahr findet am Freitag (15.01.) statt &#8211; aufgrund der Corona-Pandemie online.\u00a0<\/p>\n","protected":false},"author":7,"featured_media":0,"comment_status":"open","ping_status":"closed","sticky":false,"template":"","format":"standard","meta":{"footnotes":""},"categories":[29],"tags":[],"class_list":["post-32898","post","type-post","status-publish","format-standard","hentry","category-kultur"],"publishpress_future_action":{"enabled":false,"date":"2026-05-08 23:01:12","action":"change-status","newStatus":"draft","terms":[],"taxonomy":"category","extraData":[]},"publishpress_future_workflow_manual_trigger":{"enabledWorkflows":[]},"_links":{"self":[{"href":"https:\/\/www.die-stadtzeitung.de\/index.php\/wp-json\/wp\/v2\/posts\/32898","targetHints":{"allow":["GET"]}}],"collection":[{"href":"https:\/\/www.die-stadtzeitung.de\/index.php\/wp-json\/wp\/v2\/posts"}],"about":[{"href":"https:\/\/www.die-stadtzeitung.de\/index.php\/wp-json\/wp\/v2\/types\/post"}],"author":[{"embeddable":true,"href":"https:\/\/www.die-stadtzeitung.de\/index.php\/wp-json\/wp\/v2\/users\/7"}],"replies":[{"embeddable":true,"href":"https:\/\/www.die-stadtzeitung.de\/index.php\/wp-json\/wp\/v2\/comments?post=32898"}],"version-history":[{"count":2,"href":"https:\/\/www.die-stadtzeitung.de\/index.php\/wp-json\/wp\/v2\/posts\/32898\/revisions"}],"predecessor-version":[{"id":32901,"href":"https:\/\/www.die-stadtzeitung.de\/index.php\/wp-json\/wp\/v2\/posts\/32898\/revisions\/32901"}],"wp:attachment":[{"href":"https:\/\/www.die-stadtzeitung.de\/index.php\/wp-json\/wp\/v2\/media?parent=32898"}],"wp:term":[{"taxonomy":"category","embeddable":true,"href":"https:\/\/www.die-stadtzeitung.de\/index.php\/wp-json\/wp\/v2\/categories?post=32898"},{"taxonomy":"post_tag","embeddable":true,"href":"https:\/\/www.die-stadtzeitung.de\/index.php\/wp-json\/wp\/v2\/tags?post=32898"}],"curies":[{"name":"wp","href":"https:\/\/api.w.org\/{rel}","templated":true}]}}