{"id":32701,"date":"2020-12-22T16:17:57","date_gmt":"2020-12-22T15:17:57","guid":{"rendered":"https:\/\/www.die-stadtzeitung.de\/?p=32701"},"modified":"2022-01-20T23:07:22","modified_gmt":"2022-01-20T22:07:22","slug":"jean-puetz-wurde-irrtuemlich-corona-krank-geschrieben","status":"publish","type":"post","link":"https:\/\/www.die-stadtzeitung.de\/index.php\/2020\/12\/22\/jean-puetz-wurde-irrtuemlich-corona-krank-geschrieben\/","title":{"rendered":"Jean P\u00fctz wurde irrt\u00fcmlich &#8222;Corona-krank&#8220; geschrieben"},"content":{"rendered":"<div id=\"attachment_45228\" class=\"wp-caption alignnone\" style=\"max-width: 1034px;\"><img loading=\"lazy\" decoding=\"async\" class=\"size-large wp-image-45228\" src=\"\/wp-content\/uploads\/2020\/12\/DSC03937-1024x748.jpg\" alt=\"\" width=\"1024\" height=\"748\" \/><span class=\"wp-caption-text\">Klugheit und Humor zeichnen den Wissenschaftsjournalisten Jean P\u00fctz aus &#8211; \u00a9 Dr. Susanne Bellenbaum<\/span><\/div>\n<p>Der Redakteur ist einer Namensverwechslung auf den Leim gegangen.\u00a0Jean P\u00fctz (83) nimmt die Sache mit Humor: &#8222;Auf den Zeitungs-Bericht haben sich viele meiner Freunde gemeldet. Aber: Hurra, ich lebe noch und war nie Corona-krank. Ist doch klar, ich wei\u00df mich doch dagegen zu sch\u00fctzen &#8211; und zwar mit einer selbst entwickelten Maske, mit Teebaum\u00f6l und Desinfektionsmittel nach eigenem Rezept sowie Abstandshaltung. Demn\u00e4chst werde ich mich auch selbstverst\u00e4ndlich impfen lassen.&#8220;<\/p>\n<p>Jean P\u00fctz: &#8222;Bei der Namenverwechslung handelte es sich um einen nicht mit mir verwandten J\u00f6rg P\u00fctz. Er hat das bedauernswerte Schicksal durchlitten. Doch das Positive an der Geschichte ist: Er hat \u00fcberlebt. Welche Nachwirkungen ihn heute noch qu\u00e4len, das wird mein Namensvetter sicher in der WDR-Sendung &#8222;Hirschhausens Sprechstunde&#8220; meines Kollegen Dr. Eckart von Hirschhausen beschreiben, in die er eingeladen wurde. Hoffentlich kommt dann auch zur Sprache, dass, wenn vom RKI die Anzahl der Genesenen verk\u00fcndet wird, es noch lange nicht hei\u00dft, dass diese Menschen gesundet sind.&#8220;<\/p>\n<p>Der Wissenschaftsjournalist weiter: &#8222;Corona ist nicht nur eine Lungenkrankheit, sondern das Virus kann alle wichtigen Organe und sogar das Gehirn befallen. (Beobachten Sie doch einmal Donald Trump und Boris Johnson und viele Querdenker.) Auf diese Tatsache habe ich in meiner Facebook-Kolumne immer wieder hingewiesen, wenn Corona-Verweigerer die Krankheit mit einer leichten Grippe verwechselten.&#8220;<\/p>\n<p>Der Redakteur hat Jean P\u00fctz inzwischen angerufen und sich bei ihm entschuldigt. Damit ist die Sache f\u00fcr den TV-Mann erledigt: &#8222;Ich habe die ehrliche Entschuldigung angenommen. Irren ist menschlich. Der Autor dieser &#8218;Fake News&#8216; hat die Geschichte inzwischen auch richtig gestellt \u2013 alle, die wieder von L\u00fcgenpresse geredet haben, sollten sich beruhigen.&#8220;<\/p>\n<p>Und last but not least: &#8222;Ich m\u00f6chte die Gelegenheit wahrnehmen, allen Corona-angemessene fr\u00f6hliche Weihnachten und ein politisch und gesundheitlich besseres Jahr 2021 w\u00fcnschen. Hoffentlich konnten Sie sich abkoppeln von dem allgemeinen postfaktischem Zeitgeist und Ihr pers\u00f6nliches Gl\u00fcck aufrechterhalten in der Hoffnung, dass das Neue Jahr Ihnen, Gesundheit, Frieden, Erfolg und Zuversicht beschert &#8211; die Hoffnung stirbt zuletzt.&#8220;<\/p>\n<p>Herzlichst<span class=\"Apple-converted-space\">\u00a0<\/span><\/p>\n<p>Ihr quick-lebendiger<\/p>\n<p><strong>Jean P\u00fctz<\/strong><\/p>\n<p>&nbsp;<\/p>\n<div id=\"attachment_32705\" class=\"wp-caption alignnone\" style=\"max-width: 1034px;\"><img loading=\"lazy\" decoding=\"async\" class=\"size-large wp-image-32705\" src=\"\/wp-content\/uploads\/2020\/12\/DSC03937-1024x748.jpeg\" alt=\"\" width=\"1024\" height=\"748\" \/><span class=\"wp-caption-text\">Jean P\u00fctz ver\u00f6ffentlich auf Facebook regelm\u00e4ssig seine beliebte Kolumne &#8222;Gib der Vernunft eine Chance&#8220; &#8211; \u00a9 Dr. Susanne Bellenbaum<\/span><\/div>\n<p>&nbsp;<\/p>\n<p>&nbsp;<\/p>\n","protected":false},"excerpt":{"rendered":"<p>Den unverw\u00fcstlichen Jean P\u00fctz haut nichts so schnell um! Eine Ruhrgebiets-Zeitung hatte dem bekannten Wissenschaftsjournalisten und TV-Moderator (&#8222;Hobbythek&#8220;) eine schwere Corona-Erkrankung angedichtet. Sein Freundeskreis und seine Fans hatten sich schon gro\u00dfe Sorgen um den beliebten TV-Mann gemacht. Zum Gl\u00fcck war alles nur ein Irrtum! Jean P\u00fctz erfreut sich bester Gesundheit.<\/p>\n","protected":false},"author":7,"featured_media":0,"comment_status":"open","ping_status":"closed","sticky":false,"template":"","format":"standard","meta":{"footnotes":""},"categories":[19],"tags":[],"class_list":["post-32701","post","type-post","status-publish","format-standard","hentry","category-weitblick"],"publishpress_future_action":{"enabled":false,"date":"2026-05-05 02:29:49","action":"change-status","newStatus":"draft","terms":[],"taxonomy":"category","extraData":[]},"publishpress_future_workflow_manual_trigger":{"enabledWorkflows":[]},"_links":{"self":[{"href":"https:\/\/www.die-stadtzeitung.de\/index.php\/wp-json\/wp\/v2\/posts\/32701","targetHints":{"allow":["GET"]}}],"collection":[{"href":"https:\/\/www.die-stadtzeitung.de\/index.php\/wp-json\/wp\/v2\/posts"}],"about":[{"href":"https:\/\/www.die-stadtzeitung.de\/index.php\/wp-json\/wp\/v2\/types\/post"}],"author":[{"embeddable":true,"href":"https:\/\/www.die-stadtzeitung.de\/index.php\/wp-json\/wp\/v2\/users\/7"}],"replies":[{"embeddable":true,"href":"https:\/\/www.die-stadtzeitung.de\/index.php\/wp-json\/wp\/v2\/comments?post=32701"}],"version-history":[{"count":5,"href":"https:\/\/www.die-stadtzeitung.de\/index.php\/wp-json\/wp\/v2\/posts\/32701\/revisions"}],"predecessor-version":[{"id":45229,"href":"https:\/\/www.die-stadtzeitung.de\/index.php\/wp-json\/wp\/v2\/posts\/32701\/revisions\/45229"}],"wp:attachment":[{"href":"https:\/\/www.die-stadtzeitung.de\/index.php\/wp-json\/wp\/v2\/media?parent=32701"}],"wp:term":[{"taxonomy":"category","embeddable":true,"href":"https:\/\/www.die-stadtzeitung.de\/index.php\/wp-json\/wp\/v2\/categories?post=32701"},{"taxonomy":"post_tag","embeddable":true,"href":"https:\/\/www.die-stadtzeitung.de\/index.php\/wp-json\/wp\/v2\/tags?post=32701"}],"curies":[{"name":"wp","href":"https:\/\/api.w.org\/{rel}","templated":true}]}}