{"id":32484,"date":"2020-12-13T10:29:35","date_gmt":"2020-12-13T09:29:35","guid":{"rendered":"https:\/\/www.die-stadtzeitung.de\/?p=32484"},"modified":"2022-01-24T09:51:27","modified_gmt":"2022-01-24T08:51:27","slug":"wow-wuppertal-stadt-der-weltmarktfuehrer","status":"publish","type":"post","link":"https:\/\/www.die-stadtzeitung.de\/index.php\/2020\/12\/13\/wow-wuppertal-stadt-der-weltmarktfuehrer\/","title":{"rendered":"WOW! WUPPERTAL!  Stadt der Weltmarktf\u00fchrer."},"content":{"rendered":"<div id=\"attachment_43910\" class=\"wp-caption alignnone\" style=\"max-width: 950px;\"><img loading=\"lazy\" decoding=\"async\" class=\" wp-image-43910\" src=\"\/wp-content\/uploads\/2021\/12\/71aeab1b557556c90eb3720f75d7c61c-2.jpeg\" alt=\"\" width=\"940\" height=\"637\" \/><span class=\"wp-caption-text\">Vok Dams (r.) mit dem K\u00fcnstler Christian Von Grumbkow &#8211; \u00a9 Vok Dams iNotes<\/span><\/div>\n<p>Vok Dams h\u00e4lt es als Marketing-Experte f\u00fcr sehr wichtig, die Vorteile des Standortes mit seiner kulturellen Vielfalt und wirtschaftlichen St\u00e4rke auch \u00fcber die Grenzen der Stadt hinaus bekannt zu machen.<\/p>\n<p>\u201eWuppertal verkauft sich unter Wert\u201c, ist seine fachliche Einsch\u00e4tzung. \u201eDie positiven Aspekte spiegeln sich dann auch mehr in einzelnen Berichten \u00fcberregionaler Publikationen, als in dem Bewusstsein der Wuppertaler und ihrer Nachbarn\u201c.<\/p>\n<p>Vok Dams verweist in diesem Zusammenhang auf die aktuelle Berichterstattung \u00fcber ein Ranking der St\u00e4dte mit den meisten Weltmarktf\u00fchrern, das das Wirtschaftsportal \u201eDie deutsche Wirtschaft\u201c erstellt hat.<span class=\"Apple-converted-space\">\u00a0<\/span><\/p>\n<p>&#8222;Ein au\u00dfergew\u00f6hnlicher Anlass, um auch in WUPPERTAL mit der \u00dcberschrift \u201eWuppertal ist die Stadt der Weltmarktf\u00fchrer\u201c stolz auf darauf hinzuweisen, dass die Stadt mit 15 Weltmarktf\u00fchrern an f\u00fcnfter Stelle nach Hamburg, M\u00fcnchen, Berlin und K\u00f6ln noch vor D\u00fcsseldorf platziert ist.&#8220;<\/p>\n<p>Das d\u00fcrfte eigentlich niemanden \u00fcberraschen, der sich in der Vergangenheit etwas intensiver mit der Wuppertaler Wirtschaft befasst hat. Beispielsweise ist das Unternehmen Vorwerk, um nur einen Wuppertaler Weltmarktf\u00fchrer hervorzuheben, mit seiner Produkt-Palette rund um den Globus erfolgreich. Au\u00dferdem (u.a.) in der Liste: Coroplast, die Walker Klein Gruppe (WKG), Knipex, Vok Dams worldwide und Tielenhaus Technologies.<\/p>\n<p>Der \u201eWuppertaler Wirtschaftspreis\u201c, der seit Jahren durchgef\u00fchrte Wettbewerb, demonstriert als starke Marketing-Ma\u00dfnahme Jahr f\u00fcr Jahr die Leistungsf\u00e4higkeit der Wuppertaler Wirtschaft.<\/p>\n<div id=\"attachment_32486\" class=\"wp-caption alignnone\" style=\"max-width: 1034px;\"><img loading=\"lazy\" decoding=\"async\" class=\"size-large wp-image-32486\" src=\"\/wp-content\/uploads\/2020\/12\/IMG_0069-1024x768.jpeg\" alt=\"\" width=\"1024\" height=\"768\" \/><span class=\"wp-caption-text\">Die Weltmarktf\u00fchrer, aufgelistet von &#8222;Die deutsche Wirtschaft&#8220; &#8211; \u00a9 Vok Dams iNotes<\/span><\/div>\n<p>Vok Dams: &#8222;Mit eindrucksvollen Veranstaltungen zur jeweiligen Preisverleihung war es dann aber auch getan. Konzepte zur Nachhaltigkeit in der Auswertung und Kommunikation fehlten, eine Wertsch\u00f6pfung f\u00fcr WUPPERTAL als Stadt-Marke konnte nicht generiert werden.&#8220; <span class=\"Apple-converted-space\">\u00a0<\/span><\/p>\n<p>Und dann noch Corona. Der Lockdown verhinderte die Durchf\u00fchrung des Wettbewerbes &#8222;Wuppertaler Wirtschaftspreis 2020&#8220;.<\/p>\n<p>Der Wuppertal Botschafter: &#8222;Doch gerade jetzt w\u00e4re es wichtig, Zeichen zu setzen. Flexibilit\u00e4t und St\u00e4rke zu demonstrieren. Eigenschaften, die man einer starken Marke zuordnet. Ein Aufmacher \u201eWuppertal ist die Stadt der Weltmarktf\u00fchrer\u201c ist da schon was.&#8220;<\/p>\n<p>Vok Dams weiter: &#8222;Ein Ranking des Wirtschaftsportals \u201eDie deutsche Wirtschaft\u201c, das WUPPERTAL mit 15 Weltmarktf\u00fchrern auf dem 5. Platz listet, sollte nachhaltig genutzt werden. F\u00fcr eine Stadt-Marke WUPPERTAL. Eine Steilvorlage f\u00fcr unseren wichtigsten Wuppertal-Botschafter:<span class=\"Apple-converted-space\">\u00a0<\/span>Oberb\u00fcrgermeister Uwe Schneidewind.&#8220;<\/p>\n<p><a href=\"https:\/\/die-deutsche-wirtschaft.de\/datenbank-weltmarktfuehrer-nach-staedten\/\">https:\/\/die-deutsche-wirtschaft.de\/datenbank-weltmarktfuehrer-nach-staedten\/<\/a><\/p>\n","protected":false},"excerpt":{"rendered":"<p>Vok Dams ist geb\u00fcrtiger Wuppertaler. Er ist Dipl.- Ingenieur, Unternehmensgr\u00fcnder, Journalist, Buchautor und Marketingfachmann. Vor allem aber: Vok Dams ist Wuppertal Botschafter. In dieser Eigenschaft k\u00e4mpft er seit Jahren darum, Wuppertal st\u00e4rker als Stadt-Marke zu definieren.\u00a0<\/p>\n","protected":false},"author":7,"featured_media":0,"comment_status":"open","ping_status":"closed","sticky":false,"template":"","format":"standard","meta":{"footnotes":""},"categories":[26],"tags":[],"class_list":["post-32484","post","type-post","status-publish","format-standard","hentry","category-politik"],"publishpress_future_action":{"enabled":false,"date":"2026-05-07 03:44:58","action":"change-status","newStatus":"draft","terms":[],"taxonomy":"category","extraData":[]},"publishpress_future_workflow_manual_trigger":{"enabledWorkflows":[]},"_links":{"self":[{"href":"https:\/\/www.die-stadtzeitung.de\/index.php\/wp-json\/wp\/v2\/posts\/32484","targetHints":{"allow":["GET"]}}],"collection":[{"href":"https:\/\/www.die-stadtzeitung.de\/index.php\/wp-json\/wp\/v2\/posts"}],"about":[{"href":"https:\/\/www.die-stadtzeitung.de\/index.php\/wp-json\/wp\/v2\/types\/post"}],"author":[{"embeddable":true,"href":"https:\/\/www.die-stadtzeitung.de\/index.php\/wp-json\/wp\/v2\/users\/7"}],"replies":[{"embeddable":true,"href":"https:\/\/www.die-stadtzeitung.de\/index.php\/wp-json\/wp\/v2\/comments?post=32484"}],"version-history":[{"count":4,"href":"https:\/\/www.die-stadtzeitung.de\/index.php\/wp-json\/wp\/v2\/posts\/32484\/revisions"}],"predecessor-version":[{"id":45557,"href":"https:\/\/www.die-stadtzeitung.de\/index.php\/wp-json\/wp\/v2\/posts\/32484\/revisions\/45557"}],"wp:attachment":[{"href":"https:\/\/www.die-stadtzeitung.de\/index.php\/wp-json\/wp\/v2\/media?parent=32484"}],"wp:term":[{"taxonomy":"category","embeddable":true,"href":"https:\/\/www.die-stadtzeitung.de\/index.php\/wp-json\/wp\/v2\/categories?post=32484"},{"taxonomy":"post_tag","embeddable":true,"href":"https:\/\/www.die-stadtzeitung.de\/index.php\/wp-json\/wp\/v2\/tags?post=32484"}],"curies":[{"name":"wp","href":"https:\/\/api.w.org\/{rel}","templated":true}]}}