{"id":32324,"date":"2020-12-02T10:44:12","date_gmt":"2020-12-02T09:44:12","guid":{"rendered":"https:\/\/www.die-stadtzeitung.de\/?p=32324"},"modified":"2022-01-30T16:19:36","modified_gmt":"2022-01-30T15:19:36","slug":"gruenderwettbewerb-dein-eigenes-ladenlokal","status":"publish","type":"post","link":"https:\/\/www.die-stadtzeitung.de\/index.php\/2020\/12\/02\/gruenderwettbewerb-dein-eigenes-ladenlokal\/","title":{"rendered":"Gr\u00fcnderwettbewerb: \u201eDein eigenes Ladenlokal\u201c"},"content":{"rendered":"<div class=\"page\" title=\"Page 1\">\n<div class=\"layoutArea\">\n<div class=\"column\">\n<div id=\"attachment_45192\" class=\"wp-caption alignnone\" style=\"max-width: 1034px;\"><img loading=\"lazy\" decoding=\"async\" class=\"size-large wp-image-45192\" src=\"\/wp-content\/uploads\/2022\/01\/Avatar-Lothar-Gruenewald-2-1024x681.jpg\" alt=\"\" width=\"1024\" height=\"681\" \/><span class=\"wp-caption-text\">Lothar Gr\u00fcnewald leibhaftig (l.) und als Avatar &#8211; \u00a9 Gr\u00fcnewald Consulting<\/span><\/div>\n<p>Mit der Aktion wollen die Initiatoren ein Zeichen in Sachen Zukunftsdenken setzen. Gerade in schwierigen Zeiten, unter denen bergischen Unternehmen nicht zuletzt wegen der Corona-Pandemie leiden.<\/p>\n<p>Innovativ, klimafreundlich, nachhaltig \u2013 so k\u00f6nnte die ideale Gesch\u00e4ftsidee aussehen. Auf gemeinsamer Suche danach sind das GuT und das Solinger Beratungsunternehmen Gr\u00fcnewald Consulting. \u201eWir m\u00f6chten potenziellen Gr\u00fcndern Mut machen, ihr Vorhaben in die Tat umzusetzen. Deshalb wollen wir der-, dem- oder denjenigen mit dem f\u00fcr uns \u00fcberzeugendsten Business-Konzept die Chance geben, das Vorhaben tats\u00e4chlich umzusetzen\u201c, erkl\u00e4rt Lothar Gr\u00fcnewald, der auch im Regionalvorstand beim Verband &#8222;Die Familienunternehmer e.V.&#8220; sitzt.<\/p>\n<p>Um den potentiellen Kandidaten den Weg f\u00fcr die ersten Karriereschritte zu ebnen, stellen die Initiatoren neben kostenfreien Beratungsleistungen insbesondere Gesch\u00e4ftsr\u00e4ume in Form eines derzeit noch leerstehenden Ladenlokals zur Verf\u00fcgung. Dieses hatte Gr\u00fcnewald vor Kurzem erworben, bereits mit einem solchen Konzept im Hinterkopf.<\/p>\n<p>\u201eNach unserem Umzug vor einiger Zeit geh\u00f6re auch ich zu den Solinger Unternehmern\u201c, sagt der diplomierte Betriebswirt und Psychologe. \u201eF\u00fcr mich ist es selbstverst\u00e4ndlich, mich im Rahmen meiner M\u00f6glichkeiten f\u00fcr den Wirtschaftsstandort einzusetzen und mit der Investition in junge Unternehmen einen Beitrag zur Belebung der Innenstadt zu leisten.\u201c<\/p>\n<p><strong>Ladenlokal 1 Jahr mietfrei<\/strong><\/p>\n<p>Wer den Gr\u00fcnderwettbewerb gewinnt, kann das Ladenlokal ein Jahr mietfrei nutzen, um risikoarm zu experimentieren und das Business auf ein solides Fundament zu stellen. Lediglich entstehende Nebenkosten seien zu zahlen, sagt Gr\u00fcnewald, der zudem zielgerichtetes Coaching in Aussicht stellt.<\/p>\n<p>\u201eIn der aktuellen Pandemie ist eine Unternehmensgr\u00fcndung gerade f\u00fcr j\u00fcngere Menschen und solche mit wenig oder gar keinem Startkapital eine sehr gro\u00dfe Herausforderung\u201c, erg\u00e4nzt Sven Anders Wagner, Prokurist im GuT und Partner in diesem Projekt. \u201eDeshalb m\u00f6chten wir ihren Mut f\u00f6rdern, trotz der Herausforderungen etwas Neues aufzubauen. Als Gr\u00fcnderzentrum stehen wir ihnen mit professioneller Unterst\u00fctzung zur Seite, damit sie ihre Pl\u00e4ne von Beginn an richtig angehen.\u201c<\/p>\n<p>Gesucht werden Gr\u00fcndungskonzepte, die das Ladenlokal sinnvoll beleben: vom innovativen Einzelhandel, neuen Nutzungskonzepten f\u00fcr die Innenstadt oder weitere nachhaltigen Ideen. Bei den Kriterien machen die Initiatoren wenig Vorgaben. Am wichtigsten sind ihnen Durchf\u00fchrbarkeit, Innovation und Zukunftsf\u00e4higkeit, so Gr\u00fcnewald.<\/p>\n<p>\u201eDas Konzept sollte nachhaltig sein. Wir freuen uns schon sehr auf die Ideen und hoffen, dass sich zahlreiche potenzielle Gr\u00fcnder*innen an diesem Wettbewerb beteiligen. So k\u00f6nnen wir nicht nur die lokale Gr\u00fcnderszene, sondern auch das Stadtbild langfristig weiterentwickeln.\u201c<\/p>\n<p>Als Ansprechpartner f\u00fcr R\u00fcckfragen stehen sowohl Gr\u00fcnewald als auch Wagner zur Verf\u00fcgung. Zeit, sich mit einem Konzept (inkl. Businessplan) zu bewerben, haben Interessierte bis zum <strong>31.01.2021<\/strong>.<\/p>\n<\/div>\n<\/div>\n<\/div>\n<div class=\"page\" title=\"Page 2\">\n<div class=\"layoutArea\">\n<div class=\"column\">\n<p><strong>Infos zum Ladenlokal:<\/strong><\/p>\n<p>Das Ladenlokal befindet sich im aufstrebenden Stadtteil Solingen-Ohligs an der Keldersstra\u00dfe. Die R\u00e4umlichkeit (135 m2 Nutzfl\u00e4che, verteilt \u00fcber zwei Etagen) bietet ausreichend Platz f\u00fcr Verkaufsfl\u00e4che, B\u00fcrot\u00e4tigkeiten und Sanit\u00e4re Anlagen. Das Erdgeschoss, umgeben von einer verglasten Schaufensterfront, besitzt eine Servicefl\u00e4che von 70 Quadratmetern.<\/p>\n<\/div>\n<\/div>\n<\/div>\n","protected":false},"excerpt":{"rendered":"<p>Gemeinsam mit dem Gr\u00fcnder- und Technologiezentrum Solingen (GuT) bietet Lothar Gr\u00fcnewald, Gesch\u00e4ftsf\u00fchrender Gesellschafter der Unternehmensberatung Gr\u00fcnewald Consulting, Gr\u00fcndern die Chance auf einen professionell begleiteten Karrierestart in eigenen Gesch\u00e4ftsr\u00e4umen. Wer mit der innovativsten Gesch\u00e4ftsidee \u00fcberzeugt, bekommt das Ladenlokal inklusive Miete in der Ohligser Innenstadt von Solingen geschenkt \u2013 f\u00fcr ein ganzes Jahr.<\/p>\n","protected":false},"author":7,"featured_media":0,"comment_status":"open","ping_status":"closed","sticky":false,"template":"","format":"standard","meta":{"footnotes":""},"categories":[22],"tags":[],"class_list":["post-32324","post","type-post","status-publish","format-standard","hentry","category-wirtschaft"],"publishpress_future_action":{"enabled":false,"date":"2026-05-05 02:30:55","action":"change-status","newStatus":"draft","terms":[],"taxonomy":"category","extraData":[]},"publishpress_future_workflow_manual_trigger":{"enabledWorkflows":[]},"_links":{"self":[{"href":"https:\/\/www.die-stadtzeitung.de\/index.php\/wp-json\/wp\/v2\/posts\/32324","targetHints":{"allow":["GET"]}}],"collection":[{"href":"https:\/\/www.die-stadtzeitung.de\/index.php\/wp-json\/wp\/v2\/posts"}],"about":[{"href":"https:\/\/www.die-stadtzeitung.de\/index.php\/wp-json\/wp\/v2\/types\/post"}],"author":[{"embeddable":true,"href":"https:\/\/www.die-stadtzeitung.de\/index.php\/wp-json\/wp\/v2\/users\/7"}],"replies":[{"embeddable":true,"href":"https:\/\/www.die-stadtzeitung.de\/index.php\/wp-json\/wp\/v2\/comments?post=32324"}],"version-history":[{"count":7,"href":"https:\/\/www.die-stadtzeitung.de\/index.php\/wp-json\/wp\/v2\/posts\/32324\/revisions"}],"predecessor-version":[{"id":48612,"href":"https:\/\/www.die-stadtzeitung.de\/index.php\/wp-json\/wp\/v2\/posts\/32324\/revisions\/48612"}],"wp:attachment":[{"href":"https:\/\/www.die-stadtzeitung.de\/index.php\/wp-json\/wp\/v2\/media?parent=32324"}],"wp:term":[{"taxonomy":"category","embeddable":true,"href":"https:\/\/www.die-stadtzeitung.de\/index.php\/wp-json\/wp\/v2\/categories?post=32324"},{"taxonomy":"post_tag","embeddable":true,"href":"https:\/\/www.die-stadtzeitung.de\/index.php\/wp-json\/wp\/v2\/tags?post=32324"}],"curies":[{"name":"wp","href":"https:\/\/api.w.org\/{rel}","templated":true}]}}