{"id":31806,"date":"2020-11-08T08:54:32","date_gmt":"2020-11-08T07:54:32","guid":{"rendered":"https:\/\/www.die-stadtzeitung.de\/?p=31806"},"modified":"2022-12-07T20:46:33","modified_gmt":"2022-12-07T19:46:33","slug":"die-sitzende-von-henry-moore-geteert-und-gefedert","status":"publish","type":"post","link":"https:\/\/www.die-stadtzeitung.de\/index.php\/2020\/11\/08\/die-sitzende-von-henry-moore-geteert-und-gefedert\/","title":{"rendered":"&#8222;Die Sitzende&#8220; von Henry Moore geteert und gefedert."},"content":{"rendered":"<div class=\"kvgmc6g5 cxmmr5t8 oygrvhab hcukyx3x c1et5uql ii04i59q\">\n<div id=\"attachment_50017\" class=\"wp-caption alignnone\" style=\"max-width: 1034px;\"><img loading=\"lazy\" decoding=\"async\" class=\"size-large wp-image-50017\" src=\"\/wp-content\/uploads\/2022\/02\/IMG_4550-2-1024x835.jpeg\" alt=\"\" width=\"1024\" height=\"835\" \/><span class=\"wp-caption-text\">Vok Dams f\u00fchrt die Architektin und Kunst-Liebhaberin\u00a0Ariane Dehghan durch die aktuelle Ausstellung &#8211; \u00a9 Vok Dams iNotes<\/span><\/div>\n<p>Vok Dams blickt zur\u00fcck: \u201eEs war die erste gro\u00dfformatige Plastik Moores im \u00f6ffentlichen Raum in Deutschland \u00fcberhaupt. In der Nacht vom 5. auf den 6. Dezember 1959 eskalierte diese \u00f6ffentliche Diskussion in einen Akt des Vandalismus: Die Bronze wurde geteert und gefedert.\u201c<\/p>\n<p>Friedrich Hetzelt, Architekt der &#8222;Schwimmoper&#8220; und Planer des Teil-Neubaus des Opernhauses, stellte \u00a0am 1. April 1960 sieben Zwerge zum Schutz der Plastik gegen Vandalismus auf.<\/p>\n<p>Der Skandal um Henry Moores Skulptur und vieles mehr findet sich auch in Vok Dams Buch &#8222;50 Jahre KommunikationDirekt &#8211; Entstehung und Entwicklung von Event- und Live-Marketing&#8220; wieder.<\/p>\n<p>Ein St\u00fcck Zeitgeschichte und auch ein R\u00fcckblick auf die Entwicklung der Stadt Wuppertal, deren engagierter Botschafter Vok Dams ist.<\/p>\n<p>Im Katalog der Ausstellung \u201eDer unbekannte politische Gefangene. Ein internationaler Skulpturenwettbewerb zu Zeiten des Kalten Krieges\u201c im Berliner Kunsthaus Dahlem ist Vok Dams ber\u00fchmtes Foto auf Seite 131 abgebildet.<\/p>\n<p>Die bemerkenswerte Ausstellung wurde \u00fcbrigens am 29.10. er\u00f6ffnet und l\u00e4uft noch bis zum 21.02.2021.<\/p>\n<\/div>\n<p>Henry Moore&#8217;s Skulptur &#8222;Die Sitzende&#8220; steht heute \u00fcbrigens in Tony Cragg&#8217;s imposanten Skulpturenpark &#8222;Waldfrieden&#8220;.<\/p>\n<div class=\"o9v6fnle cxmmr5t8 oygrvhab hcukyx3x c1et5uql ii04i59q\">\n<div dir=\"auto\"><\/div>\n<\/div>\n<div dir=\"auto\">\n<div id=\"attachment_31812\" class=\"wp-caption alignnone\" style=\"max-width: 1034px;\"><img loading=\"lazy\" decoding=\"async\" class=\"size-large wp-image-31812\" src=\"\/wp-content\/uploads\/2020\/11\/IMG_9718-2-1024x702.jpeg\" alt=\"\" width=\"1024\" height=\"702\" \/><span class=\"wp-caption-text\">Das von Vok Dams verfasste Buch &#8222;50 Jahre KommunikationDirekt&#8220; &#8211; \u00a9 Vok Dams iNotes<\/span><\/div>\n<\/div>\n<div class=\"o9v6fnle cxmmr5t8 oygrvhab hcukyx3x c1et5uql ii04i59q\">\n<div dir=\"auto\"><\/div>\n<\/div>\n<div class=\"o9v6fnle cxmmr5t8 oygrvhab hcukyx3x c1et5uql ii04i59q\">\n<div dir=\"auto\"><strong>Weitere Infos:<\/strong><\/div>\n<div dir=\"auto\"><\/div>\n<div dir=\"auto\"><a class=\"oajrlxb2 g5ia77u1 qu0x051f esr5mh6w e9989ue4 r7d6kgcz rq0escxv nhd2j8a9 nc684nl6 p7hjln8o kvgmc6g5 cxmmr5t8 oygrvhab hcukyx3x jb3vyjys rz4wbd8a qt6c0cv9 a8nywdso i1ao9s8h esuyzwwr f1sip0of lzcic4wl py34i1dx gpro0wi8\" tabindex=\"0\" role=\"link\" href=\"https:\/\/l.facebook.com\/l.php?u=https%3A%2F%2Fkunsthaus-dahlem.de%2Fausstellungen%2Faktuell%2F%3Ffbclid%3DIwAR1SouHP0bf9f6xklAPDNVU3o3U1eefHxAGikl-PG2NPVZybF9U9ZqQzySM&amp;h=AT0Oa9zKO7BWq5EnUCZjU2NRQiGycBuPaV8w6ANsCLu8bylFFlRElsRQI7jXIacC221Qb1SPBcghTpeKysnwih1aFK0YkzYBxRwWBwAB8fCcZVk8OuTdghCa2HzN60xiQhAEND3R0vEXr2Y8sv46NaMywg&amp;__tn__=-UK-R&amp;c[0]=AT01w2zGxLjyFBkWzvZHSWZANcRxCCLFhE16PjxOZ_niNU7qsseBcyVw-909LwUq_lW1AQc07msadtcneZ7cp4vY8yxiUX6Uhmml7Ewg-FyTNrr0u64L9f53P9c7hyqt6PGRdqOg0J0FKbzveth3qKdiuL2je7i3Q7LnnjMMO0WugeTWJoC1xj-UCFEb6mYG7QeOB67O9LmHY3SjBFYV33ND-w\" target=\"_blank\" rel=\"nofollow noopener noreferrer\">https:\/\/kunsthaus-dahlem.de\/ausstellungen\/aktuell\/<\/a><\/div>\n<\/div>\n<div class=\"o9v6fnle cxmmr5t8 oygrvhab hcukyx3x c1et5uql ii04i59q\">\n<div dir=\"auto\"><a class=\"oajrlxb2 g5ia77u1 qu0x051f esr5mh6w e9989ue4 r7d6kgcz rq0escxv nhd2j8a9 nc684nl6 p7hjln8o kvgmc6g5 cxmmr5t8 oygrvhab hcukyx3x jb3vyjys rz4wbd8a qt6c0cv9 a8nywdso i1ao9s8h esuyzwwr f1sip0of lzcic4wl py34i1dx gpro0wi8\" tabindex=\"0\" role=\"link\" href=\"https:\/\/l.facebook.com\/l.php?u=http%3A%2F%2Fvokdamsatelierhaus.de%2Frueckblick%2F%3Ffbclid%3DIwAR2U_dGe0WnJqLPJrThDU2zVzbOECmScLQXP0CP5ZsjG85Qvoa3SeRTq3nY&amp;h=AT19RNpvRQy2wVMmRXFvp1rJuX8OQHEtHFSqqyPbOO4M4WhsJX9xWFJ6BwYxLURlkQjtxVUuZmXpWFYxUMR0ARiAPP_tm4Xu0E1-uI-bXhgbtny-h9gGRW0Zj1SFRS0AMiCob4SNlcCMmfDWsZQlobJZ7g&amp;__tn__=-UK-R&amp;c[0]=AT01w2zGxLjyFBkWzvZHSWZANcRxCCLFhE16PjxOZ_niNU7qsseBcyVw-909LwUq_lW1AQc07msadtcneZ7cp4vY8yxiUX6Uhmml7Ewg-FyTNrr0u64L9f53P9c7hyqt6PGRdqOg0J0FKbzveth3qKdiuL2je7i3Q7LnnjMMO0WugeTWJoC1xj-UCFEb6mYG7QeOB67O9LmHY3SjBFYV33ND-w\" target=\"_blank\" rel=\"nofollow noopener noreferrer\">http:\/\/vokdamsatelierhaus.de\/rueckblick\/<\/a><\/div>\n<\/div>\n","protected":false},"excerpt":{"rendered":"<p>Wie die Zeit vergeht! Mit einem Foto des \u201eBildjournalisten\u201c, Marketing-Experten und Galeristen Vok Dams aus dem Jahre 1960 erinnert das Kunsthaus Dahlem (Berlin) in einem Beitrag seines \u00fcber 300seitigen Kataloges an die Aufstellung von Henry Moores Bronze \u201eDie Sitzende\u201c vor der Wuppertaler \u201eSchwimmoper\u201c.<\/p>\n","protected":false},"author":7,"featured_media":0,"comment_status":"open","ping_status":"open","sticky":false,"template":"","format":"standard","meta":{"footnotes":""},"categories":[29],"tags":[],"class_list":["post-31806","post","type-post","status-publish","format-standard","hentry","category-kultur"],"publishpress_future_action":{"enabled":false,"date":"2026-05-06 09:45:43","action":"change-status","newStatus":"draft","terms":[],"taxonomy":"category","extraData":[]},"publishpress_future_workflow_manual_trigger":{"enabledWorkflows":[]},"_links":{"self":[{"href":"https:\/\/www.die-stadtzeitung.de\/index.php\/wp-json\/wp\/v2\/posts\/31806","targetHints":{"allow":["GET"]}}],"collection":[{"href":"https:\/\/www.die-stadtzeitung.de\/index.php\/wp-json\/wp\/v2\/posts"}],"about":[{"href":"https:\/\/www.die-stadtzeitung.de\/index.php\/wp-json\/wp\/v2\/types\/post"}],"author":[{"embeddable":true,"href":"https:\/\/www.die-stadtzeitung.de\/index.php\/wp-json\/wp\/v2\/users\/7"}],"replies":[{"embeddable":true,"href":"https:\/\/www.die-stadtzeitung.de\/index.php\/wp-json\/wp\/v2\/comments?post=31806"}],"version-history":[{"count":10,"href":"https:\/\/www.die-stadtzeitung.de\/index.php\/wp-json\/wp\/v2\/posts\/31806\/revisions"}],"predecessor-version":[{"id":58938,"href":"https:\/\/www.die-stadtzeitung.de\/index.php\/wp-json\/wp\/v2\/posts\/31806\/revisions\/58938"}],"wp:attachment":[{"href":"https:\/\/www.die-stadtzeitung.de\/index.php\/wp-json\/wp\/v2\/media?parent=31806"}],"wp:term":[{"taxonomy":"category","embeddable":true,"href":"https:\/\/www.die-stadtzeitung.de\/index.php\/wp-json\/wp\/v2\/categories?post=31806"},{"taxonomy":"post_tag","embeddable":true,"href":"https:\/\/www.die-stadtzeitung.de\/index.php\/wp-json\/wp\/v2\/tags?post=31806"}],"curies":[{"name":"wp","href":"https:\/\/api.w.org\/{rel}","templated":true}]}}