{"id":31710,"date":"2020-10-27T03:38:34","date_gmt":"2020-10-27T02:38:34","guid":{"rendered":"https:\/\/www.die-stadtzeitung.de\/?p=31710"},"modified":"2022-01-28T16:46:27","modified_gmt":"2022-01-28T15:46:27","slug":"tv-koch-walter-stemberg-ist-gastronom-des-jahres","status":"publish","type":"post","link":"https:\/\/www.die-stadtzeitung.de\/index.php\/2020\/10\/27\/tv-koch-walter-stemberg-ist-gastronom-des-jahres\/","title":{"rendered":"TV-Koch Walter Stemberg ist &#8222;Gastronom des Jahres&#8220;"},"content":{"rendered":"<div id=\"attachment_45899\" class=\"wp-caption alignnone\" style=\"max-width: 1034px;\"><img loading=\"lazy\" decoding=\"async\" class=\"size-large wp-image-45899\" src=\"\/wp-content\/uploads\/2020\/10\/Haus-Stemberg-0920-Foto-by-Sascha-Perrone-7_2000x3000-2-1024x711.jpeg\" alt=\"\" width=\"1024\" height=\"711\" \/><span class=\"wp-caption-text\">Hohe Auszeichnung f\u00fcr den Gastronom Walter Stemberg &#8211; \u00a9 Sascha Perrone<\/span><\/div>\n<p>Die Ehrung fand &#8222;coronagerecht&#8220; im Rahmen der &#8222;Busche-Gala&#8220; im Hamburger Nobel-Hotel &#8222;Grand Elis\u00e9e&#8220; statt.<\/p>\n<p>In der Laudatio hiess es: &#8222;Der kennt sich aus. Muss er auch. Wer es schafft, ein bodenst\u00e4ndiges Landgasthaus in ein Gourmet-Restaurant umzuwandeln und \u00fcber vier Jahrzehnte erfolgreich zu f\u00fchren, dem steht per se gro\u00dfe Anerkennung zu. Die Rede ist von Walter Stemberg (*1951) und dem Restaurant Haus Stemberg in Velbert. Seine gelernte und gelebte Kochkunst machte ihn nicht zuletzt zum Top-Ausbilder in der Gastronomie, zum gefragten TV-Koch und Buchautor von 33 Kochb\u00fcchern. Zum Gl\u00fcck konnte der passionierte Gastgeber und Golfer das Zepter an Sohn Sascha weitergeben, der die \u00fcber 15j\u00e4hrige Tradition in f\u00fcnfter Generation auf gro\u00dfartige Art und Weise fortzuf\u00fchren versteht. Stemberg-like eben. Die Redaktion des Schlemmer Atlas gratuliert Walter Stemberg zum Award &#8218;Gastronom des Jahres&#8216;.&#8220;<\/p>\n<p>Walter Stemberg nahm die tolle Auszeichnung freudestrahlend mit mit gro\u00dfer Genugtuung entgegen. F\u00fcr seine Stammg\u00e4ste hat er diese Ehre mehr als verdient. Die attraktive Urkunde wird demn\u00e4chst eine Wand im Landhaus Stemberg schm\u00fccken.<\/p>\n<p>Ein weiterer H\u00f6hepunkt der Busche-Gala war eine hochkar\u00e4tig besetzte Diskussionrunde mit dem Virolagen Prof. Dr. Jonas Schmidt-Chanasit, dem bekannten Koch und Restaurantberater Christian Rach, Dorint-Chef Dirk Iserlohe, Caterer Georg Borich und dem CDU-Politiker Wolfgang Bosbach. Als prominenter Moderator konnte ZDF-Talker Markus Lanz gewonnen werden.<\/p>\n<p><a href=\"http:\/\/www.haus-stemberg.de\">http:\/\/www.haus-stemberg.de<\/a><\/p>\n<p>&nbsp;<\/p>\n<div id=\"attachment_31714\" class=\"wp-caption alignnone\" style=\"max-width: 1034px;\"><img loading=\"lazy\" decoding=\"async\" class=\"size-large wp-image-31714\" src=\"\/wp-content\/uploads\/2020\/10\/PHOTO-2020-10-26-18-36-51-1024x969.jpeg\" alt=\"\" width=\"1024\" height=\"969\" \/><span class=\"wp-caption-text\">Im feinen Zwirn statt im wei\u00dfen Koch-Dress auf dem roten Teppich: Walter Stemberg bei der Busche-Gala &#8211; \u00a9 Busche Verlag<\/span><\/div>\n","protected":false},"excerpt":{"rendered":"<p>Gro\u00dfe Ehre f\u00fcr Walter Stemberg. Der TV-Koch und Gastwirt, der in Velbert-Langenberg mit seinem Soh und Sternekoch Sascha das Gourmet-Restaurante &#8222;Haus Stemberg&#8220; betreibt, ist vom &#8222;Schlemmer-Atlas&#8220; (Busche Verlag) zum &#8222;Gastronom des Jahres&#8220; ausgezeichnet worden.<\/p>\n","protected":false},"author":7,"featured_media":0,"comment_status":"open","ping_status":"closed","sticky":false,"template":"","format":"standard","meta":{"footnotes":""},"categories":[25],"tags":[],"class_list":["post-31710","post","type-post","status-publish","format-standard","hentry","category-lifestyle"],"publishpress_future_action":{"enabled":false,"date":"2026-05-04 19:39:41","action":"change-status","newStatus":"draft","terms":[],"taxonomy":"category","extraData":[]},"publishpress_future_workflow_manual_trigger":{"enabledWorkflows":[]},"_links":{"self":[{"href":"https:\/\/www.die-stadtzeitung.de\/index.php\/wp-json\/wp\/v2\/posts\/31710","targetHints":{"allow":["GET"]}}],"collection":[{"href":"https:\/\/www.die-stadtzeitung.de\/index.php\/wp-json\/wp\/v2\/posts"}],"about":[{"href":"https:\/\/www.die-stadtzeitung.de\/index.php\/wp-json\/wp\/v2\/types\/post"}],"author":[{"embeddable":true,"href":"https:\/\/www.die-stadtzeitung.de\/index.php\/wp-json\/wp\/v2\/users\/7"}],"replies":[{"embeddable":true,"href":"https:\/\/www.die-stadtzeitung.de\/index.php\/wp-json\/wp\/v2\/comments?post=31710"}],"version-history":[{"count":6,"href":"https:\/\/www.die-stadtzeitung.de\/index.php\/wp-json\/wp\/v2\/posts\/31710\/revisions"}],"predecessor-version":[{"id":45901,"href":"https:\/\/www.die-stadtzeitung.de\/index.php\/wp-json\/wp\/v2\/posts\/31710\/revisions\/45901"}],"wp:attachment":[{"href":"https:\/\/www.die-stadtzeitung.de\/index.php\/wp-json\/wp\/v2\/media?parent=31710"}],"wp:term":[{"taxonomy":"category","embeddable":true,"href":"https:\/\/www.die-stadtzeitung.de\/index.php\/wp-json\/wp\/v2\/categories?post=31710"},{"taxonomy":"post_tag","embeddable":true,"href":"https:\/\/www.die-stadtzeitung.de\/index.php\/wp-json\/wp\/v2\/tags?post=31710"}],"curies":[{"name":"wp","href":"https:\/\/api.w.org\/{rel}","templated":true}]}}