{"id":31684,"date":"2020-10-23T11:49:46","date_gmt":"2020-10-23T09:49:46","guid":{"rendered":"https:\/\/www.die-stadtzeitung.de\/?p=31684"},"modified":"2022-01-30T16:37:25","modified_gmt":"2022-01-30T15:37:25","slug":"vok-dams-inszenierte-den-kongress-bw-digital","status":"publish","type":"post","link":"https:\/\/www.die-stadtzeitung.de\/index.php\/2020\/10\/23\/vok-dams-inszenierte-den-kongress-bw-digital\/","title":{"rendered":"Vok Dams setzte den &#8222;KONGRESS BW&#8220; digital ins Bild"},"content":{"rendered":"<div id=\"attachment_48619\" class=\"wp-caption alignnone\" style=\"max-width: 1034px;\"><img loading=\"lazy\" decoding=\"async\" class=\"size-large wp-image-48619\" src=\"\/wp-content\/uploads\/2020\/11\/IMG_7619_a-1024x781.jpg\" alt=\"\" width=\"1024\" height=\"781\" \/><span class=\"wp-caption-text\">Colja Dams, CEO von Vok Dams worldwide &#8211; \u00a9 VOK DAMS worldwide<\/span><\/div>\n<p>Winfried Kretschmann, seit 2011 amtierende Ministerpr\u00e4sident des Landes Baden-W\u00fcrttemberg, hat sich zum Ziel gesetzt, das Land \u00f6kologisch und sozial zu erneuern.<span class=\"Apple-converted-space\">\u00a0<\/span><\/p>\n<p>Mit dem Kongress wollte er auf dem Weg zum nachhaltigen Wirtschaften mit ganz konkreten Ideen inspirieren und motivieren. Winfried \u201eEs geht darum, zukunftsf\u00e4hige L\u00f6sungswege zu erarbeiten, wie Wirtschaftswachstum vom Ressourcenverbrauch und vom Klimawandel entkoppelt werden kann.\u201c<\/p>\n<p>An zwei spannenden aufeinanderfolgenden Tagen erwarteten die rund 1.500 Teilnehmer aus Politik, Wirtschaft und Wissenschaft aktuelle Trends, konkrete Praxisbeispiele, lebhafte Diskussionen, anregende Vortr\u00e4ge und eine gro\u00dfartige Netzwerkatmosph\u00e4re.<span class=\"Apple-converted-space\">\u00a0<\/span><\/p>\n<p>Live vor dem PC erlebten die G\u00e4ste inspirierende Keynotes (Herausragend pr\u00e4sentierte Fach-Vortr\u00e4ge) im Plenum, Detailbetrachtung in parallelen Foren, interaktive Innovationsentwicklung in speziellen Sessions sowie besondere Pr\u00e4mierungen.<span class=\"Apple-converted-space\">\u00a0<\/span><\/p>\n<p>Highlight waren die live \u00fcbertragenen Keynotes aus dem TV-Studio der Messe Stuttgart, u.a. mit Ministerpr\u00e4sident Winfried Kretschmann, Umweltminister Franz Untersteller und Wirtschaftsministerin Nicole Hoffmeister-Kraut.<\/p>\n<p>Parallel kamen beim &#8222;KONGRESS LAB&#8220; Start-ups aus der GreenTech-Branche, Wirtschaftsvertreter und Industrie-Mentoren zusammen. An interaktiven<span class=\"Apple-converted-space\">\u00a0 <\/span>Whiteboards (digitale wei\u00dfe Tafeln) wurden innovative Gesch\u00e4ftsideen mit Design-Thinking-Methoden weiterentwickelt. Ziel ist dabei, L\u00f6sungen zu finden, die aus Anwendersicht \u00fcberzeugend sind.<span class=\"Apple-converted-space\">\u00a0<\/span><\/p>\n<p>Am Ende der Veranstaltung stellten die Start-ups den Teilnehmenden des Kongresses ihre jeweiligen Gesch\u00e4ftsideen in einem kurzen Pitch vor. Die Teilnehmenden stimmten \u00fcber ein in der Plattform integriertes Voting-Tool f\u00fcr ihren jeweiligen Favoriten ab und k\u00fcrten so einen Sieger.<span class=\"Apple-converted-space\">\u00a0<\/span><\/p>\n<p>Aktuelle Informationen zu VOK DAMS:<span class=\"Apple-converted-space\">\u00a0<\/span><\/p>\n<p><a href=\"http:\/\/www.vokdams.de\">www.vokdams.de<\/a><\/p>\n<p><a href=\"http:\/\/www.facebook.com\/vokdams\">www.facebook.com\/vokdams<\/a><\/p>\n<p>www.instagram.com\/vokdams<\/p>\n","protected":false},"excerpt":{"rendered":"<p>Die Landesagentur Umwelttechnik BW hat den &#8222;KONGRESS Baden-W\u00fcrttemberg&#8220; wegen der Corona-Pandemie zum ersten Mal als Digital-Event veranstaltet.\u00a0Der KONGRESS BW ist die f\u00fchrende Plattform f\u00fcr Information, Innovation und Transformation im Bereich der Ressourceneffizienz und Kreislaufwirtschaft. F\u00fcr die Umgesetzung des innovativen Formats war die Stuttgarter Niederlassung der Wuppertaler Agentur VOK DAMS worldwide verantwortlich.<\/p>\n","protected":false},"author":7,"featured_media":0,"comment_status":"open","ping_status":"closed","sticky":false,"template":"","format":"standard","meta":{"footnotes":""},"categories":[22],"tags":[],"class_list":["post-31684","post","type-post","status-publish","format-standard","hentry","category-wirtschaft"],"publishpress_future_action":{"enabled":false,"date":"2026-05-07 23:17:41","action":"change-status","newStatus":"draft","terms":[],"taxonomy":"category","extraData":[]},"publishpress_future_workflow_manual_trigger":{"enabledWorkflows":[]},"_links":{"self":[{"href":"https:\/\/www.die-stadtzeitung.de\/index.php\/wp-json\/wp\/v2\/posts\/31684","targetHints":{"allow":["GET"]}}],"collection":[{"href":"https:\/\/www.die-stadtzeitung.de\/index.php\/wp-json\/wp\/v2\/posts"}],"about":[{"href":"https:\/\/www.die-stadtzeitung.de\/index.php\/wp-json\/wp\/v2\/types\/post"}],"author":[{"embeddable":true,"href":"https:\/\/www.die-stadtzeitung.de\/index.php\/wp-json\/wp\/v2\/users\/7"}],"replies":[{"embeddable":true,"href":"https:\/\/www.die-stadtzeitung.de\/index.php\/wp-json\/wp\/v2\/comments?post=31684"}],"version-history":[{"count":6,"href":"https:\/\/www.die-stadtzeitung.de\/index.php\/wp-json\/wp\/v2\/posts\/31684\/revisions"}],"predecessor-version":[{"id":48630,"href":"https:\/\/www.die-stadtzeitung.de\/index.php\/wp-json\/wp\/v2\/posts\/31684\/revisions\/48630"}],"wp:attachment":[{"href":"https:\/\/www.die-stadtzeitung.de\/index.php\/wp-json\/wp\/v2\/media?parent=31684"}],"wp:term":[{"taxonomy":"category","embeddable":true,"href":"https:\/\/www.die-stadtzeitung.de\/index.php\/wp-json\/wp\/v2\/categories?post=31684"},{"taxonomy":"post_tag","embeddable":true,"href":"https:\/\/www.die-stadtzeitung.de\/index.php\/wp-json\/wp\/v2\/tags?post=31684"}],"curies":[{"name":"wp","href":"https:\/\/api.w.org\/{rel}","templated":true}]}}