{"id":31489,"date":"2020-12-18T18:49:21","date_gmt":"2020-12-18T17:49:21","guid":{"rendered":"https:\/\/www.die-stadtzeitung.de\/?p=31489"},"modified":"2022-01-23T09:47:38","modified_gmt":"2022-01-23T08:47:38","slug":"achim-otto-die-kamera-ist-sein-drittes-auge","status":"publish","type":"post","link":"https:\/\/www.die-stadtzeitung.de\/index.php\/2020\/12\/18\/achim-otto-die-kamera-ist-sein-drittes-auge\/","title":{"rendered":"Achim Otto: Die Kamera ist sein drittes Auge"},"content":{"rendered":"<div id=\"attachment_45481\" class=\"wp-caption alignnone\" style=\"max-width: 1034px;\"><img loading=\"lazy\" decoding=\"async\" class=\"size-large wp-image-45481\" src=\"\/wp-content\/uploads\/2020\/10\/131-2-01-2-1024x683.jpeg\" alt=\"\" width=\"1024\" height=\"683\" \/><span class=\"wp-caption-text\">Achim Otto mit seiner geliebten Leica &#8211; \u00a9 Achim Otto<\/span><\/div>\n<p>Fotografieren ist seit jeher sein gro\u00dfes Hobby, seine Br\u00f6tchen hat Achim Otto fr\u00fcher als Industriekaufmann in der Werbe- und Marketingbranche verdient. Dennoch sind seine Fotos absolut professionell. \u00dcber 1.000 Mal wurden Fotos von ihm in allen Zeitungen des bergischen Dreiecks abgedruckt oder in Fernseh-Sendungen im WDR, NDR und von Sat1 gezeigt.<\/p>\n<p>Besonders stolz ist Achim Otto darauf, dass einige seiner Naturaufnahmen sogar den Wetterbericht in den &#8222;ARD-Tagesthemen&#8220; geschm\u00fcckt haben.\u00a0Achim Otto: &#8222;Da ich nicht f\u00fcrs Archiv arbeiten m\u00f6chte, versende ich meine Bilder immer an\u00a0Fernsehsender, Zeitungen und Agenturen.&#8220;<span class=\"Apple-converted-space\">\u00a0Mit Erfolg, wie man sieht&#8230;<\/span><\/p>\n<p>Seine erste Kamera, eine &#8222;Agfa Optima&#8220;, bekam er als 14j\u00e4hriger zur Konfirmation geschenkt. Sofort machte es bei ihm Klick! Damals fotografierte Achim Otto noch analog mit ganz normalen Filmen und entwickelte seine Bilder sogar in einem kleinen Heim-Labor selbst.<span class=\"Apple-converted-space\">\u00a0<\/span><\/p>\n<div id=\"attachment_45482\" class=\"wp-caption alignnone\" style=\"max-width: 1034px;\"><img loading=\"lazy\" decoding=\"async\" class=\"size-large wp-image-45482\" src=\"\/wp-content\/uploads\/2020\/10\/152-01-1024x745.jpeg\" alt=\"\" width=\"1024\" height=\"745\" \/><span class=\"wp-caption-text\">Achim Otto hat auch einen Blick f\u00fcr die kleinen Sch\u00f6nheiten der Natur &#8211; \u00a9 Achim Otto<\/span><\/div>\n<p>Nat\u00fcrlich ging der Achim Otto, der sich mit VHS-Foto-Kursen st\u00e4ndig weiterbildete, bei seinem Hobby mit der<span class=\"Apple-converted-space\">\u00a0<\/span>Zeit. Heute schie\u00dft er seine Bilder mit einer modernen Digital-Spiegelreflex-Kamera.<\/p>\n<p>Fr\u00fcher war er auch oft noch auf Familienfeiern mit der Kamera im Einsatz. Heute zieht es ihn nur noch hinaus in die Natur. Und das schon fr\u00fchmorgens, um ja keinen romantischen Sonnenaufgang oder gespenstischen Nebelschwaden zu verpassen. Auch die Schwebebahn ist eines seiner favorisierten Motive.<span class=\"Apple-converted-space\">\u00a0<\/span><\/p>\n<p>Nachmittags geht<span class=\"Apple-converted-space\">\u00a0<\/span>Achim Otto oft mit seiner Ehefrau spazieren &#8211; und auch dann ist die Kamera immer dabei. Fortsetzung folgt!\u00a0<strong>(pp)<\/strong><\/p>\n<p><img loading=\"lazy\" decoding=\"async\" class=\"size-large wp-image-31492\" src=\"\/wp-content\/uploads\/2020\/10\/20201011_150911-01-1024x715.jpeg\" alt=\"\" width=\"1024\" height=\"715\" \/><\/p>\n<div id=\"attachment_45483\" class=\"wp-caption alignnone\" style=\"max-width: 1034px;\"><img loading=\"lazy\" decoding=\"async\" class=\"size-large wp-image-45483\" src=\"\/wp-content\/uploads\/2020\/10\/20210103_102925-01-01-2-1024x911.jpeg\" alt=\"\" width=\"1024\" height=\"911\" \/><span class=\"wp-caption-text\">Bei Wind und Wetter ist Achim Otto mit seiner Kamera unterwegs &#8211; \u00a9 Achim Otto<\/span><\/div>\n","protected":false},"excerpt":{"rendered":"<p>Achim Otto sieht die Welt gern durch den Sucher seiner Kamera. Fast jeden Tag ist er r\u00fcstige 74j\u00e4hrige Rentner auf Entdeckungstour. Seine gro\u00dfe Leidenschaft sind Aufnahmen in der freien Natur. Die Kamera ist sein drittes Auge!<\/p>\n","protected":false},"author":7,"featured_media":0,"comment_status":"open","ping_status":"closed","sticky":false,"template":"","format":"standard","meta":{"footnotes":""},"categories":[24],"tags":[],"class_list":["post-31489","post","type-post","status-publish","format-standard","hentry","category-wuppertal"],"publishpress_future_action":{"enabled":false,"date":"2026-05-07 23:20:42","action":"change-status","newStatus":"draft","terms":[],"taxonomy":"category","extraData":[]},"publishpress_future_workflow_manual_trigger":{"enabledWorkflows":[]},"_links":{"self":[{"href":"https:\/\/www.die-stadtzeitung.de\/index.php\/wp-json\/wp\/v2\/posts\/31489","targetHints":{"allow":["GET"]}}],"collection":[{"href":"https:\/\/www.die-stadtzeitung.de\/index.php\/wp-json\/wp\/v2\/posts"}],"about":[{"href":"https:\/\/www.die-stadtzeitung.de\/index.php\/wp-json\/wp\/v2\/types\/post"}],"author":[{"embeddable":true,"href":"https:\/\/www.die-stadtzeitung.de\/index.php\/wp-json\/wp\/v2\/users\/7"}],"replies":[{"embeddable":true,"href":"https:\/\/www.die-stadtzeitung.de\/index.php\/wp-json\/wp\/v2\/comments?post=31489"}],"version-history":[{"count":6,"href":"https:\/\/www.die-stadtzeitung.de\/index.php\/wp-json\/wp\/v2\/posts\/31489\/revisions"}],"predecessor-version":[{"id":45484,"href":"https:\/\/www.die-stadtzeitung.de\/index.php\/wp-json\/wp\/v2\/posts\/31489\/revisions\/45484"}],"wp:attachment":[{"href":"https:\/\/www.die-stadtzeitung.de\/index.php\/wp-json\/wp\/v2\/media?parent=31489"}],"wp:term":[{"taxonomy":"category","embeddable":true,"href":"https:\/\/www.die-stadtzeitung.de\/index.php\/wp-json\/wp\/v2\/categories?post=31489"},{"taxonomy":"post_tag","embeddable":true,"href":"https:\/\/www.die-stadtzeitung.de\/index.php\/wp-json\/wp\/v2\/tags?post=31489"}],"curies":[{"name":"wp","href":"https:\/\/api.w.org\/{rel}","templated":true}]}}