{"id":30913,"date":"2020-09-08T08:43:08","date_gmt":"2020-09-08T06:43:08","guid":{"rendered":"https:\/\/www.die-stadtzeitung.de\/?p=30913"},"modified":"2022-01-31T17:06:26","modified_gmt":"2022-01-31T16:06:26","slug":"neuer-bhc-kapitaen-gutbrod-sehr-treffsicher","status":"publish","type":"post","link":"https:\/\/www.die-stadtzeitung.de\/index.php\/2020\/09\/08\/neuer-bhc-kapitaen-gutbrod-sehr-treffsicher\/","title":{"rendered":"Neuer BHC-Kapit\u00e4n Gutbrod sehr treffsicher"},"content":{"rendered":"<div class=\"page\" title=\"Page 1\">\n<div class=\"layoutArea\">\n<div class=\"column\">\n<div id=\"attachment_49723\" class=\"wp-caption alignnone\" style=\"max-width: 929px;\"><img loading=\"lazy\" decoding=\"async\" class=\"size-large wp-image-49723\" src=\"\/wp-content\/uploads\/2020\/09\/Fabian-Gudbrot-919x1024.jpeg\" alt=\"\" width=\"919\" height=\"1024\" \/><span class=\"wp-caption-text\">Fabian Gudbrot &#8211; \u00a9 BHC 06<\/span><\/div>\n<p>Auch ohne Abwehrchef Csaba Sz\u00fccs, der vom Coach genau wie Daniel Fontaine geschont wurde, pr\u00e4sentierte sich die Mannschaft in allen Formationen kompakt in der Deckung.<\/p>\n<p>&#8222;Das Tempospiel hat funktioniert, wir hatten viele schnelle Aktionen und haben viele Tore \u00fcber die Ballgewinne erzielt&#8220;, sagte Sebastian Hinze, der auch mit dem Positionsangriff einverstanden war. &#8222;Das Passtempo war hoch. Das hatten wir uns vorgenommen, und das haben die Jungs sehr gut umgesetzt.&#8220;<\/p>\n<p>Im Tor teilten sich Christopher Rudeck und Tomas Mrkva die Einsatzzeit, auf dem Feld kamen bis auf Sz\u00fccs und Fontaine alle zum Einsatz. Wie schon in den ersten beiden Testspielen pr\u00e4sentierte sich Fabian Gutbrod sehr treffsicher. Mit sechs Toren war der frisch gew\u00e4hlte neue Kapit\u00e4n des Bergischen HC erfolgreichster Werfer. Sein Stellvertreter, Max Darj, erzielte vier Tore.<\/p>\n<p>Weiter geht es f\u00fcr die L\u00f6wen bereits am kommenden Samstag &#8222;Am Hallo&#8220; in Essen. Bundesliga- Aufsteiger TuSEM tr\u00e4gt den Test ab 15 Uhr vor maximal 300 Zuschauern aus. Die Partie wird auch per Livestream \u00fcbertragen.<\/p>\n<p><strong>Bergischer HC:<\/strong> Rudeck, Mrkva; Boomhouwer (3), Damm, Gutbrod (6), Stutzke (3), Weck (3\/1), Arnesson (2), Babak (1), Darj (4), Nikolaisen, Bergner (1), Schmidt (3), Majdzinski (2), Johannsson (2), Gunnarsson (3\/2), Fraatz (3).<\/p>\n<\/div>\n<\/div>\n<\/div>\n","protected":false},"excerpt":{"rendered":"<p>Der Bergische HC hat auch sein drittes Testspiel dieser Vorbereitung gewonnen. Gegen Zweitligist TuS N-L\u00fcbbecke gewannen die L\u00f6wen ungef\u00e4hrdet mit 36:32 (20:14) in der Klingenhalle. &#8222;Wir haben nur leider in den letzten f\u00fcnf, sechs Minuten zu viele klare B\u00e4lle verworfen&#8220;, sagte Trainer Sebastian Hinze. &#8222;Ansonsten war ich sehr zufrieden mit dem Test.&#8220;<\/p>\n","protected":false},"author":7,"featured_media":0,"comment_status":"open","ping_status":"closed","sticky":false,"template":"","format":"standard","meta":{"footnotes":""},"categories":[20],"tags":[],"class_list":["post-30913","post","type-post","status-publish","format-standard","hentry","category-sport"],"publishpress_future_action":{"enabled":false,"date":"2026-05-07 18:21:16","action":"change-status","newStatus":"draft","terms":[],"taxonomy":"category","extraData":[]},"publishpress_future_workflow_manual_trigger":{"enabledWorkflows":[]},"_links":{"self":[{"href":"https:\/\/www.die-stadtzeitung.de\/index.php\/wp-json\/wp\/v2\/posts\/30913","targetHints":{"allow":["GET"]}}],"collection":[{"href":"https:\/\/www.die-stadtzeitung.de\/index.php\/wp-json\/wp\/v2\/posts"}],"about":[{"href":"https:\/\/www.die-stadtzeitung.de\/index.php\/wp-json\/wp\/v2\/types\/post"}],"author":[{"embeddable":true,"href":"https:\/\/www.die-stadtzeitung.de\/index.php\/wp-json\/wp\/v2\/users\/7"}],"replies":[{"embeddable":true,"href":"https:\/\/www.die-stadtzeitung.de\/index.php\/wp-json\/wp\/v2\/comments?post=30913"}],"version-history":[{"count":5,"href":"https:\/\/www.die-stadtzeitung.de\/index.php\/wp-json\/wp\/v2\/posts\/30913\/revisions"}],"predecessor-version":[{"id":49724,"href":"https:\/\/www.die-stadtzeitung.de\/index.php\/wp-json\/wp\/v2\/posts\/30913\/revisions\/49724"}],"wp:attachment":[{"href":"https:\/\/www.die-stadtzeitung.de\/index.php\/wp-json\/wp\/v2\/media?parent=30913"}],"wp:term":[{"taxonomy":"category","embeddable":true,"href":"https:\/\/www.die-stadtzeitung.de\/index.php\/wp-json\/wp\/v2\/categories?post=30913"},{"taxonomy":"post_tag","embeddable":true,"href":"https:\/\/www.die-stadtzeitung.de\/index.php\/wp-json\/wp\/v2\/tags?post=30913"}],"curies":[{"name":"wp","href":"https:\/\/api.w.org\/{rel}","templated":true}]}}