{"id":30862,"date":"2020-09-07T14:36:48","date_gmt":"2020-09-07T12:36:48","guid":{"rendered":"https:\/\/www.die-stadtzeitung.de\/?p=30862"},"modified":"2022-01-30T12:20:18","modified_gmt":"2022-01-30T11:20:18","slug":"ob-wahl-schauen-sie-hinter-die-maske","status":"publish","type":"post","link":"https:\/\/www.die-stadtzeitung.de\/index.php\/2020\/09\/07\/ob-wahl-schauen-sie-hinter-die-maske\/","title":{"rendered":"Lore Duwe zur OB-Wahl: Schauen Sie hinter die Maske"},"content":{"rendered":"<div id=\"attachment_39626\" class=\"wp-caption alignnone\" style=\"max-width: 582px;\"><img loading=\"lazy\" decoding=\"async\" class=\"size-full wp-image-39626\" src=\"\/wp-content\/uploads\/2021\/07\/e32b3e2bc08d0ba2f5729a89d7ec43b1-2.jpg\" alt=\"\" width=\"572\" height=\"412\" \/><span class=\"wp-caption-text\">Lore Duwe mit der von Ulle Hees geschaffenen Figur Mina Knallenfalls &#8211; Paul Coon<\/span><\/div>\n<p>Mal unter uns &#8211; erkennen Sie hinter den Corona-Schutzmasken den einen oder anderen potentionellen Oberb\u00fcrgermeister unserer Stadt? Eine Kandidatin und sechs Kandidaten sind es insgesamt, die sich als erste B\u00fcrger*in Wuppertals bewerben.<span class=\"Apple-converted-space\">\u00a0<\/span><\/p>\n<p>Mira Lehner (Die Partei), Prof. Dr. Uwe Schneidewind (CDU\/Die Gr\u00fcnen), Panagiotis Paschalis (parteilos), Marcel Hafke (FDP), Bernhard Sander (Die Linke), Henrik Dahlmann (WfW\/FW) und Amtsinhaber Andreas Mucke (SPD) waren vom Verein )) freies netz werk )) KULTUR, dessen Mitglied ich auch bin, und vom K\u00fcnstler Hilfs-Fonds &#8222;EinTopf&#8220; ins Caf\u00e9 ADA eingeladen.<span class=\"Apple-converted-space\">\u00a0<\/span><\/p>\n<p>Thema der spannenden Gespr\u00e4chhsrunde: \u201eQuo vadis: Wie geht es weiter mit Kunst &amp; Kultur?\u201c<\/p>\n<p>Auf diese Frage erwarteten die Kulturschaffenden von jedem einzelnen Kandidaten konkrete Antworten\u00a0in einem jeweils einmin\u00fctigen Statement &#8211; genau gestoppt von einer Eieruhr.<span class=\"Apple-converted-space\">\u00a0<\/span><\/p>\n<p>Das Caf\u00e9 ADA ist bekannt f\u00fcr hochwertige Veranstaltungen, gutes Essen und gepflegte Getr\u00e4nke. Nach einen zwischenzeitlichen Besitzerwechsel hat Mehmet Dok wieder die Leitung \u00fcbernommen.<\/p>\n<p>Das Obergescho\u00df \u00fcbernahm der &#8222;Inselverein&#8220;, der den Namen ADA ins deutsche &#8222;Insel&#8220; \u00fcbersetzte. Diese &#8222;Insel&#8220; wird nicht von Wasser umsp\u00fclt, jedoch umsp\u00fclt von kulturellen Aktivit\u00e4ten.<span class=\"Apple-converted-space\">\u00a0<\/span><\/p>\n<p>Verstanden als offener Ort f\u00fcr Projekte, entstieg Thorsten Krug (Schauspieler, S\u00e4nger, Autor) als Opener sinnbildlich dem &#8222;Meer der K\u00fcnste&#8220;.<span class=\"Apple-converted-space\">\u00a0<\/span><\/p>\n<p>Doch dann stand die Kultur-Politik in Wuppertal absolut im Mittelpunkt. Auf der gro\u00dfen B\u00fchne des &#8222;Insel-Vereins&#8220; verk\u00fcndeten\u00a0die OB-Kandidatin und -Kandidaten auf ganz pers\u00f6nliche Art, wie sie den Kunst- und Kulturschaffenden in Coronazeiten helfen und dar\u00fcber hinaus die vielf\u00e4ltige Kultur-Szene unserer Stadt auch in Zukunft erhalten m\u00f6chten.<\/p>\n<p>Eine Frau und sechs M\u00e4nner auf der Suche nach L\u00f6sungsans\u00e4tzen! Verbundenheit mit der Kultur unterstrichen alle.<span class=\"Apple-converted-space\">\u00a0<\/span><\/p>\n<p>Kultur ist, was den Menschen definiert, Mentalit\u00e4t, Gewohnheiten, Sprache und die Geschichte eines Volkes.<\/p>\n<p>Bewahren wir unsere Kultur, w\u00e4hlen wir am Sonntag die\/den richtigen Kandidaten*in.<\/p>\n<p>Schauen Sie genau hinter die Maske.<\/p>\n<p>Wir sehen uns&#8230;<\/p>\n<p><strong>Euer L\u00f6rken \/I hre Lore Duwe<\/strong><\/p>\n","protected":false},"excerpt":{"rendered":"<p>In ihrer Kolumne &#8222;Mal unter uns&#8220; schildert die Schauspielerin, S\u00e4ngerin, T\u00e4nzerin und Entertainerin Lore Duwe das Geschehen in ihrer geliebten Heimatstadt aus ihrem ganz pers\u00f6nlichen Blickwinkel. Diesmal geht es um die OB-Wahl am Sonntag (13.09.).<\/p>\n","protected":false},"author":7,"featured_media":0,"comment_status":"open","ping_status":"closed","sticky":false,"template":"","format":"standard","meta":{"footnotes":""},"categories":[26],"tags":[],"class_list":["post-30862","post","type-post","status-publish","format-standard","hentry","category-politik"],"publishpress_future_action":{"enabled":false,"date":"2026-05-04 07:47:31","action":"change-status","newStatus":"draft","terms":[],"taxonomy":"category","extraData":[]},"publishpress_future_workflow_manual_trigger":{"enabledWorkflows":[]},"_links":{"self":[{"href":"https:\/\/www.die-stadtzeitung.de\/index.php\/wp-json\/wp\/v2\/posts\/30862","targetHints":{"allow":["GET"]}}],"collection":[{"href":"https:\/\/www.die-stadtzeitung.de\/index.php\/wp-json\/wp\/v2\/posts"}],"about":[{"href":"https:\/\/www.die-stadtzeitung.de\/index.php\/wp-json\/wp\/v2\/types\/post"}],"author":[{"embeddable":true,"href":"https:\/\/www.die-stadtzeitung.de\/index.php\/wp-json\/wp\/v2\/users\/7"}],"replies":[{"embeddable":true,"href":"https:\/\/www.die-stadtzeitung.de\/index.php\/wp-json\/wp\/v2\/comments?post=30862"}],"version-history":[{"count":6,"href":"https:\/\/www.die-stadtzeitung.de\/index.php\/wp-json\/wp\/v2\/posts\/30862\/revisions"}],"predecessor-version":[{"id":48554,"href":"https:\/\/www.die-stadtzeitung.de\/index.php\/wp-json\/wp\/v2\/posts\/30862\/revisions\/48554"}],"wp:attachment":[{"href":"https:\/\/www.die-stadtzeitung.de\/index.php\/wp-json\/wp\/v2\/media?parent=30862"}],"wp:term":[{"taxonomy":"category","embeddable":true,"href":"https:\/\/www.die-stadtzeitung.de\/index.php\/wp-json\/wp\/v2\/categories?post=30862"},{"taxonomy":"post_tag","embeddable":true,"href":"https:\/\/www.die-stadtzeitung.de\/index.php\/wp-json\/wp\/v2\/tags?post=30862"}],"curies":[{"name":"wp","href":"https:\/\/api.w.org\/{rel}","templated":true}]}}