{"id":30708,"date":"2020-09-02T09:39:14","date_gmt":"2020-09-02T07:39:14","guid":{"rendered":"https:\/\/www.die-stadtzeitung.de\/?p=30708"},"modified":"2022-01-30T17:35:13","modified_gmt":"2022-01-30T16:35:13","slug":"etris-bank-management-team-ist-komplett","status":"publish","type":"post","link":"https:\/\/www.die-stadtzeitung.de\/index.php\/2020\/09\/02\/etris-bank-management-team-ist-komplett\/","title":{"rendered":"ETRIS Bank: Management-Team ist komplett"},"content":{"rendered":"<div class=\"page\" title=\"Page 1\">\n<div class=\"layoutArea\">\n<div class=\"column\">\n<div id=\"attachment_48653\" class=\"wp-caption alignnone\" style=\"max-width: 310px;\"><img loading=\"lazy\" decoding=\"async\" class=\"size-full wp-image-48653\" src=\"\/wp-content\/uploads\/2020\/09\/muelleruwe_web.300x225.jpeg\" alt=\"\" width=\"300\" height=\"225\" \/><span class=\"wp-caption-text\">Uwe M\u00fcller, Sprecher der Gesch\u00e4ftsf\u00fchrung der ETRIS Bank \u00a9 ETRIS \/ E.D.E.<\/span><\/div>\n<p>Dr. Dirk Thiel (54) \u00fcbernimmt bei der Wuppertaler ETRIS Bank, einer 100prozentigen Tochter der E\/D\/E, zun\u00e4chst als Generalbevollm\u00e4chtigter, die Verantwortung f\u00fcr die Gesch\u00e4fts- und Aufgabenbereiche Bankorganisation und IT, Rechnungswesen, Risikocontrolling sowie Marktfolge Kredit.<\/p>\n<p>Eine Berufung zum Gesch\u00e4ftsf\u00fchrer der ETRIS Bank wird in Abstimmung mit der BaFin im Laufe des n\u00e4chsten Jahres angestrebt.<\/p>\n<p>Dr. Thiel verf\u00fcgt \u00fcber langj\u00e4hrige Erfahrung im Kreditgesch\u00e4ft, Finanz-, Kosten- und Risikomanagement sowie in der Organisations- und Prozessoptimierung. Er war unter anderem bei der Creditreform Rating AG als Mitglied der Gesch\u00e4ftsf\u00fchrung t\u00e4tig, bevor er acht Jahre als Gesch\u00e4ftsf\u00fchrer bei einer europ\u00e4ischen Ratingagentur f\u00fcr Bonit\u00e4tsbeurteilungen Verantwortung trug.<\/p>\n<p>Zuletzt war Dr. Dirk Thiel als Mitglied der Gesch\u00e4ftsleitung bei der GLS Gemeinschaftsbank in einem sehr expansiven Umfeld f\u00fcr die Gesamtbank-Steuerung, das Rechnungswesen und die Marktfolge Kredit verantwortlich.<\/p>\n<p>Die Gesch\u00e4ftsf\u00fchrung und der Aufsichtsrat der ETRIS Bank sind davon \u00fcberzeugt, mit der Erweiterung des Managementteams und durch den Zugang von Dr. Dirk Thiel wesentliche Weichen f\u00fcr die erfolgreiche Weiterentwicklung des Finanzdienstleisters gestellt zu haben.<\/p>\n<p>Uwe M\u00fcller: \u201eWir sind stolz, mit Dr. Dirk Thiel eine wertvolle F\u00fchrungspers\u00f6nlichkeit im Managementteam der ETRIS Bank begr\u00fc\u00dfen zu d\u00fcrfen. Mit Dr. Thiel vervollst\u00e4ndigen wir unsere angestrebte personelle Aufstellung in der F\u00fchrung der ETRIS Bank, so dass wir unseren begonnenen Wachstumspfad jetzt noch konsequenter verfolgen k\u00f6nnen. Der Markt bietet der ETRIS Bank mit ihrem attraktiven Leistungsportfolio ein gro\u00dfes Zukunftspotential.\u201c<\/p>\n<\/div>\n<\/div>\n<\/div>\n<div class=\"page\" title=\"Page 2\">\n<div class=\"layoutArea\">\n<div class=\"column\">\n<p>Mit Uwe M\u00fcller als Sprecher der Gesch\u00e4ftsf\u00fchrung und Dr. Dirk Thiel sowie den langj\u00e4hrigen Gesch\u00e4ftsf\u00fchrern der ETRIS Bank Martin Beckm\u00fcller und Christoph Feil steht jetzt eine kompetente funktional ausdifferenzierte F\u00fchrungsmannschaft an der Spitze des Bankhauses.<\/p>\n<p><strong>\u00dcber die ETRIS Bank<\/strong><\/p>\n<p>Die ETRIS Bank ist eine hundertprozentige Tochter des Einkaufsb\u00fcro Deutscher Eisenh\u00e4ndler GmbH (E\/D\/E). Die ETRIS Bank wurde im Fr\u00fchjahr 2011 gegr\u00fcndet, am 1. Januar 2012 nahm sie ihren Gesch\u00e4ftsbetrieb auf. Seit Anfang 2013 hat sie die Zentralregulierung und das Delkredere vollst\u00e4ndig vom E\/D\/E \u00fcbernommen.<\/p>\n<p>Dar\u00fcber hinaus geh\u00f6ren die Durchf\u00fchrung des E\/D\/E Mitgliederratings und Betriebsvergleichs sowie auch Handelsfinanzierungen wie Lager- und Saisonfinanzierungen zu den Angeboten. Gemeinsam mit dem E\/D\/E bildet die ETRIS Bank einen stabilen Haftungsverbund und stellt das verbindende Element zwischen den Mitgliedern und den Vertragslieferanten des E\/D\/E dar.<\/p>\n<p>Im Internet: www.etrisbank.de<\/p>\n<\/div>\n<\/div>\n<\/div>\n","protected":false},"excerpt":{"rendered":"<p>Die ETRIS Bank hat im Rahmen ihrer Neuorganisation zum 01. September ihr Managementteam verst\u00e4rkt. Die erweiterte F\u00fchrungsstruktur wurde im April 2020 durch den Zugang von Uwe M\u00fcller als neuem Sprecher der Gesch\u00e4ftsf\u00fchrung eingeleitet. Mit Dr. Dirk Thiel ist die angestrebte Neuaufstellung personell nun abgeschlossen.<\/p>\n","protected":false},"author":7,"featured_media":0,"comment_status":"open","ping_status":"closed","sticky":false,"template":"","format":"standard","meta":{"footnotes":""},"categories":[22],"tags":[],"class_list":["post-30708","post","type-post","status-publish","format-standard","hentry","category-wirtschaft"],"publishpress_future_action":{"enabled":false,"date":"2026-05-08 11:19:24","action":"change-status","newStatus":"draft","terms":[],"taxonomy":"category","extraData":[]},"publishpress_future_workflow_manual_trigger":{"enabledWorkflows":[]},"_links":{"self":[{"href":"https:\/\/www.die-stadtzeitung.de\/index.php\/wp-json\/wp\/v2\/posts\/30708","targetHints":{"allow":["GET"]}}],"collection":[{"href":"https:\/\/www.die-stadtzeitung.de\/index.php\/wp-json\/wp\/v2\/posts"}],"about":[{"href":"https:\/\/www.die-stadtzeitung.de\/index.php\/wp-json\/wp\/v2\/types\/post"}],"author":[{"embeddable":true,"href":"https:\/\/www.die-stadtzeitung.de\/index.php\/wp-json\/wp\/v2\/users\/7"}],"replies":[{"embeddable":true,"href":"https:\/\/www.die-stadtzeitung.de\/index.php\/wp-json\/wp\/v2\/comments?post=30708"}],"version-history":[{"count":6,"href":"https:\/\/www.die-stadtzeitung.de\/index.php\/wp-json\/wp\/v2\/posts\/30708\/revisions"}],"predecessor-version":[{"id":48655,"href":"https:\/\/www.die-stadtzeitung.de\/index.php\/wp-json\/wp\/v2\/posts\/30708\/revisions\/48655"}],"wp:attachment":[{"href":"https:\/\/www.die-stadtzeitung.de\/index.php\/wp-json\/wp\/v2\/media?parent=30708"}],"wp:term":[{"taxonomy":"category","embeddable":true,"href":"https:\/\/www.die-stadtzeitung.de\/index.php\/wp-json\/wp\/v2\/categories?post=30708"},{"taxonomy":"post_tag","embeddable":true,"href":"https:\/\/www.die-stadtzeitung.de\/index.php\/wp-json\/wp\/v2\/tags?post=30708"}],"curies":[{"name":"wp","href":"https:\/\/api.w.org\/{rel}","templated":true}]}}