{"id":30644,"date":"2020-08-29T08:21:17","date_gmt":"2020-08-29T06:21:17","guid":{"rendered":"https:\/\/www.die-stadtzeitung.de\/?p=30644"},"modified":"2022-01-31T15:14:49","modified_gmt":"2022-01-31T14:14:49","slug":"spielmacher-piro-pires-verstaerkt-den-wsv","status":"publish","type":"post","link":"https:\/\/www.die-stadtzeitung.de\/index.php\/2020\/08\/29\/spielmacher-piro-pires-verstaerkt-den-wsv\/","title":{"rendered":"Spielmacher &#8222;Piro&#8220; Pires verst\u00e4rkt den WSV"},"content":{"rendered":"<div class=\"newsarticle-detail__intro\">\n<div class=\"newsarticle__content newsarticle-content__intro\">\n<div id=\"attachment_33190\" class=\"wp-caption alignnone\" style=\"max-width: 1034px;\"><img loading=\"lazy\" decoding=\"async\" class=\"size-large wp-image-33190\" src=\"\/wp-content\/uploads\/2021\/01\/classen-2021-Jan-23-0265-1024x683.jpg\" alt=\"\" width=\"1024\" height=\"683\" \/><span class=\"wp-caption-text\">WSV-Neuzugang Kevin Rodrigues-Pires &#8211; \u00a9 Archivfoto Jochen Classen<\/span><\/div>\n<\/div>\n<\/div>\n<div class=\"newsarticle-detail__text\">\n<p>\u00dcber 100 Drittligaspiele und 150 Regionalligaeins\u00e4tze hat der Deutsch-Portugieseauf seinem Konto. Trotz mehrerer anderer Angebote hat er sich f\u00fcr den WSV entschieden, um weiterhin bei einem Traditionsverein aktiv zu sein. Er wird die R\u00fcckennummer 20 tragen.<\/p>\n<p>Kevin Rodrigues Pires erkl\u00e4rt auf der Webseite des WSV: &#8222;Ich freue mich, dass es geklappt hat. Ich hatte einige Anfragen, aber ich kenne Stephan K\u00fcsters schon sehr lange und habe ein sehr gutes Vertrauensverh\u00e4ltnis zu ihm. Er hat sich sehr um mich bem\u00fcht.\u00a0Ich habe ein gutes Gef\u00fchl und bin optimistisch, dass wir eine gute Runde spielen.&#8220;<\/p>\n<p>Der sportliche Leiter Stephan K\u00fcsters sieht in dem Neuzugang eine klare Verst\u00e4rkung: \u201eWir sind sehr froh, dass dieser Transfer geklappt hat. Piro ist ein echter Unterschiedsspieler f\u00fcr unsere Mannschaft und in der Regionalliga generell!\u201c<\/p>\n<\/div>\n","protected":false},"excerpt":{"rendered":"<p>Der WSV hat sich noch mit einem erfahrenen Spielgestalter verst\u00e4rkt. Kevin Rodrigues Pires (28) kommt vom Drittliga-Absteiger Preussen M\u00fcnster unter Vertrag. Schon bei Liga-Generalprobe gegen Velbert am Samstag (29.08.) wird Rodrigues Pires spielberechtigt sein. Bei der Partie sind wegen Corona leider keine WSV-Fans zugelassen.<\/p>\n","protected":false},"author":7,"featured_media":0,"comment_status":"open","ping_status":"closed","sticky":false,"template":"","format":"standard","meta":{"footnotes":""},"categories":[20],"tags":[],"class_list":["post-30644","post","type-post","status-publish","format-standard","hentry","category-sport"],"publishpress_future_action":{"enabled":false,"date":"2026-05-08 20:55:54","action":"change-status","newStatus":"draft","terms":[],"taxonomy":"category","extraData":[]},"publishpress_future_workflow_manual_trigger":{"enabledWorkflows":[]},"_links":{"self":[{"href":"https:\/\/www.die-stadtzeitung.de\/index.php\/wp-json\/wp\/v2\/posts\/30644","targetHints":{"allow":["GET"]}}],"collection":[{"href":"https:\/\/www.die-stadtzeitung.de\/index.php\/wp-json\/wp\/v2\/posts"}],"about":[{"href":"https:\/\/www.die-stadtzeitung.de\/index.php\/wp-json\/wp\/v2\/types\/post"}],"author":[{"embeddable":true,"href":"https:\/\/www.die-stadtzeitung.de\/index.php\/wp-json\/wp\/v2\/users\/7"}],"replies":[{"embeddable":true,"href":"https:\/\/www.die-stadtzeitung.de\/index.php\/wp-json\/wp\/v2\/comments?post=30644"}],"version-history":[{"count":5,"href":"https:\/\/www.die-stadtzeitung.de\/index.php\/wp-json\/wp\/v2\/posts\/30644\/revisions"}],"predecessor-version":[{"id":49654,"href":"https:\/\/www.die-stadtzeitung.de\/index.php\/wp-json\/wp\/v2\/posts\/30644\/revisions\/49654"}],"wp:attachment":[{"href":"https:\/\/www.die-stadtzeitung.de\/index.php\/wp-json\/wp\/v2\/media?parent=30644"}],"wp:term":[{"taxonomy":"category","embeddable":true,"href":"https:\/\/www.die-stadtzeitung.de\/index.php\/wp-json\/wp\/v2\/categories?post=30644"},{"taxonomy":"post_tag","embeddable":true,"href":"https:\/\/www.die-stadtzeitung.de\/index.php\/wp-json\/wp\/v2\/tags?post=30644"}],"curies":[{"name":"wp","href":"https:\/\/api.w.org\/{rel}","templated":true}]}}