{"id":30456,"date":"2020-08-18T11:44:16","date_gmt":"2020-08-18T09:44:16","guid":{"rendered":"https:\/\/www.die-stadtzeitung.de\/?p=30456"},"modified":"2023-04-11T13:41:14","modified_gmt":"2023-04-11T11:41:14","slug":"ehrenbuerger-ernst-andreas-ziegler-setzt-sein-lebenswerk-fort","status":"publish","type":"post","link":"https:\/\/www.die-stadtzeitung.de\/index.php\/2020\/08\/18\/ehrenbuerger-ernst-andreas-ziegler-setzt-sein-lebenswerk-fort\/","title":{"rendered":"Ehrenb\u00fcrger Ernst-Andreas Ziegler setzt sein Lebenswerk fort"},"content":{"rendered":"<div id=\"attachment_51025\" class=\"wp-caption alignnone\" style=\"max-width: 1034px;\"><img loading=\"lazy\" decoding=\"async\" class=\"size-large wp-image-51025\" src=\"\/wp-content\/uploads\/2022\/03\/Ernst-Andreas_Ziegler_2020_Foto_Junior_Uni_Anna_Schwartz-1024x683.jpeg\" alt=\"\" width=\"1024\" height=\"683\" \/><span class=\"wp-caption-text\">Junior Uni-Gr\u00fcnder Prof. Dr. Ernst-Andreas Ziegler &#8211; \u00a9 Junior Uni \/ Anna Schwartz<\/span><\/div>\n<p>Die Laudatio hielt Oberb\u00fcrgermeister Andreas Mucke, f\u00fcr die W\u00fcrdigung ergriff der Rektor der Bergischen Universit\u00e4t, Prof. Dr. Dr. Lambert T. Koch, das Wort.<\/p>\n<p>Zahlreiche Ehreng\u00e4ste waren Zeuge der Zeremonie: Christina Rau, Witwe des ehemaligen Bundespr\u00e4sidenten Johannes Rau, Juraj Sinay, ehemaliger Rektor der TU Kosice, Dr. Peter Vaupel, Vorsitzender des Vereins der Freunde und F\u00f6rderer der Junior Uni, Rolf-Peter Rosenthal, Vorsitzender des Kaufm\u00e4nnisch-Organisatorischen Beirats der Junior Uni, Michaela Steffen und Dr. Marc Kanzler, beide Vorstandsmitglieder der Jackst\u00e4dt-Stiftung.<span class=\"Apple-converted-space\">\u00a0<\/span><\/p>\n<p>Auch viele Freunde, Ernst-Andras Zieglers Familie und das Team der Junior Uni waren gekommen. Die Feier f\u00fcr den neuen Wuppertaler Ehrenb\u00fcrger wurde von jungen K\u00fcnstlern der Bergischen Musikschule untermalt.<\/p>\n<p>Andreas Mucke und Prof. Lambert T. Koch w\u00fcrdigten Ernst-Andreas Ziegler als engagierten, umtriebigen M\u00f6glichmacher mit Schaffenskraft, Hartn\u00e4ckigkeit und Ausdauer.<span class=\"Apple-converted-space\">\u00a0<\/span><\/p>\n<p>Die Gr\u00fcndung der Junior Uni war in ihren Augen ein echter &#8222;Geniestreich&#8220;, der Strahlkraft weit \u00fcber Wuppertal hinaus habe. Der Entscheidung des Stadtrates, Ernst-Andreas Ziegler zum Ehrenb\u00fcrger zu dekorieren, folglich logisch.<\/p>\n<p>Ehrenb\u00fcrger EAZ war sichtlich ger\u00fchrt und \u00fcbte sich in Bescheidenheit. Er stellte die Leistung des gesamten Junior Uni-Teams in den Fokus und erkl\u00e4rte: &#8222;Mir geb\u00fchren nur zehn Prozent.&#8220;<span class=\"Apple-converted-space\">\u00a0<\/span><\/p>\n<div id=\"attachment_45290\" class=\"wp-caption alignnone\" style=\"max-width: 1034px;\"><img loading=\"lazy\" decoding=\"async\" class=\"size-large wp-image-45290\" src=\"\/wp-content\/uploads\/2022\/01\/Anna-Schwartz-13.-Mai-Besuch-der-Kanzlerin-19-2-1024x779.jpg\" alt=\"\" width=\"1024\" height=\"779\" \/><span class=\"wp-caption-text\">Der Besuch von Bundeskanzlerin Angela Merke am 13.05.2019 &#8211; ein echtes Highlight f\u00fcr die Junior Uni und F\u00fcr Prof. Ernst-Andreas Ziegler &#8211; \u00a9 Junior Uni \/ Anna Schwartz<\/span><\/div>\n<p>Junior Uni-Gesch\u00e4ftsf\u00fchrerin Dr. Ariane Staab bekr\u00e4ftigte, dass sie und ihr Team stolz auf den Ehrenb\u00fcrger Prof. Dr. Ernst-Andreas Ziegler seien. Ohne ihn g\u00e4be es die Junior Uni, sein Lebenswerk, gar nicht.<\/p>\n<p>Nach der Feier ist f\u00fcr EAZ vor der Arbeit &#8211; er setzt sein Lebenswerk mit Volldampf fort&#8230;<\/p>\n<p>&nbsp;<\/p>\n<p><strong>Lesen Sie auch:<\/strong><\/p>\n<h3>Ernst-Andreas Ziegler: &#8222;Kein Kind wird dumm geboren&#8220;<\/h3>\n<p>Prof. Dr. h.c. Ernst-Andreas Ziegler ist der Vater der Junior Uni. Sein \u201eWunderkind\u201c, das nach anf\u00e4nglicher Zur\u00fcckhaltung mittlerweile von nahezu allen Wuppertalern geliebt wird, ist \u00fcber zehn Jahre alt und auf einem sehr guten Weg. Ernst-Andreas Ziegler (81) legt gro\u00dfen Wert darauf, dass der Erfolg des Unternehmens Junior Uni auf Teamwork basiert.<\/p>\n<p>Der deutschlandweit einmalige au\u00dferschulische Lernort, sieht sich der Unabh\u00e4ngigkeit verpflichtet. Stattdessen ist das \u201eKind\u201c Junior Uni aber mit gro\u00dfz\u00fcgiger Unterst\u00fctzung vieler Wuppertaler Unternehmen als Paten aufgewachsen.<\/p>\n<p>Das weitverbreitete Vorurteil mancher Menschen, der Lernerfolg junger Menschen h\u00e4nge allein von ihrem angeborenen Genen ab, kann der Gr\u00fcnder widerlegen: \u201eKein Mensch wird dumm geboren. Jedes Kind ist neugierig und wissensdurstig. Man muss es nur f\u00f6rdern und ohne Druck fordern. Dazu bedarf es Vorbilder. Die lehren bei uns!\u201c<\/p>\n<p>Der Geldbeutel der Eltern spielt jedenfalls bei der Vergabe der Kurspl\u00e4tze nicht die geringste Rolle. Peter Pionke unterhielt sich mit Ernst-Andreas Ziegler.<\/p>\n<p><strong>DS: Sie ben\u00f6tigen j\u00e4hrlich rund 1,4 Millionen Euro an Spendengeldern, um den laufenden Betrieb aufrecht zu erhalten. Wie schwer f\u00e4llt Ihnen die st\u00e4ndige \u201aBittstellerei\u2018?<\/strong><\/p>\n<p>Ernst-Andreas Ziegler: \u201eF\u00fcr mich selbst h\u00e4tte ich gro\u00dfe Hemmungen, jemanden um finanzielle Hilfe zu bitten. Doch Geld f\u00fcr dieses Bildungsprojekt zu sammeln, das es noch nirgendwo gegeben hat und das \u00fcberaus wichtig f\u00fcr junge Menschen ist \u2013 damit hatte und habe ich keine Probleme. Au\u00dferdem traf ich beim Geldsammeln auf sehr aufgeschlossene und gemeinwohlorientierte Gespr\u00e4chspartner. Sehr ermutigend war die Unterst\u00fctzung unseres wichtigsten Kooperationspartners, der Bergischen Universit\u00e4t, ihres Rektors Prof. Koch und vieler Professorinnen und Professoren.&#8220;<\/p>\n<div id=\"attachment_40863\" class=\"wp-caption alignnone\" style=\"max-width: 1034px;\"><img loading=\"lazy\" decoding=\"async\" class=\"size-large wp-image-40863\" src=\"\/wp-content\/uploads\/2021\/08\/Geschaeftsfuehrung-der-Junior-Uni-Foto-Junior-Uni-Uwe-Sc-hinkel-2-1024x686.jpg\" alt=\"\" width=\"1024\" height=\"686\" \/><span class=\"wp-caption-text\">Freuen sich \u00fcber die vielen Anmeldungen: Die Junior Uni-Gesch\u00e4ftsf\u00fchrung (v.l.) Dr. Ariane Staab, Dr. Annika Spathmann und Prof. Dr. h.c. Ernst-Andreas Ziegler &#8211; \u00a9 Foto: Junior Uni\/Uwe Schinkel<\/span><\/div>\n<p><strong>DS: Als \u201aFundraiser\u2018 macht Ihnen trotzdem so schnell keiner etwas vor\u2026<\/strong><\/p>\n<p>Ernst-Andreas Ziegler: \u201eMag sein. Doch f\u00fcr den Beruf des Fundraisers, also des professionellen Geldsammlers, bin ich nicht geboren. Es gab aber eine Geschichte am Rande: Ein Bergisches Unternehmen, das ich mehrfach und schlie\u00dflich erfolgreich um Mitfinanzierung gebeten hatte, hat mich anschlie\u00dfend f\u00fcr den Direktvertrieb engagieren wollen. Ich h\u00e4tte diese Aufgabe niemals meistern k\u00f6nnen. Ich kann eben nur f\u00fcr die Junior Uni begeistern oder f\u00fcr Wuppertal und das Bergische Land.\u201c<\/p>\n<p><strong>DS: Die Junior Uni ist ein Erfolgs-Projekt. Wie gro\u00df ist die Gefahr, dass sich in der \u00d6ffentlichkeit der Eindruck breit macht, sie sei jetzt ein Selbstl\u00e4ufer und sie ben\u00f6tige keine weitere Hilfe?<\/strong><\/p>\n<p>Ernst-Andreas Ziegler: \u201eWir k\u00e4mpfen gegen diesen Eindruck. Er vermittelt ein v\u00f6llig falsches Bild. Die Junior Uni erfordert ein nie endendes Werben um finanzielle private Geldgeber. Das kostet Kraft, doch es l\u00e4sst uns nie bequem werden. Dies wird sich auch dann nicht \u00e4ndern, falls sich die Politik entschlie\u00dfen sollte, uns k\u00fcnftig mit Teilbetr\u00e4gen zu f\u00f6rdern. Wir sind offen f\u00fcr Kooperation, doch wir werden niemals unsere Unabh\u00e4ngigkeit von Politik und Verwaltung aufgeben. Diejenigen Unternehmen, Stiftungen und Einzelpersonen, die uns seit langem f\u00f6rdern, kennen unsere Situation genau. Sie gehen mit Herzblut unseren Weg mit. Als von der B\u00fcrgerschaft getragene Einrichtung wird die Junior Uni noch in 20 Jahren existieren.&#8220;<\/p>\n<div id=\"attachment_38392\" class=\"wp-caption alignnone\" style=\"max-width: 1034px;\"><img loading=\"lazy\" decoding=\"async\" class=\"size-large wp-image-38392\" src=\"\/wp-content\/uploads\/2021\/06\/01003065-01-1024x693.jpeg\" alt=\"\" width=\"1024\" height=\"693\" \/><span class=\"wp-caption-text\">Die Junior Uni &#8211; bunt wie ihr Bildungsangebot &#8211; Im Vordergrund die vom weltber\u00fchmten Bildhauer Tony Cragg gestiftete Skulptur &#8211; \u00a9 Achim Otto<\/span><\/div>\n<p><strong>DS: Was ist schwerer, eine solche Einrichtung aufzubauen oder sie zu erhalten?<\/strong><\/p>\n<p>Ernst-Andreas Ziegler: \u201eMut zur Zukunft verlangt beides. Wir hatten und haben ein hochkompetentes und leidenschaftlich engagiertes Team. Das gilt f\u00fcr meine grandiose Kolleginnen in der Gesch\u00e4ftsleitung und f\u00fcr alle anderen Mitarbeiterinnen und Mitarbeiter. Und das gilt f\u00fcr unsere Gesellschafter, unsere Beiratsmitglieder, den Vorstand unseres F\u00f6rdervereins und nat\u00fcrlich f\u00fcr s\u00e4mtliche Dozentinnen und Dozenten. Jeder ist mit Leidenschaft dabei, hat Anteil am Erfolg der Junior Uni und arbeitet daran, dass wir die Qualit\u00e4t unserer Kurse st\u00e4ndig verbessern.&#8220;<\/p>\n<p><strong>DS: Wie sehr sind Sie mit der politischen Unterst\u00fctzung auf lokaler und regionaler Ebene zufrieden?<\/strong><\/p>\n<p>Ernst-Andreas Ziegler: \u201eAnfangs war diese Unterst\u00fctzung euphorisch, dann zweitweise wegen unterschiedlicher Ansichten zu unseren Neubaupl\u00e4nen problematisch, doch seit etwa sieben Jahren ist sie wieder exzellent. Besser geht es nicht! Die einstigen zwischenzeitlichen Verstimmungen sind Schnee von gestern. Alle Beteiligten, auch aus der Politik, schauen nach vorn.\u201c<\/p>\n<p><strong>DS: Wie sehr sind Sie mit der politischen Unterst\u00fctzung auf \u00fcberregionaler Ebene zufrieden?<\/strong><\/p>\n<p>Ernst-Andreas Ziegler: \u201eNRW-Ministerpr\u00e4sident Armin Laschet, einer unserer Schirmherrn, ist begeistert vom Konzept der Junior Uni. Er wird kl\u00e4ren, ob wir k\u00fcnftig teilweise unterst\u00fctzt werden k\u00f6nnen. Diese Perspektive haben wir uns mit vielen hart erarbeitet. Zum Beispiel mit Wissenschaftlern der Bergischen Universit\u00e4t und Lehrerinnen und Lehrern aller Schulformen bei der Entwicklung neuer Lehr- und Lernformen, die dem gesamten Bildungssystem in Deutschland zu Gute kommen k\u00f6nnen. Der nachhaltige Lernerfolg f\u00fcr unsere Studierenden ist ebenfalls wissenschaftlich nachgewiesen. Und unser p\u00e4dagogisches Konzept, das auf Vorgaben von Prof. M\u00f6nter, der einst Drehb\u00fccher f\u00fcr die L\u00f6wenzahn-Fernsehserie schrieb, und seiner schulerfahrenen Frau Hildegard aufbaute und immer wieder verbessert wird, interessieret Bildungsexperten nicht nur aus Deutschland.&#8220;<\/p>\n<p><strong>DS: Sie sind gelernter Journalist. Haben Sie sich pers\u00f6nlich \u2013 oder Ihr beruflicher Blick \u2013 durch den Aufbau und den Betrieb der Junior Uni ver\u00e4ndert?<\/strong><\/p>\n<p>Ernst-Andreas Ziegler: \u201eGanz sicher. Ich bin nach wie vor mit ganzem Herzen Journalist, doch zus\u00e4tzlich bin ich leidenschaftlicher Unternehmer geworden.<\/p>\n<p><strong>DS: Wenn Sie \u2013 was die Junior Uni angeht \u2013 die Uhr noch einmal zur\u00fcckdrehen k\u00f6nnten, was w\u00fcrden Sie aus heutiger Sicht anders machen?<\/strong><\/p>\n<p>Ernst-Andreas Ziegler: \u201eWahrscheinlich nichts. Ich hatte unfassbares Gl\u00fcck. Von der ersten Stunde unterst\u00fctzten uns viele der Besten aus der Wirtschaft, aus dem Sparkassen- und Bankenbereich und der Wissenschaft. Und alle, die an der Junior Uni arbeiten, sind erste Klasse. Die Junior Uni ist also ein Gemeinschaftswerk. Aber nat\u00fcrlich bin ich dankbar und stolz auf meinen Anteil, doch allein w\u00e4re ich chancenlos gewesen. Wir haben in diesen knapp zehn Jahren \u00fcber 60.000 Kurspl\u00e4tze vergeben und 35.000 Pl\u00e4tze auf Wartelisten nicht abarbeiten k\u00f6nnen. Aktuell haben wir 3.300 Pl\u00e4tze in diesem Semester und 2.300 Bewerber auf der Warteliste. Das packt man nicht allein.\u201c<\/p>\n<p><strong>DS: Wie gut sehen Sie denn die Junior Uni f\u00fcr die Zukunft aufgestellt?<\/strong><\/p>\n<p>Ernst-Andreas Ziegler: \u201eDie Weichen auf der Leitungsebene sind gestellt. Selbst wenn mir etwas passieren sollte, geht es weiter. Doch solange ich kann, bleibe ich an Bord.\u201c<\/p>\n<p><strong>DS: Wie ist es generell um die Zukunftschancen der jungen Menschen bestellt?<\/strong><\/p>\n<p>Ernst-Andreas Ziegler: \u201eDamit unsere Kinder und Enkel sp\u00e4ter ein selbstbestimmtes Leben f\u00fchren und eine Familie gr\u00fcnden k\u00f6nnen, m\u00fcssen sie hervorragend ausgebildet sein. Daf\u00fcr machen wir sie stark und selbstbewusst. Zus\u00e4tzlich zum Kindergarten und zur Schule ist ein au\u00dferschulischer Lernort wie die Junior Uni, wo sie ohne Druck gro\u00dfe Freude beim Experimentieren und Forschen haben, \u00fcberaus hilfreich. Darum gibt es uns f\u00fcr Studenten ab vier Jahren bis zum Abitur. Eigentlich sind wir so etwas wie ein Sportverein f\u00fcr nachhaltigen Wissenserwerb. Solche au\u00dferschulischen Lernorte w\u00fcrden auch andere Regionen st\u00e4rken.\u201c<\/p>\n<p><strong>DS: Sie arbeiten absolut ehrenamtlich f\u00fcr die Junior Uni, nur f\u00fcr den ber\u00fchmten symbolischen Euro pro Jahr. Wie viele Stunden pro Woche engagieren Sie sich?<\/strong><\/p>\n<p>Ernst-Andreas Ziegler: \u201eVon Nichts kommt Nichts. Dr. Ina Krumsiek und Dr. Ariane Staab k\u00fcmmern sich weitgehend um das Operative. Das machen sie gro\u00dfartig. W\u00fcrde ich s\u00e4mtliche Stunden f\u00fcr die Junior Uni auch am Abend, am Wochenende und von unterwegs, wenn ich als Berater im Bildungsbereich oder f\u00fcr Kommunen herumreise, und am Laptob kommuniziere, zusammenz\u00e4hlen, dann war und ist das kein Nebenjob. Aber ich mache ihn sehr gern!\u201c<\/p>\n<div id=\"attachment_40344\" class=\"wp-caption alignnone\" style=\"max-width: 1034px;\"><img loading=\"lazy\" decoding=\"async\" class=\"size-large wp-image-40344\" src=\"\/wp-content\/uploads\/2021\/08\/IMG_0397-2-1024x737.jpg\" alt=\"\" width=\"1024\" height=\"737\" \/><span class=\"wp-caption-text\">Prof. Dr. h.c. Ernst-Andreas Ziegler (2.v.l.), Gr\u00fcnder der Wuppertaler Junior-Uni, mit den Ehrenpr\u00e4sidenten des Marketing-Clubs Bergisch Land. Vok Dams und Dieter L\u00fcbcke, sowie dem fr\u00fcheren Pr\u00e4sidenten Erich Giese (2017)\u2028 &#8211; \u00a9 Junior Uni<\/span><\/div>\n<p><strong>DS: Was sagt eigentlich Ihre Ehefrau dazu, dass Sie noch immer so viel Zeit und Energie in die Junior Uni investieren?<\/strong><\/p>\n<p>Ernst-Andreas Ziegler: \u201eIch bin dankbar, dass sie es unterst\u00fctzt, ebenso wie unsere erwachsenen Kinder. Sie geht fr\u00fchmorgens aus dem Haus und hat oft einen sehr anstrengenden Arbeitstag. Soll ich in der Zwischenzeit vielleicht mit dem Henkelmann durch die Gegend laufen? Nein! Ich habe da n\u00e4mlich lebenslang eine ganz pers\u00f6nliche Horrorvision: Alte M\u00e4nner auf der Parkbank, die dar\u00fcber jammern, was ihnen das Leben alles vorenthalten hat und wie gemein es war, dass ihnen irgendwelche Kollegen vorgezogen wurden. Ich w\u00fcrde einfach nur davonrennen.\u201c<\/p>\n<p><strong>Das Interview f\u00fchrte Peter Pionke<\/strong><\/p>\n<p><strong>Die Unterst\u00fctzer der Junior Uni<\/strong><\/p>\n<p>Die Jackst\u00e4dt-Stiftung, die E\/D\/E-Stiftung und die E\/D\/E, Knipex, Vorwerk, Vorwerk Autotec, Becker, Gira, Barmenia, Bayer, Coroplast, Schmersal, Berger Gruppe, Wurm, Walbusch, TKM, Radprax, Wuppertaler Stadtwerke, ENGIE, Wupperverband, HAKO-Gruppe, die bergischen Unternehmerverb\u00e4nde VBU, die Bethe-Stiftung, die Mercator-Stiftung und viele andere.<\/p>\n<p>&nbsp;<\/p>\n","protected":false},"excerpt":{"rendered":"<p>Dass Prof. Dr. hc. Ernst-Andreas Ziegler &#8211; kurz EAZ &#8211; eine weitere Auszeichnung zugute kommen w\u00fcrde, war l\u00e4ngst beschlossene Sache. Doch was die Verleihung der Ehrenb\u00fcrgerw\u00fcrde an den Gr\u00fcnder und Gesch\u00e4ftsf\u00fchrer der Junior Uni angeht, hatte wieder einmal Corona die Finger im Spiel. Die Auszeichnung konnte wegen der Kontaktbeschr\u00e4nkungen erst jetzt im Rahmen einer Feierstunde in der Historischen Stadthalle stattfinden.<\/p>\n","protected":false},"author":7,"featured_media":0,"comment_status":"open","ping_status":"open","sticky":false,"template":"","format":"standard","meta":{"footnotes":""},"categories":[24],"tags":[],"class_list":["post-30456","post","type-post","status-publish","format-standard","hentry","category-wuppertal"],"publishpress_future_action":{"enabled":false,"date":"2026-05-05 12:15:26","action":"change-status","newStatus":"draft","terms":[],"taxonomy":"category","extraData":[]},"publishpress_future_workflow_manual_trigger":{"enabledWorkflows":[]},"_links":{"self":[{"href":"https:\/\/www.die-stadtzeitung.de\/index.php\/wp-json\/wp\/v2\/posts\/30456","targetHints":{"allow":["GET"]}}],"collection":[{"href":"https:\/\/www.die-stadtzeitung.de\/index.php\/wp-json\/wp\/v2\/posts"}],"about":[{"href":"https:\/\/www.die-stadtzeitung.de\/index.php\/wp-json\/wp\/v2\/types\/post"}],"author":[{"embeddable":true,"href":"https:\/\/www.die-stadtzeitung.de\/index.php\/wp-json\/wp\/v2\/users\/7"}],"replies":[{"embeddable":true,"href":"https:\/\/www.die-stadtzeitung.de\/index.php\/wp-json\/wp\/v2\/comments?post=30456"}],"version-history":[{"count":13,"href":"https:\/\/www.die-stadtzeitung.de\/index.php\/wp-json\/wp\/v2\/posts\/30456\/revisions"}],"predecessor-version":[{"id":64291,"href":"https:\/\/www.die-stadtzeitung.de\/index.php\/wp-json\/wp\/v2\/posts\/30456\/revisions\/64291"}],"wp:attachment":[{"href":"https:\/\/www.die-stadtzeitung.de\/index.php\/wp-json\/wp\/v2\/media?parent=30456"}],"wp:term":[{"taxonomy":"category","embeddable":true,"href":"https:\/\/www.die-stadtzeitung.de\/index.php\/wp-json\/wp\/v2\/categories?post=30456"},{"taxonomy":"post_tag","embeddable":true,"href":"https:\/\/www.die-stadtzeitung.de\/index.php\/wp-json\/wp\/v2\/tags?post=30456"}],"curies":[{"name":"wp","href":"https:\/\/api.w.org\/{rel}","templated":true}]}}