{"id":30338,"date":"2020-08-11T10:41:46","date_gmt":"2020-08-11T08:41:46","guid":{"rendered":"https:\/\/www.die-stadtzeitung.de\/?p=30338"},"modified":"2022-01-21T01:16:50","modified_gmt":"2022-01-21T00:16:50","slug":"jean-puetz-verschwoerungstheorien-mal-lustig-gesehen","status":"publish","type":"post","link":"https:\/\/www.die-stadtzeitung.de\/index.php\/2020\/08\/11\/jean-puetz-verschwoerungstheorien-mal-lustig-gesehen\/","title":{"rendered":"Jean P\u00fctz: Verschw\u00f6rungstheorien mal lustig gesehen&#8230;"},"content":{"rendered":"<div id=\"attachment_45228\" class=\"wp-caption alignnone\" style=\"max-width: 1034px;\"><img loading=\"lazy\" decoding=\"async\" class=\"size-large wp-image-45228\" src=\"\/wp-content\/uploads\/2020\/12\/DSC03937-1024x748.jpg\" alt=\"\" width=\"1024\" height=\"748\" \/><span class=\"wp-caption-text\">Klugheit und Humor zeichnen den Wissenschaftsjournalisten Jean P\u00fctz aus &#8211; \u00a9 Dr. Susanne Bellenbaum<\/span><\/div>\n<p>&#8222;Ist Corona aus einer Verschw\u00f6rung erwachsen? Oder ist diese Pandemie nur eine Fata Morgana?? Hier ein humorvoller Faktencheck:<\/p>\n<p>Sind alle verr\u00fcckt und bl\u00f6d, die die Gefahren von Covid-Virus anerkennen? Nat\u00fcrlich gibt es Ausnahmen, z. B. Donald Trump und neben anderen Populisten der brasilianische Pr\u00e4sident Messias Bolsonaro. Alle diese meinen, sie seien im Besitz der absoluten Wahrheit. Aber objektiv gesehen, betreiben sie eine Art Euthanasie gegen\u00fcber allen Menschen, die nicht ganz gesund sind oder sich im Herbst des Lebens befinden.<\/p>\n<p>Das erinnert mich an die in Deutschland entstandene Wette, ob Bielefeld existiert oder nicht. Immerhin bietet die Stadt Bielefeld dem, der die Nichtexistenz beweist eine Million Euro.<\/p>\n<p>M\u00fcssen wir wirklich alle diese Ausw\u00fcchse des postfaktischen Zeitalters akzeptieren, oder ist die Schwarmintelligenz der Deutschen mittlerweile so niedrig geworden, dass wir nicht mehr ausweichen k\u00f6nnen?<span class=\"Apple-converted-space\">\u00a0<\/span><\/p>\n<p>Diesen Eindruck habe ich jedenfalls, wenn ich einige der Reaktionen auf meinen letzten Facebook-Beitrag bewerte. Noch nie habe ich so viele negative Bewertungen erhalten. \u00dcber 500 Facebook-Freunde haben mir au\u00dferdem ihren schriftlichen Kommentar geliefert.<span class=\"Apple-converted-space\">\u00a0<\/span><\/p>\n<p>Darunter sind relativ viele, die mich sogar w\u00fcst beschimpfen, ich h\u00e4tte nicht mehr alle beisammen, ich w\u00e4re senil und sollte mich in meinem Alter jeglicher Meinungs\u00e4u\u00dferung enthalten.<span class=\"Apple-converted-space\">\u00a0<\/span><\/p>\n<p>Dabei ging es in meinem Beitrag \u00fcberhaupt nicht um Meinung, sondern um unverr\u00fcckbare Fakten, dass Corona bei manchen, die die Krankheit \u00fcberstanden haben, gef\u00e4hrliche Nachwirkungen erzeugt.<\/p>\n<p>Diese negative Reaktion ist umso mehr verwunderlich, weil ich normaler Weise vorwiegend &#8211; mit wenigen Ausnahmen &#8211; engagierte Zustimmung erhalte. Was steckt dahinter? Offenbar monieren diese Kritiker meinen Ausspruch, dass ich mit dem Beitrag Corona-Leugner \u00fcberzeugen wollte, aber so nebenbei erw\u00e4hnte ich noch, dass ich bei Anh\u00e4ngern von Verschw\u00f6rungstheorien Hopfen und Malz verloren sehe.<span class=\"Apple-converted-space\">\u00a0<\/span><\/p>\n<p>Genau das muss der Stein des Ansto\u00dfes gewesen sein. Auf das eigentlich von mir gew\u00e4hlte Thema wurde gar nicht eingegangen. Lehrer in der Schule w\u00fcrden sagen: Thema verfehlt.<span class=\"Apple-converted-space\">\u00a0<\/span><\/p>\n<p>Aber genau das beunruhigt mich. Ich m\u00f6chte nicht pauschal urteilen, doch diese Individuen, die die Verschw\u00f6rungstheorien verbreiten, wissen nicht, was sie tun oder sie wollen unsere freiheitlich-demokratische Lebensart bewusst zerst\u00f6ren.<\/p>\n<p>Sie wissen ganz genau, dass wir auf Vernunft angewiesen sind, dabei ist die Wissenschaft, auf die unsere Technologie aufbaut, unentbehrlich. Aber das spielt bei Verschw\u00f6rungstheoretikern keine Rolle.<span class=\"Apple-converted-space\">\u00a0<\/span><\/p>\n<p>Man k\u00f6nnte das als am\u00fcsant ablegen, aber viele Mensch leiden darunter, und es erzeugt \u00c3ngste, die deren Lebensqualit\u00e4t beeinflussen.<\/p>\n<p>Vielleicht hilft da nur noch Humor, deshalb m\u00f6chte ich Ihnen den folgenden <a href=\"https:\/\/www.facebook.com\/christophsieber.kabarettist\/videos\/270281217714705\/\"><b>Beitrag<\/b><\/a> des vernunftbetonten Kabarettisten Christoph Sieber nicht vorenthalten. Er h\u00e4lt den Verschw\u00f6rungstheoretikern und ihren Anh\u00e4ngern den Spiegel vor unter dem Motto: Lachen ist gesund, aber nicht Auslachen.<\/p>\n<p><strong>Ihr Jean P\u00fctz<\/strong><\/p>\n<p>&nbsp;<\/p>\n<p><a href=\"https:\/\/jean-puetz.net\/16-05-20-demonstration-gegen-corona-verschwoerungstheorien-und-politische-hintergruende\">https:\/\/jean-puetz.net\/16-05-20-demonstration-gegen-corona-verschwoerungstheorien-und-politische-hintergruende<\/a><\/p>\n<p>&nbsp;<\/p>\n<p>&nbsp;<\/p>\n","protected":false},"excerpt":{"rendered":"<p>Der bekannte Wissenschaftsjournalist und TV-Moderator Jean P\u00fctz (&#8222;Hobbythek&#8220; im WDR) greift in seiner Facebook-Kolumne &#8222;Gebt der Vernunft eine Chance&#8220; aktuelle Themen auf. Selbstverst\u00e4ndlich \u00e4u\u00dfert es sich als Wissenschaftler auch unmi\u00dfverst\u00e4ndlich zum Thema Corona. Und er hat auch keine Probleme damit, Verschw\u00f6rungstheoretikern klar die Meinung zu geigen. Lesen Sie selbst!<\/p>\n","protected":false},"author":7,"featured_media":0,"comment_status":"open","ping_status":"closed","sticky":false,"template":"","format":"standard","meta":{"footnotes":""},"categories":[19],"tags":[],"class_list":["post-30338","post","type-post","status-publish","format-standard","hentry","category-weitblick"],"publishpress_future_action":{"enabled":false,"date":"2026-05-06 01:02:45","action":"change-status","newStatus":"draft","terms":[],"taxonomy":"category","extraData":[]},"publishpress_future_workflow_manual_trigger":{"enabledWorkflows":[]},"_links":{"self":[{"href":"https:\/\/www.die-stadtzeitung.de\/index.php\/wp-json\/wp\/v2\/posts\/30338","targetHints":{"allow":["GET"]}}],"collection":[{"href":"https:\/\/www.die-stadtzeitung.de\/index.php\/wp-json\/wp\/v2\/posts"}],"about":[{"href":"https:\/\/www.die-stadtzeitung.de\/index.php\/wp-json\/wp\/v2\/types\/post"}],"author":[{"embeddable":true,"href":"https:\/\/www.die-stadtzeitung.de\/index.php\/wp-json\/wp\/v2\/users\/7"}],"replies":[{"embeddable":true,"href":"https:\/\/www.die-stadtzeitung.de\/index.php\/wp-json\/wp\/v2\/comments?post=30338"}],"version-history":[{"count":4,"href":"https:\/\/www.die-stadtzeitung.de\/index.php\/wp-json\/wp\/v2\/posts\/30338\/revisions"}],"predecessor-version":[{"id":45241,"href":"https:\/\/www.die-stadtzeitung.de\/index.php\/wp-json\/wp\/v2\/posts\/30338\/revisions\/45241"}],"wp:attachment":[{"href":"https:\/\/www.die-stadtzeitung.de\/index.php\/wp-json\/wp\/v2\/media?parent=30338"}],"wp:term":[{"taxonomy":"category","embeddable":true,"href":"https:\/\/www.die-stadtzeitung.de\/index.php\/wp-json\/wp\/v2\/categories?post=30338"},{"taxonomy":"post_tag","embeddable":true,"href":"https:\/\/www.die-stadtzeitung.de\/index.php\/wp-json\/wp\/v2\/tags?post=30338"}],"curies":[{"name":"wp","href":"https:\/\/api.w.org\/{rel}","templated":true}]}}