{"id":30133,"date":"2020-08-01T09:06:21","date_gmt":"2020-08-01T07:06:21","guid":{"rendered":"https:\/\/www.die-stadtzeitung.de\/?p=30133"},"modified":"2022-12-07T21:57:24","modified_gmt":"2022-12-07T20:57:24","slug":"in-der-kunststation-engels-trifft-engels","status":"publish","type":"post","link":"https:\/\/www.die-stadtzeitung.de\/index.php\/2020\/08\/01\/in-der-kunststation-engels-trifft-engels\/","title":{"rendered":"In der &#8222;Kunststation&#8220;: Engels trifft Engels"},"content":{"rendered":"<div id=\"attachment_45316\" class=\"wp-caption alignnone\" style=\"max-width: 957px;\"><img loading=\"lazy\" decoding=\"async\" class=\"size-large wp-image-45316\" src=\"\/wp-content\/uploads\/2021\/05\/BA9I8503-2-947x1024.jpg\" alt=\"\" width=\"947\" height=\"1024\" \/><span class=\"wp-caption-text\">Zwei bekannte Wuppertaler: Der steinernde Friedrich Engels und der Bildhauer Eckehard Lowisch &#8211; \u00a9 Ralf Silberkuhl<\/span><\/div>\n<p>Nachdem es im Neuen Kunstverein und im Kontor 91 zu sehen war, mussten durch die Corona-Beschr\u00e4nkungen die Gastspiele in der F\u00e4rberei und in Utopiastadt leider abgesagt werden.<\/p>\n<p>Nach einigen Wochen Aufenthalt in der B\u00f6rse wird das Bild nun aber wie geplant an zwei Wochenenden im August in der Kunststation zu sehen sein. Wie an den vorigen Stationen besteht auch hier die M\u00f6glichkeit, an der Fragebogenaktion teilzunehmen, die zum Nachdenken \u00fcber Sinn und Zweck des Bildes und Wertsch\u00f6pfung k\u00fcnstlerischer Arbeit anregen soll.<\/p>\n<p>Zur Halbzeit des Engelsjahres trifft das Bild auf die Engels2020 Skulptur, die eigentlich im Umfeld der Sonderausstellung: \u201eEin Gespenst geht um in Europa\u201c im Haus der Jugend in Barmen und auch im Lichthof des Barmer Rathauses ausgestellt werden sollte.<span class=\"Apple-converted-space\">\u00a0<\/span><\/p>\n<p>Da dies coronabedingt nicht m\u00f6glich war, wurde das Skulpture-Projekt &#8222;Engels2020 Skulptur \u2013 when robots make art&#8220;\u00a0um ein spannendes Format erweitert: Die Engels 2020 Skulptur, die bausatzartige, steinerne Schichtarbeit aus 56 Marmortafeln wird \u00fcberraschend im \u00d6ffentlichen Raum erscheinen.<\/p>\n<p>Der spektakul\u00e4re Auftakt dieser Reihe fand am 20. Mai. 2020 im Skulpturenpark Waldfrieden statt. Auf der zweiten Etappe, auf dem Schulhof des Wilhelm D\u00f6rpfeld Gymnasiums, reichte die Schulleiterin Claudia Schweitzer Motte Friedrich Engels am 17. Juni 2020 symbolisch sein Abitur2020 nach: Durchschnittsnote 1,5<\/p>\n<p>Beim Besuch der Kunststation sind die geltenden Corona-Hygiene-Vorschriften unbedingt einzuhalten<span class=\"Apple-converted-space\">\u00a0<\/span><\/p>\n<p>\u2022 Ort: Kunststation, Bahnstra\u00dfe 16, 42327 Wuppertal,<span class=\"Apple-converted-space\">\u00a0 <\/span>barrierefrei<\/p>\n<p>\u2022 Datum oder Zeitraum:<span class=\"Apple-converted-space\">\u00a0 <\/span>Sa. 15. &#8211; So. 16. &#8211; Sa. 22. &#8211; So. 23. August 2020<\/p>\n<p>\u2022 Uhrzeit\/en: jeweils 15:00 bis 18:00 Uhr<\/p>\n<p><a href=\"http:\/\/www.lowisch.de\">http:\/\/www.lowisch.de<\/a><\/p>\n<p>&nbsp;<\/p>\n<div id=\"attachment_30138\" class=\"wp-caption alignnone\" style=\"max-width: 878px;\"><img loading=\"lazy\" decoding=\"async\" class=\"size-large wp-image-30138\" src=\"\/wp-content\/uploads\/2020\/08\/offiziellerFritz_20x12-868x1024.jpeg\" alt=\"\" width=\"868\" height=\"1024\" \/><span class=\"wp-caption-text\">Der gemalte Engels von Andreas M. Wiese &#8211; \u00a9 Andreas M. Wiese<\/span><\/div>\n","protected":false},"excerpt":{"rendered":"<p>Das offizielle Engels-Portr\u00e4t von Andreas M. Wiese und die Engels2020 Skulptur von Eckehard Lowisch begegnen sich in der Kunststation im Bahnhof Vohwinkel. Das Engels-Portr\u00e4t des Malers Andreas M. Wiese kann seine Reise durch Wuppertal nun also fortsetzen. Das Bild sollte im Engelsjahr an mehreren Wuppertaler Orten ausgestellt werden, die einen Bezug zu Kunst oder Engels haben.<\/p>\n","protected":false},"author":7,"featured_media":0,"comment_status":"open","ping_status":"open","sticky":false,"template":"","format":"standard","meta":{"footnotes":""},"categories":[29],"tags":[],"class_list":["post-30133","post","type-post","status-publish","format-standard","hentry","category-kultur"],"publishpress_future_action":{"enabled":false,"date":"2026-05-08 22:54:52","action":"change-status","newStatus":"draft","terms":[],"taxonomy":"category","extraData":[]},"publishpress_future_workflow_manual_trigger":{"enabledWorkflows":[]},"_links":{"self":[{"href":"https:\/\/www.die-stadtzeitung.de\/index.php\/wp-json\/wp\/v2\/posts\/30133","targetHints":{"allow":["GET"]}}],"collection":[{"href":"https:\/\/www.die-stadtzeitung.de\/index.php\/wp-json\/wp\/v2\/posts"}],"about":[{"href":"https:\/\/www.die-stadtzeitung.de\/index.php\/wp-json\/wp\/v2\/types\/post"}],"author":[{"embeddable":true,"href":"https:\/\/www.die-stadtzeitung.de\/index.php\/wp-json\/wp\/v2\/users\/7"}],"replies":[{"embeddable":true,"href":"https:\/\/www.die-stadtzeitung.de\/index.php\/wp-json\/wp\/v2\/comments?post=30133"}],"version-history":[{"count":5,"href":"https:\/\/www.die-stadtzeitung.de\/index.php\/wp-json\/wp\/v2\/posts\/30133\/revisions"}],"predecessor-version":[{"id":58972,"href":"https:\/\/www.die-stadtzeitung.de\/index.php\/wp-json\/wp\/v2\/posts\/30133\/revisions\/58972"}],"wp:attachment":[{"href":"https:\/\/www.die-stadtzeitung.de\/index.php\/wp-json\/wp\/v2\/media?parent=30133"}],"wp:term":[{"taxonomy":"category","embeddable":true,"href":"https:\/\/www.die-stadtzeitung.de\/index.php\/wp-json\/wp\/v2\/categories?post=30133"},{"taxonomy":"post_tag","embeddable":true,"href":"https:\/\/www.die-stadtzeitung.de\/index.php\/wp-json\/wp\/v2\/tags?post=30133"}],"curies":[{"name":"wp","href":"https:\/\/api.w.org\/{rel}","templated":true}]}}