{"id":30001,"date":"2020-07-25T18:00:39","date_gmt":"2020-07-25T16:00:39","guid":{"rendered":"https:\/\/www.die-stadtzeitung.de\/?p=30001"},"modified":"2022-01-31T15:22:14","modified_gmt":"2022-01-31T14:22:14","slug":"wsv-stephan-kuesters-neuer-sportlicher-leiter","status":"publish","type":"post","link":"https:\/\/www.die-stadtzeitung.de\/index.php\/2020\/07\/25\/wsv-stephan-kuesters-neuer-sportlicher-leiter\/","title":{"rendered":"Stephan K\u00fcsters sportlicher Leiter &#8211; erster WSV-Sieg"},"content":{"rendered":"<div id=\"attachment_38133\" class=\"wp-caption alignnone\" style=\"max-width: 1034px;\"><img loading=\"lazy\" decoding=\"async\" class=\"size-large wp-image-38133\" src=\"\/wp-content\/uploads\/2021\/06\/classen-2020-Aug-1-065-2002x2048-2-1024x670.jpg\" alt=\"\" width=\"1024\" height=\"670\" \/><span class=\"wp-caption-text\">Sponsor Friedhelm Runge (l.) und der sportliche Leiter Stephan K\u00fcsters \u2013 \u00a9 Jochen Classen<\/span><\/div>\n<p>Die Tore f\u00fcr den WSV in Wermelskirchen erzielten Martin Studtrucker (13.) und Melin Albanoglu (90.). Cheftrainer Alexander Voigt setzte auch zwei Testspieler in dem Vorbereitungsspiel ein: Torh\u00fcter Luis Klante vom SC Verl (Drittligaaufsteiger) und Innenverteidiger Maximilian Dagott von Altona 93 (Regionalliga Nord). Beide hinterlie\u00dfen einen guten Eindruck.<\/p>\n<p>Tolga Cokkosan und Lukas Knechtel waren (noch) nicht dabei. Beide haben noch keinen Vertag f\u00fcr die Saison 2020\/21 unterschrieben. Aber die Verhandlungen laufen noch. Trainer Voigt hofft, dass beide demn\u00e4chst ihre Unterschrift unter die Kontrakte setzen.<\/p>\n<p>Das n\u00e4chste Testspiel steht \u00fcbrigens schon am kommenden Mittwoch (29.07.) auf dem Programm. Dann empf\u00e4ngt der WSV um 19 Uhr auf der Sportanlage am Uellendahl den Oberligisten Germania Ratingen.<\/p>\n<p><strong>Neuer Sportlicher Leiter<\/strong><\/p>\n<p>Stephan K\u00fcsters, der neue sportlicher Leiter WSV erkl\u00e4rt, freut sich auf seine neuen Aufgabe. Er erkl\u00e4rt, wie es zu seiner Verpflichtung gekommen ist: \u201eFriedhelm Runge hat vor einiger Zeit mit mir Kontakt aufgenommen. Ich kenne ihn seit meiner Zeit als Spieler und die Gespr\u00e4che wurden immer konkreter, bis wir dann letztendlich zu einer Einigung gekommen sind. Ich m\u00f6chte dem WSV mit guter Arbeit und meinem Netzwerk helfen, um wieder in die Spur zu kommen. Das ist mit einer extremen Manpower im Team m\u00f6glich. Die Mannschaft, das Team drumherum, die Fans m\u00fcssen zusammen ein Team sein und eine Sprache sprechen um erfolgreich zu sein.\u201c<\/p>\n<p>Thomas Richter: \u201eDer sportliche Bereich beim WSV ist nicht als Einzelperson zu stemmen, gerade weil ich noch hauptberuflich bei der GESA arbeite. Wir freuen uns, dass wir mit Stephan einen Fachmann dazu gewonnen haben.&#8220;<\/p>\n<p>Zudem wird Helmut Lepiorz die Gesch\u00e4ftsstelle des WSV verst\u00e4rken. Er war dort bereits von 2003 bis 2013 t\u00e4tig.<\/p>\n<p><strong>Trainerstab ist komplett<\/strong><\/p>\n<p>Zudem kann Chefcoach Alexander Voigt in der kommenden Saison auf ein starkes Team an seiner Seite vertrauen: Yilmaz Ardic (Co-Trainer), Kay H\u00f6dtke (Torwarttrainer) und Samir El Hajjaj (Co-Trainer) haben ihre Vertr\u00e4ge verl\u00e4ngert.<\/p>\n<p>W\u00e4hrend Kay H\u00f6dtke bereits im kompletten letzten Jahr als Torwarttrainer aktiv war, sind Yilmaz Ardic und Samir El Hajjaj aus dem L\u00f6wenstall nun fest im Regionalligateam verplant.<\/p>\n<p>Ganz verzichten muss der L\u00f6wenstall auf Samir El Hajjaj nicht. Er wird neben der T\u00e4tigkeit als Co-Trainer der Herrenmannschaft auch den Co-Trainer-Posten von David Zajas in der U19 Bundesliga \u00fcbernehmen, sodass eine weitere enge Verzahnung zwischen dem L\u00f6wenstall und der ersten Mannschaft geschaffen wird.<\/p>\n<p>&nbsp;<\/p>\n<p>&nbsp;<\/p>\n","protected":false},"excerpt":{"rendered":"<p>Der Wuppertaler SV hat sein erstes Testspiel beim Landeslisten SV Wermelskirchen mit 2:0 (1:0) gewonnen. Auch hinter den Kulissen gab es einen Erfolg: Stephan K\u00fcsters, der zwischen 2012 und 2014 bei Preu\u00dfen M\u00fcnster sowie zwischen 2014 und 2018 bei Viktoria K\u00f6ln t\u00e4tig war, hat einen Vertrag als sportlicher Leiter des Fu\u00dfballregionalligisten unterschrieben. Unterst\u00fctzung f\u00fcr Sportvorstand Thomas Richter.<\/p>\n","protected":false},"author":7,"featured_media":0,"comment_status":"open","ping_status":"closed","sticky":false,"template":"","format":"standard","meta":{"footnotes":""},"categories":[20],"tags":[],"class_list":["post-30001","post","type-post","status-publish","format-standard","hentry","category-sport"],"publishpress_future_action":{"enabled":false,"date":"2026-05-07 18:14:12","action":"change-status","newStatus":"draft","terms":[],"taxonomy":"category","extraData":[]},"publishpress_future_workflow_manual_trigger":{"enabledWorkflows":[]},"_links":{"self":[{"href":"https:\/\/www.die-stadtzeitung.de\/index.php\/wp-json\/wp\/v2\/posts\/30001","targetHints":{"allow":["GET"]}}],"collection":[{"href":"https:\/\/www.die-stadtzeitung.de\/index.php\/wp-json\/wp\/v2\/posts"}],"about":[{"href":"https:\/\/www.die-stadtzeitung.de\/index.php\/wp-json\/wp\/v2\/types\/post"}],"author":[{"embeddable":true,"href":"https:\/\/www.die-stadtzeitung.de\/index.php\/wp-json\/wp\/v2\/users\/7"}],"replies":[{"embeddable":true,"href":"https:\/\/www.die-stadtzeitung.de\/index.php\/wp-json\/wp\/v2\/comments?post=30001"}],"version-history":[{"count":7,"href":"https:\/\/www.die-stadtzeitung.de\/index.php\/wp-json\/wp\/v2\/posts\/30001\/revisions"}],"predecessor-version":[{"id":49659,"href":"https:\/\/www.die-stadtzeitung.de\/index.php\/wp-json\/wp\/v2\/posts\/30001\/revisions\/49659"}],"wp:attachment":[{"href":"https:\/\/www.die-stadtzeitung.de\/index.php\/wp-json\/wp\/v2\/media?parent=30001"}],"wp:term":[{"taxonomy":"category","embeddable":true,"href":"https:\/\/www.die-stadtzeitung.de\/index.php\/wp-json\/wp\/v2\/categories?post=30001"},{"taxonomy":"post_tag","embeddable":true,"href":"https:\/\/www.die-stadtzeitung.de\/index.php\/wp-json\/wp\/v2\/tags?post=30001"}],"curies":[{"name":"wp","href":"https:\/\/api.w.org\/{rel}","templated":true}]}}