{"id":29941,"date":"2020-07-25T08:13:04","date_gmt":"2020-07-25T06:13:04","guid":{"rendered":"https:\/\/www.die-stadtzeitung.de\/?p=29941"},"modified":"2024-07-29T14:57:06","modified_gmt":"2024-07-29T12:57:06","slug":"tierschuetzerin-petra-konradi-co-hilfe-fuer-ungewollte-tiere","status":"publish","type":"post","link":"https:\/\/www.die-stadtzeitung.de\/index.php\/2020\/07\/25\/tierschuetzerin-petra-konradi-co-hilfe-fuer-ungewollte-tiere\/","title":{"rendered":"Tiersch\u00fctzerin Petra Konradi &#038; Co.: Hilfe f\u00fcr ungewollte Tiere"},"content":{"rendered":"<div class=\"body-text\">\n<div id=\"attachment_37893\" class=\"wp-caption alignnone\" style=\"max-width: 1034px;\"><img loading=\"lazy\" decoding=\"async\" class=\"size-full wp-image-37893\" src=\"\/wp-content\/uploads\/2021\/05\/75ccf8af-efb2-49f9-83ef-726af2d37997.jpg\" alt=\"\" width=\"1024\" height=\"633\" \/><span class=\"wp-caption-text\">Petra Konradi mit Alf, f\u00fcr den es jetzt doch ein Happy-end gab &#8211; \u00a9 Sando e.V.<\/span><\/div>\n<p>&#8222;Seit wenigen Tagen ist die Quarant\u00e4ne in Spanien aufgehoben und wir haben sogleich wieder kastriert!<\/p>\n<p>Unsere erste Aktion startete in Villaverde, wo wir wieder eine neue Katzenkolonie entdeckt haben. Dort haben wir 6 Katzen einfangen k\u00f6nnen und erfolgreich kastriert. Und auch die Kastration von 2 kleinen Miezen, die in Mejilliones leben und die bisher \u00fcber die letzten 5 Jahre j\u00e4hrlich 3-5 Katzenbabys geworfen haben, ist vollbracht.<\/p>\n<p>Einige Kastrationen wurden \u00fcber das Ayuntamiento (Gemeinde) bezahlt, von den 25.000 Euro, die schon vor 2 Jahren bewilligt, dann aber verschwunden waren. Nun haben die Beh\u00f6rden 15.000 Euro aus irgendeinem anderen Topf f\u00fcr die Kastrationen auf der gesamten! Insel bewilligt. Nun ja, es ist zumindest ein Anfang.<\/p>\n<p>Davon werden aber leider keine Antibiotika oder andere medizinischen Eingriffe finanziert. Das Geld ist nur f\u00fcr die\u00a0 Kastrationen vorgesehen. Aber immerhin&#8230;<\/p>\n<p>Aber wenn dann z.B., wie in diesem aktuellen Fall, 5 wei\u00dfe Katzen dabei sind, von denen schon einige Krebs aufgrund der von der Sonne verbrannten Ohren haben, dann k\u00fcmmern wir uns nat\u00fcrlich darum.<\/p>\n<p>Aber es ist immer eine Gl\u00fccksache, diese betroffenen Tiere einzufangen, denn es sind nun mal Stra\u00dfenkatzen, die in freier Natur gro\u00df geworden sind, ohne Vertrauen zu uns Menschen. Sie lassen sich nur sehr schwer einfangen.<\/p>\n<p>Wir haben jetzt noch einiges zu organisierten Da durch den Lockdown in Spanien der gesamte Flugverkehr lahm gelegt wurde, haben wir inzwischen 7 Hundesch\u00fctzlinge, die immer noch auf der Insel sind. Eigentlich w\u00e4ren sie schon vor Monaten ausgeflogen und bei Ihren neuen Familien. Aber uns waren leider die H\u00e4nde gebunden.<\/p>\n<p>Zum Gl\u00fcck wurden die meisten von ihnen hier von tollen Pflegeeltern auf ihr neues Leben vorbereitet. Aber nun ist es Zeit, dass sie endlich in ihre Familien kommen. Daf\u00fcr wird nun alles\u00a0 vorbereitet. Die Fl\u00fcge gebucht, die Dokumente vervollst\u00e4ndigt und ein Boxentrainig wird durchgef\u00fchrt, damit sie lernen, entspannt in einer Hundebox zu reisen.<\/p>\n<p>Wir danken unseren\u00a0 Flugpaten, ohne die das nicht m\u00f6glich w\u00e4re. Leider m\u00fcssen wir Cookie und Mokka vorher noch von einer Pflegestelle in die andere vermitteln, da ihre jetzigen Pflegeeltern in den Urlaub m\u00f6chten.\u00a0Dass alle Hunde so lange hier auf der Insel aufgrund von Corona fest sitzen w\u00fcrden, konnte ja keiner ahnen.<\/p>\n<p>Der tapfere Arthos muss jeden Tag zwei Stunden lang ausgef\u00fchrt und auf seine Ausreise vorzubereiten werden. Es ist kaum vorstellbar, aber in gut 3 Wochen hat auch dieser Schatz, der eigentlich ohne Chance auf Vermittlung war, weil er so einige Baustellen hat (Arthrose, H\u00fcftdisplasie, kaputte Z\u00e4hne, ein Entropion, verkn\u00f6cherte Wirbels\u00e4ule und und und&#8230;) sein Traumzuhause gefunden!!!<\/p>\n<p>Und das Sch\u00f6nste ist: Seine Adoptantin kommt pers\u00f6nlich auf die Insel, um ihn abzuholen. Denn sie wollte nicht noch l\u00e4nger auf ihn warten. Zuhause wird sie ihm ein tolles Leben als &#8222;Hunde-Prinz&#8220; bieten. Welch ein Happy-end!von &#8220;<\/p>\n<p>An der weiteren Entwicklung von &#8222;Sando e.V.&#8220; und unseren Sch\u00fctzlingen m\u00f6chten wir Euch auch in Zukunft teilhaben lassen. Trotz Quarant\u00e4ne hat der Verein einiges auf die Beine gestellt. Erinnert Ihr euch an Jack, der traurige Hund aus der Perrera, der die ganze Zeit verst\u00f6rt im Kreis rannte<\/p>\n<p>Dank seines tollen Pflegepapas und vielen anderen Tierfreunden hier, hat er eine traumhafte Entwicklung hinter sich. Es hie\u00df, er k\u00f6nne nicht mit anderen Hunden. In Wahrheit kannte er es einfach nur noch nicht und das Leben in dem kleinen Zwinger tat sein \u00fcbriges dazu. Er war einfach verzweifelt und hatte sich aufgegeben.<\/p>\n<p>Auch w\u00e4hrend der Quarant\u00e4nezeit, in der es f\u00fcr uns wirklich nicht einfach war, heraus zu fahren, um die Katzen zu f\u00fcttern oder nach kranken Tieren zu schauen, haben wir uns um ungewollte Tiere bem\u00fcht.<\/p>\n<p>Zwei Babys haben wir von einer sehr ersch\u00f6pften Hundemama \u00fcbernommen, deren Besitzerinnen froh waren, sie abgeben zu k\u00f6nnen.<\/p>\n<p>Schon n\u00e4chste Woche ziehen wir wieder los.\u00a0Auch wenn die Welt hier eine Zeit lang still stand, wir sind weiter aktiv ohne Pause.<\/p>\n<p>Alles Liebe<\/p>\n<p>Petra Konradi und das Sando e.V.-Team<\/p>\n<p>&nbsp;<\/p>\n<\/div>\n<p><strong>Sando e.V. Spendenkonto:<\/strong><\/p>\n<p>Volksbank Bielefeld-G\u00fctersloh eG<\/p>\n<p>IBAN:\u00a0DE65 4786 0125 1018 5758 00<\/p>\n<p>BIC:\u00a0GENODEM1GTL<\/p>\n<p>Spenden via PayPal: info@sandohelp.de<\/p>\n<p>www.sandohelp.de<\/p>\n<p>&nbsp;<\/p>\n<p>&nbsp;<\/p>\n","protected":false},"excerpt":{"rendered":"<p>Petra Konradi, TV-Journalistin (RTL) und Sprechlehrerin, lebt auf der Kanareninsel Fuerteventura und hat dort den Tierschutzverein &#8222;Sando e.V.&#8220; gegr\u00fcndet. Mit ihren ehrenamtlichen Helferinnen und Helfern k\u00fcmmert sie sich um Hunde und Katzen, die auf der Urlaubsinsel &#8222;des ewigen Fr\u00fchlings&#8220; nicht gerade auf der Sonnenseite leben. In der STADTZEITUNG berichtet Petra Konradi regelm\u00e4ssig von ihren vierbeinigen Sch\u00fctzlingen.<\/p>\n","protected":false},"author":7,"featured_media":0,"comment_status":"open","ping_status":"open","sticky":false,"template":"","format":"standard","meta":{"footnotes":""},"categories":[19],"tags":[],"class_list":["post-29941","post","type-post","status-publish","format-standard","hentry","category-weitblick"],"publishpress_future_action":{"enabled":false,"date":"2026-05-07 23:28:41","action":"change-status","newStatus":"draft","terms":[],"taxonomy":"category","extraData":[]},"publishpress_future_workflow_manual_trigger":{"enabledWorkflows":[]},"_links":{"self":[{"href":"https:\/\/www.die-stadtzeitung.de\/index.php\/wp-json\/wp\/v2\/posts\/29941","targetHints":{"allow":["GET"]}}],"collection":[{"href":"https:\/\/www.die-stadtzeitung.de\/index.php\/wp-json\/wp\/v2\/posts"}],"about":[{"href":"https:\/\/www.die-stadtzeitung.de\/index.php\/wp-json\/wp\/v2\/types\/post"}],"author":[{"embeddable":true,"href":"https:\/\/www.die-stadtzeitung.de\/index.php\/wp-json\/wp\/v2\/users\/7"}],"replies":[{"embeddable":true,"href":"https:\/\/www.die-stadtzeitung.de\/index.php\/wp-json\/wp\/v2\/comments?post=29941"}],"version-history":[{"count":14,"href":"https:\/\/www.die-stadtzeitung.de\/index.php\/wp-json\/wp\/v2\/posts\/29941\/revisions"}],"predecessor-version":[{"id":76801,"href":"https:\/\/www.die-stadtzeitung.de\/index.php\/wp-json\/wp\/v2\/posts\/29941\/revisions\/76801"}],"wp:attachment":[{"href":"https:\/\/www.die-stadtzeitung.de\/index.php\/wp-json\/wp\/v2\/media?parent=29941"}],"wp:term":[{"taxonomy":"category","embeddable":true,"href":"https:\/\/www.die-stadtzeitung.de\/index.php\/wp-json\/wp\/v2\/categories?post=29941"},{"taxonomy":"post_tag","embeddable":true,"href":"https:\/\/www.die-stadtzeitung.de\/index.php\/wp-json\/wp\/v2\/tags?post=29941"}],"curies":[{"name":"wp","href":"https:\/\/api.w.org\/{rel}","templated":true}]}}