{"id":29658,"date":"2020-07-03T07:48:00","date_gmt":"2020-07-03T05:48:00","guid":{"rendered":"https:\/\/www.die-stadtzeitung.de\/?p=29658"},"modified":"2022-01-21T07:40:04","modified_gmt":"2022-01-21T06:40:04","slug":"jean-puetz-knoepft-sich-die-verschwoerungstheoretiker-vor","status":"publish","type":"post","link":"https:\/\/www.die-stadtzeitung.de\/index.php\/2020\/07\/03\/jean-puetz-knoepft-sich-die-verschwoerungstheoretiker-vor\/","title":{"rendered":"Jean P\u00fctz kn\u00f6pft sich die Verschw\u00f6rungstheoretiker vor"},"content":{"rendered":"<div id=\"attachment_45228\" class=\"wp-caption alignnone\" style=\"max-width: 1034px;\"><img loading=\"lazy\" decoding=\"async\" class=\"size-large wp-image-45228\" src=\"\/wp-content\/uploads\/2020\/12\/DSC03937-1024x748.jpg\" alt=\"\" width=\"1024\" height=\"748\" \/><span class=\"wp-caption-text\">Klugheit und Humor zeichnen den Wissenschaftsjournalisten Jean P\u00fctz aus &#8211; \u00a9 Dr. Susanne Bellenbaum<\/span><\/div>\n<p>&#8222;Befinden wir uns in Deutschland im Banne von Verschw\u00f6rungstheoretikern, Untergangspropheten und AFD-Anh\u00e4ngern? Lohnt es sich gegen Naturgesetze zu demonstrieren?<span class=\"Apple-converted-space\">\u00a0<\/span><\/p>\n<p>Die erste Frage, die ich in meinem frei moderierten Beitrag stelle ist, ob wir uns noch im Mittelalter befinden und ob die Naturgesetze sich offenbar nicht bei jedem herumgesprochen haben?<span class=\"Apple-converted-space\">\u00a0<\/span><\/p>\n<p>So sehe ich jedenfalls die derzeitigen Demonstrationen gegen die Corona-Seuche, gegen die ergriffenen Ma\u00dfnahmen und deren Lockerung bzw. Aufhebung, ebenso wie die Verniedlichung der Folgen.<span class=\"Apple-converted-space\">\u00a0<\/span><\/p>\n<p>Es ist erstaunlich, dass fast alle Seuchen &#8211; ob sie nun im Altertum oder im Mittelalter aufgetreten sind &#8211; \u00e4hnliche Reaktionen erzeugen wie heute bei der Covid-19.<span class=\"Apple-converted-space\">\u00a0<\/span><\/p>\n<p>Sie ist mittlerweile zu einer Pandemie geworden, weil die Wissenschaft und die Technik die Erde zu einem Ort gemacht haben, der f\u00fcr jedermann erreichbar ist.<br \/>\nTrotzdem hat es sich offenbar noch nicht bei jedem B\u00fcrger herumgesprochen, dass die Erde keine Scheibe ist.<span class=\"Apple-converted-space\">\u00a0<\/span><\/p>\n<p>So etwa muss man die Tatsache interpretieren, dass Naturgesetze f\u00fcr viele Menschen, die den Verschw\u00f6rungstheorien glauben schenken, v\u00f6llig unbekannt sind.<\/p>\n<p>Deshalb ist es m\u00f6glich, Populisten Chancen zu er\u00f6ffnen, uns Demokraten regelrecht an der Nase herumzuf\u00fchren. Der Rattenf\u00e4nger von Hameln l\u00e4sst gr\u00fc\u00dfen.<\/p>\n<p>Die Schwarmintelligenz der Deutschen, aber auch leider die der gesamten Weltbev\u00f6lkerung, scheint nicht mehr den Chancen und M\u00f6glichkeiten moderner Technik zu entsprechen.<span class=\"Apple-converted-space\">\u00a0<\/span><\/p>\n<p>Wir sind im Begriff, einen Turmbau zu Babel zu errichten, der &#8211; wenn nicht bald der Vernunft eine Chance gegeben wird &#8211; in sich zusammenfallen wird.<span class=\"Apple-converted-space\">\u00a0<\/span><\/p>\n<p>Und das gilt f\u00fcr die gesamte Kultur, auf der wir unseren Wohlstand aufbauen. Das Wasser l\u00e4uft halt nicht den Berg herauf, sondern die Schwerkraft treibt es nach unten.<\/p>\n<p>Leider findet in den Schulen heute der naturwissenschaftliche Unterricht fast nur noch am Rande statt. Bestimmte Kultur-Apostel br\u00fcsten sich sogar damit, dass sie von Naturwissenschaft keine Ahnung h\u00e4tten.<span class=\"Apple-converted-space\">\u00a0<\/span><\/p>\n<p>Aber unsere gesamte Gesellschaft baut auf diesem Wissen auf, wenn das Verst\u00e4ndnis daf\u00fcr f\u00fcr die Masse der Menschen verschwindet, ist auch unsere Demokratie in Gefahr.<span class=\"Apple-converted-space\">\u00a0<\/span><\/p>\n<p>Bitte entschuldigen Sie, liebe Freunde, dass ich solche banalen, selbstverst\u00e4ndlichen Texte hier poste, aber mein ganzes berufliches Leben habe ich der Vermittlung von Wissen f\u00fcr jedermann bez\u00fcglich der Gesetze der Natur gewidmet, deswegen entwickelte ich auch TV-Sendungen wie die Hobbythek, die jedermann zeigen sollten, dass Wissen enorme Vorteile bereitet, weitgehend unabh\u00e4ngig macht von Interessen von Konzernen und Wissenschaft niemals nur Herrschaftswissen werden darf.<span class=\"Apple-converted-space\">\u00a0<\/span><\/p>\n<p>Den gleichen Zielen dienten die Fernsehreihen \u201aWissenschaftsshow (heute in Quarks umbenannt), \u201aBilder aus der Wissenschaft\u2018, die \u00d6kologie-Sendung \u201aDschungel \u2013 leben und leben lassen\u2018 und viele andere<span class=\"Apple-converted-space\">\u00a0<\/span><\/p>\n<p>Ich wei\u00df, es war nur ein Tropfen auf dem hei\u00dfen Stein, aber wenn beispielsweise in den h\u00f6heren Schulen die Naturwissenschaften Physik, Chemie oder Biologie abgew\u00e4hlt werden k\u00f6nnen, weil unsere Sch\u00fcler glauben, sich damit ihre Abiturnoten zu vermasseln, dann \u201eGute Nacht Deutschland !\u201c<span class=\"Apple-converted-space\">\u00a0<\/span><\/p>\n<p>Ich begr\u00fc\u00dfe es deshalb sehr, dass die f\u00fcnf der Naturwissenschaft gewidmeten wissenschaftlichen Gesellschaften sich in einem Memorandum an die deutsche \u00d6ffentlichkeit gewandt haben.<span class=\"Apple-converted-space\">\u00a0<\/span><\/p>\n<p>Hier der Link, mit einem pers\u00f6nlichen Kommentar meinerseits:<span class=\"Apple-converted-space\">\u00a0<\/span><\/p>\n<p><a href=\"https:\/\/jean-puetz.net\/corona-krise-mit-hilfe-von-mathematik-und-naturwissenschaften-verstehen-und-bekaempfen-mit-einer-bemerkung-von-jean-puetz\">https:\/\/jean-puetz.net\/corona-krise-mit-hilfe-von-mathematik-und-naturwissenschaften-verstehen-und-bekaempfen-mit-einer-bemerkung-von-jean-puetz<\/a><\/p>\n<p>Welche \u00c4ngste und Irritationen Verschw\u00f6rungstheorien bei jedem einzelnen B\u00fcrger ausl\u00f6sen k\u00f6nnen, finden Sie im folgenden Link, in dem eine bekannt orientalische T\u00e4nzerin, die den Inhalt meines Hobbythekbuchs \u201aLebenselixiere aus dem Orient\u2018 ernst genommen hat:<span class=\"Apple-converted-space\">\u00a0<\/span><\/p>\n<p><a href=\"https:\/\/jean-puetz.net\/28-04-2020-verschwoerungstheorien-und-ihre-gefaehrlichen-auswirkungen-am-beispiel-einer-buergerin\">https:\/\/jean-puetz.net\/28-04-2020-verschwoerungstheorien-und-ihre-gefaehrlichen-auswirkungen-am-beispiel-einer-buergerin<\/a><\/p>\n<p>Kopf hoch, bleiben Sie gesund<\/p>\n<p><strong>Ihr Jean P\u00fctz<\/strong><\/p>\n<p>&nbsp;<\/p>\n<div id=\"attachment_16849\" class=\"wp-caption alignnone\" style=\"max-width: 780px;\"><img loading=\"lazy\" decoding=\"async\" class=\"size-full wp-image-16849\" src=\"\/wp-content\/uploads\/2017\/09\/6c04e2131d620d7121529eaf6d69bb9c.jpg\" alt=\"Foto: Susanne Bellenbaum\" width=\"770\" height=\"387\" \/><span class=\"wp-caption-text\">Ein gl\u00fcckliches, harmonisches Paar: Jean P\u00fctz und Ehefrau Pina Coluccia<\/span><\/div>\n<p>&nbsp;<\/p>\n<p>Lesen Sie auch &#8211; wenn Sie m\u00f6gen:<\/p>\n<p><strong>Jean P\u00fctz: AUF MEINEM GRABSTEIN WIRD EIN QR-CODE SEIN<\/strong><\/p>\n<p><a href=\"https:\/\/www.die-stadtzeitung.de\/index.php\/2017\/09\/09\/jean-puetz-auf-meinem-grabstein-wird-ein-qr-code-sein\/\">https:\/\/www.die-stadtzeitung.de\/index.php\/2017\/09\/09\/jean-puetz-auf-meinem-grabstein-wird-ein-qr-code-sein\/<\/a><\/p>\n","protected":false},"excerpt":{"rendered":"<p>Jean P\u00fctz ist ein Mann der klaren Wort. Regelm\u00e4ssig nimm der bekannte und beliebte Wissenschafts-Journalist und TV-Moderator (u.a. &#8222;Hobbythek&#8220;) auf Facebook in seiner Kolumne &#8222;Gebt der Vernunft eine Chance&#8220; sehr pointiert zu aktuellen Themen Stellung. Diesmal \u00e4u\u00dfert sich der putzmuntere 83j\u00e4hrige eindeutig zum Thema Verschw\u00f6rungstheorien und Demonstrationen gegen die Corona-Ma\u00dfnahmen.<\/p>\n","protected":false},"author":7,"featured_media":0,"comment_status":"open","ping_status":"closed","sticky":false,"template":"","format":"standard","meta":{"footnotes":""},"categories":[19],"tags":[],"class_list":["post-29658","post","type-post","status-publish","format-standard","hentry","category-weitblick"],"publishpress_future_action":{"enabled":false,"date":"2026-05-07 23:30:41","action":"change-status","newStatus":"draft","terms":[],"taxonomy":"category","extraData":[]},"publishpress_future_workflow_manual_trigger":{"enabledWorkflows":[]},"_links":{"self":[{"href":"https:\/\/www.die-stadtzeitung.de\/index.php\/wp-json\/wp\/v2\/posts\/29658","targetHints":{"allow":["GET"]}}],"collection":[{"href":"https:\/\/www.die-stadtzeitung.de\/index.php\/wp-json\/wp\/v2\/posts"}],"about":[{"href":"https:\/\/www.die-stadtzeitung.de\/index.php\/wp-json\/wp\/v2\/types\/post"}],"author":[{"embeddable":true,"href":"https:\/\/www.die-stadtzeitung.de\/index.php\/wp-json\/wp\/v2\/users\/7"}],"replies":[{"embeddable":true,"href":"https:\/\/www.die-stadtzeitung.de\/index.php\/wp-json\/wp\/v2\/comments?post=29658"}],"version-history":[{"count":4,"href":"https:\/\/www.die-stadtzeitung.de\/index.php\/wp-json\/wp\/v2\/posts\/29658\/revisions"}],"predecessor-version":[{"id":45277,"href":"https:\/\/www.die-stadtzeitung.de\/index.php\/wp-json\/wp\/v2\/posts\/29658\/revisions\/45277"}],"wp:attachment":[{"href":"https:\/\/www.die-stadtzeitung.de\/index.php\/wp-json\/wp\/v2\/media?parent=29658"}],"wp:term":[{"taxonomy":"category","embeddable":true,"href":"https:\/\/www.die-stadtzeitung.de\/index.php\/wp-json\/wp\/v2\/categories?post=29658"},{"taxonomy":"post_tag","embeddable":true,"href":"https:\/\/www.die-stadtzeitung.de\/index.php\/wp-json\/wp\/v2\/tags?post=29658"}],"curies":[{"name":"wp","href":"https:\/\/api.w.org\/{rel}","templated":true}]}}