{"id":28843,"date":"2020-05-23T07:52:23","date_gmt":"2020-05-23T05:52:23","guid":{"rendered":"https:\/\/www.die-stadtzeitung.de\/?p=28843"},"modified":"2022-01-31T11:17:54","modified_gmt":"2022-01-31T10:17:54","slug":"corona-mit-der-schwebebahn-maske-die-stirn-bieten","status":"publish","type":"post","link":"https:\/\/www.die-stadtzeitung.de\/index.php\/2020\/05\/23\/corona-mit-der-schwebebahn-maske-die-stirn-bieten\/","title":{"rendered":"Corona mit der Schwebebahn-Maske die Stirn bieten"},"content":{"rendered":"<div id=\"attachment_49590\" class=\"wp-caption alignnone\" style=\"max-width: 1034px;\"><img loading=\"lazy\" decoding=\"async\" class=\"size-large wp-image-49590\" src=\"\/wp-content\/uploads\/2020\/05\/IMG_8827-2-2-1024x859.jpeg\" alt=\"\" width=\"1024\" height=\"859\" \/><span class=\"wp-caption-text\">Welche Wuppertaler Pers\u00f6nlichkeit verbirgt sich hier der Schwebebahn-Maske? &#8211; \u00a9 Vok Dams iNotes<\/span><\/div>\n<p>\u201eSchaut mal&#8230; unsere Schwebebahn hat sich in das Bild eines Fotografen der <a href=\"https:\/\/www.facebook.com\/AFPfra\/?__tn__=K-R&amp;eid=ARC9c_iXr81_o4byxgWXSAlZSJMab1Q-YSAdYhv3Orrz3ykAeoBKy-gzIiN1Jc5OYmoKEhTZvwi6Ah6C&amp;fref=mentions&amp;__xts__%255B0%255D=68.ARBuwRUK_Uq6-7OtdlFCwsL4Xls-6W57MeHI_8EY0RAiJQg3W0v-zyhj92h6dGjetSu_3-JTHr2mHDtm2dHzXojjzxyMNR-KYZI6TBQytCmJruvD3q90DZCcozdJfsXMP1LR4D2sirG6Q0WqGF9tzfSMyYqo_RrK14IsK6bWEWxsXS7HglP3XGev3uJwLlAfE-gdUzakLpkCIULq0X9toQDGKYF1rg4OUJMniqLOPx5tEGrP9lM7TZpROsikfha8YCId_jQlZVNr4JzS2HNw7ZLtxffuHGFaS9PsC-HQ7V9DJ8piUq-e22ixvTKmUTVRPDez-E2oKxWfAdxCjw-RShzPFQ\">Agence France-Presse<\/a> geschlichen. \ud83d\ude00 Das Foto (das wir leider aus rechtlichen Gr\u00fcnden nicht zeigen d\u00fcrfen) ist im Berliner Mauerpark entstanden. Die Leinentasche mit der Schwebebahn bekommt ihr \u00fcbrigens bei uns, Wuppertal Touristik, Kirchstra\u00dfe 16, oder unter <a href=\"http:\/\/www.wuppertalshop.de\/?fbclid=IwAR3mAWBztjqU9Zlq6ZiH7v6RY7uCfQt3IHSwAKyUY1jQmEk8zUHow2MzMJM\">www.wuppertalshop.de.<\/a>\u201c berichtet Wuppertal Marketing am 17. Mai auf Facebook.<\/p>\n<p>Da freut man sich ja. Vor allem, wenn man an die Horrormeldung in der Westdeutschen Zeitung (WZ) vom 19. Februar (also vor dem Corona Shut Down) denkt: \u201eDie Wuppertal Marketing GmbH muss mit einem Zuschuss von 250.000 Euro vor der Insolvenz gerettet werden.\u201c<\/p>\n<p>Da fragt man sich nat\u00fcrlich, was es sonst noch so gibt, was das Marketing f\u00fcr Wuppertal befl\u00fcgeln k\u00f6nnte. Das Naheliegende, den Geburtstag von Friedrich Engels mit dem Thema Stadtmarketing zu verbinden, konnte in der Schockstarre der Corona-Krise kaum weiterverfolgt werden.<span class=\"Apple-converted-space\">\u00a0<\/span><\/p>\n<p>So freut man sich \u00fcber eine Meldung von Wuppertal Marketing am 1. Mai auf Facebook: \u201eUnsere Mund-Nasen-Masken mit der Schwebebahn bekommt ihr unter <a href=\"https:\/\/l.facebook.com\/l.php?u=http%253A%252F%252Fwww.wuppertalshop.de%252F%253Ffbclid%253DIwAR31BcES2H2yP5_VIvtVLuSwN5smCNrQLTnvIUBWs6BIo3d-U9Rd5sedzUw&amp;h=AT2NgRR_a1uHOWbqSD_m0cH5KuL2PYP306KTJaiqyRLqNTyVPW8jzrIBy-zvlJ3kehOD9PrbcCoryRfAHeNEpEYL8Gh2lUhUP7IfrimezSpAYOgZsLsiUFTo7mGIeJl-Hm-eh0JL_qu3SCOr43Bk2ewfg8p6DC1TYrzHCjJkTMOmtmz3Mstgt6Dbc6Ffg1hGA1CjSQJgNKPAECCtAWv1yzHZ7TDaChODzoe_DOQCvxDM7zxs_c8OM6jf8aYaDCQm_7s4rKF7Odzd_Eoxgk-6HiTiYJrGIBaiXR6IT5IkgWydxkWaTbhyqpN4AObY-nGBJWVpPqx3DpR4NqnZ_F4uG2qtIsSlLkGex_qHwXHlBS2mjVK3NlKsNI22NeXIN_07kHre5vRaBGQ_C7zM6Deu0EDoXw1xb57gc9xT_-21r5aYAFxPZLppXA95qNN0OdCZeCu7L7VVDSCoBmW-BBt2GpnvAkyGjlp-HmPxk_JCIQnZFHtGqDDEKLK8CoF5CE936qKweZ6uVZKWyxKzesz0szlb2e9t3OVnbUdOe6Hxl6GFEWUbtO0cJf_0M5wQcSkSChEK5-ZFi4hL5Rq2dDcYI5FFJqBen942ssQFO2jevZkUJBUeMwbYhKjxfKtEvPpQrZI\">www.wuppertalshop.de<\/a> f\u00fcr 9,95 Euro &#8211; jetzt in vier neuen Farben, n\u00e4mlich hellblau, schwarz-blau, schwarz-neongr\u00fcn und schwarz-rot.\u201c<\/p>\n<p>Ein Verkaufsschlager, wie man h\u00f6rt.<\/p>\n<p>Und eine clevere Idee! Denn wenn es in der gro\u00dfen Politik schon nicht mehr \u201eohne\u201c geht,\u00a0so sollten alle \u201eoffiziellen\u201c Wuppertaler (zumindest moralisch) zur Nutzung dieser Maske verpflichtet werden!<span class=\"Apple-converted-space\">\u00a0<\/span><\/p>\n<p>Allen voran Politik und Verwaltung, Stadtbetriebe und Stadtwerke, Stadtverordnete und Oberb\u00fcrgermeister, Oberb\u00fcrgermeister-Kandidaten und Wuppertal Botschafter, und, und, und&#8230;&#8220;<\/p>\n<p><strong>Vok Dams<\/strong><\/p>\n<div id=\"attachment_39014\" class=\"wp-caption alignnone\" style=\"max-width: 1034px;\"><img loading=\"lazy\" decoding=\"async\" class=\"size-large wp-image-39014\" src=\"\/wp-content\/uploads\/2021\/06\/IMG_2331-2-1024x663.jpeg\" alt=\"\" width=\"1024\" height=\"663\" \/><span class=\"wp-caption-text\">Oben hinter der Schwebebahn-Maske verbirgt sich nat\u00fcrlich Marketing-Experte Vok Dams &#8211; \u00a9 Vok Dams iNotes<\/span><\/div>\n<p>Und so wird die &#8222;Schwebe-Maske&#8220; unter www.wuppertalshop.de angeboten:<\/p>\n<p><a href=\"http:\/\/www.wuppertalshop.de\/epages\/WuppertalShop.sf\/de_DE\/?ObjectPath=\/Shops\/WuppertalShop\/Products\/MUNDSCHUTZ-SB\"><b>Mund-Nasen-Maske im Schwebebahn-Design<\/b><\/a><b><span class=\"Apple-converted-space\">\u00a0<\/span><\/b><\/p>\n<p>Unsere Mund-Nasen-Masken werden nach unseren Entw\u00fcrfen gefertigt. Das applizierte Band stammt aus der Kollektion &#8222;Wupperware&#8220; von Karen G\u00fctebier. Einen Teil unserer Einnahmen spenden wir an den Wuppertaler Solidarfonds f\u00fcr Kultur <a href=\"https:\/\/www.eintopfwuppertal.de\/\">www.eintopfwuppertal.de<\/a>. Weitere Farben als die Abgebildeten erh\u00e4ltlich.<\/p>\n<p>Bei unseren Masken handelt es sich nicht um eine medizinische Atemschutzmaske. Sie hat keinen FFP-Standard und keine Zertifizierung.<br \/>\n<i>Material: 100 % Baumwolle doppellagig, Band 98 % Baumwolle, 2% Polyester, Gr\u00f6\u00dfe ca. 20 x 21 cm, dreifaltig, Halterung: wei\u00dfes Gummiband. Bei 60 Grad waschbar, vor dem ersten Tragen waschen.<\/i><\/p>\n<p><a href=\"http:\/\/www.wuppertalshop.de\">http:\/\/www.wuppertalshop.de<\/a><\/p>\n","protected":false},"excerpt":{"rendered":"<p>In seinem &#8222;Notiz.Blog&#8220; aus dem ATELIERHAUS setzt sich der Event-Marketing-Experte und Wuppertal Botschafter Vok Dams einmal mehr mit der Coronakrise auseinander. Diesmal stellt er beeindruckend unter Beweis, dass man der Virus-Krise durchaus mit einem Schuss Humor begegnen bzw. die Stirn bieten kann.<\/p>\n","protected":false},"author":7,"featured_media":0,"comment_status":"open","ping_status":"closed","sticky":false,"template":"","format":"standard","meta":{"footnotes":""},"categories":[26],"tags":[],"class_list":["post-28843","post","type-post","status-publish","format-standard","hentry","category-politik"],"publishpress_future_action":{"enabled":false,"date":"2026-05-07 23:21:08","action":"change-status","newStatus":"draft","terms":[],"taxonomy":"category","extraData":[]},"publishpress_future_workflow_manual_trigger":{"enabledWorkflows":[]},"_links":{"self":[{"href":"https:\/\/www.die-stadtzeitung.de\/index.php\/wp-json\/wp\/v2\/posts\/28843","targetHints":{"allow":["GET"]}}],"collection":[{"href":"https:\/\/www.die-stadtzeitung.de\/index.php\/wp-json\/wp\/v2\/posts"}],"about":[{"href":"https:\/\/www.die-stadtzeitung.de\/index.php\/wp-json\/wp\/v2\/types\/post"}],"author":[{"embeddable":true,"href":"https:\/\/www.die-stadtzeitung.de\/index.php\/wp-json\/wp\/v2\/users\/7"}],"replies":[{"embeddable":true,"href":"https:\/\/www.die-stadtzeitung.de\/index.php\/wp-json\/wp\/v2\/comments?post=28843"}],"version-history":[{"count":8,"href":"https:\/\/www.die-stadtzeitung.de\/index.php\/wp-json\/wp\/v2\/posts\/28843\/revisions"}],"predecessor-version":[{"id":49591,"href":"https:\/\/www.die-stadtzeitung.de\/index.php\/wp-json\/wp\/v2\/posts\/28843\/revisions\/49591"}],"wp:attachment":[{"href":"https:\/\/www.die-stadtzeitung.de\/index.php\/wp-json\/wp\/v2\/media?parent=28843"}],"wp:term":[{"taxonomy":"category","embeddable":true,"href":"https:\/\/www.die-stadtzeitung.de\/index.php\/wp-json\/wp\/v2\/categories?post=28843"},{"taxonomy":"post_tag","embeddable":true,"href":"https:\/\/www.die-stadtzeitung.de\/index.php\/wp-json\/wp\/v2\/tags?post=28843"}],"curies":[{"name":"wp","href":"https:\/\/api.w.org\/{rel}","templated":true}]}}