{"id":2821,"date":"2015-12-03T09:51:29","date_gmt":"2015-12-03T08:51:29","guid":{"rendered":"http:\/\/192.168.10.16\/newsportal\/stadtzeitung\/index.php\/2015\/12\/03\/neuzugang-beim-wsv\/"},"modified":"2015-12-03T09:51:29","modified_gmt":"2015-12-03T08:51:29","slug":"neuzugang-beim-wsv","status":"publish","type":"post","link":"https:\/\/www.die-stadtzeitung.de\/index.php\/2015\/12\/03\/neuzugang-beim-wsv\/","title":{"rendered":"Neuzugang beim WSV"},"content":{"rendered":"<img loading=\"lazy\" decoding=\"async\" class=\" size-full wp-image-2820\" src=\"https:\/\/www.die-stadtzeitung.de\/wp-content\/uploads\/2015\/12\/8d5d92268957d54463f5c93c0ce4c544.jpg\" alt=\"Foto: WSV\" class=\"caption\" title=\"Cihan Kaptan bei der Vertragsunterzeichnung\" width=\"600\" height=\"400\" \/>\n<p>Mit Cihan Kaptan hat der Wuppertaler Sportverein j\u00fcngst einen neuen Rechtsverteidiger verpflichtet. Der 26-j\u00e4hrige geb\u00fcrtige Wuppertaler, der zuletzt in der 2. t\u00fcrkischen Liga kickte, wird ab dem n\u00e4chsten Jahr f\u00fcr die Rot-Blauen auflaufen.<\/p>\n<p>  <!--more-->  <\/p>\n<p>&#8222;Cihan ist in Leverkusen und Dortmund ausgebildet worden und hat im letzten Jahr s\u00e4mtliche Spiele in der 2. t\u00fcrkischen Liga bestritten. Er ist ein echter Wuppertaler, wohnt jetzt wieder hier und wird uns qualitativ weiter verbessern.&#8220; sagt Manuel B\u00f6stler, sportlicher Leiter des WSV.<\/p>\n<p>Und auch Trainer Stefan Vollmerhausen zeigt sich optimistisch: &#8222;Ich freue mich, dass Cihan zu uns kommt. Wir haben gesagt, dass wir uns verst\u00e4rken wollen, wenn es passt. Bei Cihan sind wir uns sicher, dass er die Qualit\u00e4t hat, unseren Weg mitzugehen und uns sofort weiterhelfen wird. Er bringt viel Erfahrung mit, die uns in den n\u00e4chsten Monaten noch wertvolle Dienste leisten kann. Daher bin ich total froh, dass wir uns zuf\u00e4llig getroffen haben. Er hat mit seinen 26 Jahren schon viel von der Fu\u00dfball-Welt gesehen, wollte jetzt aber gerne in seiner Heimatstadt beim WSV seine Karriere fortsetzen. Diesen Wunsch erf\u00fcllen wir sehr gerne.&#8220;<\/p>\n<p>Kaptan ist ab dem 01.01.2016 spielberechtigt und hat seinen Vertrag bis 2017 unterschrieben. Sollte der WSV den lang ersehnten Aufstieg schaffen, gilt sein Vertrag auch f\u00fcr die Regionalliga.<\/p>\n","protected":false},"excerpt":{"rendered":"<p>Mit Cihan Kaptan hat der Wuppertaler Sportverein j\u00fcngst einen neuen Rechtsverteidiger verpflichtet. Der 26-j\u00e4hrige geb\u00fcrtige Wuppertaler, der zuletzt in der 2. t\u00fcrkischen Liga kickte, wird ab dem n\u00e4chsten Jahr f\u00fcr die Rot-Blauen auflaufen.<\/p>\n","protected":false},"author":11,"featured_media":2819,"comment_status":"open","ping_status":"closed","sticky":false,"template":"","format":"standard","meta":{"footnotes":""},"categories":[],"tags":[1584,216,1583,149],"class_list":["post-2821","post","type-post","status-publish","format-standard","hentry","tag-cihan-kaptan","tag-fussball","tag-neuzugang","tag-wsv"],"publishpress_future_action":{"enabled":false,"date":"2026-05-04 19:37:03","action":"change-status","newStatus":"draft","terms":[],"taxonomy":"category","extraData":[]},"publishpress_future_workflow_manual_trigger":{"enabledWorkflows":[]},"_links":{"self":[{"href":"https:\/\/www.die-stadtzeitung.de\/index.php\/wp-json\/wp\/v2\/posts\/2821","targetHints":{"allow":["GET"]}}],"collection":[{"href":"https:\/\/www.die-stadtzeitung.de\/index.php\/wp-json\/wp\/v2\/posts"}],"about":[{"href":"https:\/\/www.die-stadtzeitung.de\/index.php\/wp-json\/wp\/v2\/types\/post"}],"author":[{"embeddable":true,"href":"https:\/\/www.die-stadtzeitung.de\/index.php\/wp-json\/wp\/v2\/users\/11"}],"replies":[{"embeddable":true,"href":"https:\/\/www.die-stadtzeitung.de\/index.php\/wp-json\/wp\/v2\/comments?post=2821"}],"version-history":[{"count":0,"href":"https:\/\/www.die-stadtzeitung.de\/index.php\/wp-json\/wp\/v2\/posts\/2821\/revisions"}],"wp:featuredmedia":[{"embeddable":true,"href":"https:\/\/www.die-stadtzeitung.de\/index.php\/wp-json\/wp\/v2\/media\/2819"}],"wp:attachment":[{"href":"https:\/\/www.die-stadtzeitung.de\/index.php\/wp-json\/wp\/v2\/media?parent=2821"}],"wp:term":[{"taxonomy":"category","embeddable":true,"href":"https:\/\/www.die-stadtzeitung.de\/index.php\/wp-json\/wp\/v2\/categories?post=2821"},{"taxonomy":"post_tag","embeddable":true,"href":"https:\/\/www.die-stadtzeitung.de\/index.php\/wp-json\/wp\/v2\/tags?post=2821"}],"curies":[{"name":"wp","href":"https:\/\/api.w.org\/{rel}","templated":true}]}}