{"id":28069,"date":"2020-04-19T08:52:08","date_gmt":"2020-04-19T06:52:08","guid":{"rendered":"https:\/\/www.die-stadtzeitung.de\/?p=28069"},"modified":"2022-01-30T09:30:20","modified_gmt":"2022-01-30T08:30:20","slug":"vok-dams-wuppertaler-wirtschaft-meldet-sich-zu-wort","status":"publish","type":"post","link":"https:\/\/www.die-stadtzeitung.de\/index.php\/2020\/04\/19\/vok-dams-wuppertaler-wirtschaft-meldet-sich-zu-wort\/","title":{"rendered":"Vok Dams: Wuppertaler Wirtschaft meldet sich zu Wort"},"content":{"rendered":"<div id=\"attachment_48332\" class=\"wp-caption alignnone\" style=\"max-width: 960px;\"><img loading=\"lazy\" decoding=\"async\" class=\"size-full wp-image-48332\" src=\"\/wp-content\/uploads\/2017\/06\/IMG_6650_a.jpg\" alt=\"\" width=\"950\" height=\"633\" \/><span class=\"wp-caption-text\">Marketing-Experte Vok Dams &#8211; \u00a9 Dirk Sengotta<\/span><\/div>\n<p>&#8222;Es gibt sie noch die Wuppertaler Wirtschaft, auch wenn man in Wuppertal wenig dar\u00fcber\u00a0erf\u00e4hrt.\u00a0Schon gar nicht in der derzeit sehr abgemagerten Lokalausgaben.<\/p>\n<p>Umso erfreulicher, dass sich einige Wuppertaler Unternehmen zu den Folgen\u00a0der Corona-Krise zu\u00a0Wort melden und die nationale Wirtschaftspresse\u00a0dieses Thema aufgreift. So konnte Colja M. Dams, Gesch\u00e4ftsf\u00fchrender Gesellschafter der international\u00a0operierenden Kommunikations-Agentur f\u00fcr Marketing-Events und\u00a0Live-Marketing, in einem\u00a0vielbeachteten HANDELSBLATT-Interview auf\u00a0die katastrophalen Folgen der Krise f\u00fcr die\u00a0Veranstaltungs- und\u00a0Messewirtschaft hinweisen<br \/>\nund\u00a0L\u00f6sungsans\u00e4tze f\u00fcr einen Neuanfang\u00a0pr\u00e4sentieren.<\/p>\n<p>In der aktuellen Ausgabe der WIRTSCHAFTS WOCHE (17.04.2020) fordert\u00a0Natalie Mekelburger,\u00a0Gesch\u00e4ftsf\u00fchrende Gesellschafterin des Wuppertaler\u00a0Automobilzulieferers\u00a0COROPLAST Gruppe,\u00a0in einem Gespr\u00e4ch mit Thomas Bareiss,<br \/>\nParlamentarischer Staatssekret\u00e4r\u00a0im Wirtschaftsministerium,\u00a0einen Plan,\u00a0um nach einem krisenbedingten Abw\u00fcrgen der gesamten\u00a0Wirtschaft,\u00a0einen erneuten\u00a0Aufschwung\u00a0sicher zu stellen.<\/p>\n<p>Hier zwei Zitate von Natalie Mecklenburger:<\/p>\n<p>&#8222;Mich erreichen Anrufe von Landr\u00e4ten und Klinikchefs aus meiner Heimat. Da geht es um Menschenleben.&#8220;<\/p>\n<p>&#8222;Was eine Verm\u00f6gensabgabe angeht: Die Debatte kommt zur Unzeit. Unser Verm\u00f6gen steckt in den Firmen. Es wird schwer genug, es dort zu erhalten.<\/p>\n<p>Lesenswert.&#8220;<\/p>\n<p><strong>Vok Dams<\/strong><\/p>\n<p>&nbsp;<\/p>\n<p>Link zur WIRTSCHAFTS WOCHE:<\/p>\n<p><a href=\"https:\/\/www.wiwo.de\/my\/politik\/deutschland\/der-richtige-weg-aus-der-krise-es-braucht-einen-plan-und-zwar-jetzt\/25744864.html?ticket=ST-158182-uYfcELrTDBypSuJTxzYd-ap1\">https:\/\/www.wiwo.de\/my\/politik\/deutschland\/der-richtige-weg-aus-der-krise-es-braucht-einen-plan-und-zwar-jetzt\/25744864.html?ticket=ST-158182-uYfcELrTDBypSuJTxzYd-ap1<\/a><\/p>\n<p>Link zum HANDELSBLATT:<\/p>\n<p><a href=\"http:\/\/vokdamsatelierhaus.de\/wp-content\/uploads\/2013\/07\/Virtuell-statt-live-dabei.pdf\">http:\/\/vokdamsatelierhaus.de\/wp-content\/uploads\/2013\/07\/Virtuell-statt-live-dabei.pdf<\/a><\/p>\n<p>&nbsp;<\/p>\n<p>&nbsp;<\/p>\n","protected":false},"excerpt":{"rendered":"<p>In seinem &#8222;Notiz.Blog&#8220; aus dem ATELIERHAUS setzt sich der Event-Marketing-Experte und Wuppertal Botschafter Vok Dams einmal mehr mit der Coronakrise auseinander und richtet dabei sein Hauptaugenmerk auf die Wuppertaler Wirtschaft: &#8222;Wege aus der Krise: Die Wuppertaler Wirtschaft meldet sich zu Wort!&#8220;<\/p>\n","protected":false},"author":7,"featured_media":0,"comment_status":"open","ping_status":"closed","sticky":false,"template":"","format":"standard","meta":{"footnotes":""},"categories":[26],"tags":[],"class_list":["post-28069","post","type-post","status-publish","format-standard","hentry","category-politik"],"publishpress_future_action":{"enabled":false,"date":"2026-05-06 03:33:55","action":"change-status","newStatus":"draft","terms":[],"taxonomy":"category","extraData":[]},"publishpress_future_workflow_manual_trigger":{"enabledWorkflows":[]},"_links":{"self":[{"href":"https:\/\/www.die-stadtzeitung.de\/index.php\/wp-json\/wp\/v2\/posts\/28069","targetHints":{"allow":["GET"]}}],"collection":[{"href":"https:\/\/www.die-stadtzeitung.de\/index.php\/wp-json\/wp\/v2\/posts"}],"about":[{"href":"https:\/\/www.die-stadtzeitung.de\/index.php\/wp-json\/wp\/v2\/types\/post"}],"author":[{"embeddable":true,"href":"https:\/\/www.die-stadtzeitung.de\/index.php\/wp-json\/wp\/v2\/users\/7"}],"replies":[{"embeddable":true,"href":"https:\/\/www.die-stadtzeitung.de\/index.php\/wp-json\/wp\/v2\/comments?post=28069"}],"version-history":[{"count":4,"href":"https:\/\/www.die-stadtzeitung.de\/index.php\/wp-json\/wp\/v2\/posts\/28069\/revisions"}],"predecessor-version":[{"id":48523,"href":"https:\/\/www.die-stadtzeitung.de\/index.php\/wp-json\/wp\/v2\/posts\/28069\/revisions\/48523"}],"wp:attachment":[{"href":"https:\/\/www.die-stadtzeitung.de\/index.php\/wp-json\/wp\/v2\/media?parent=28069"}],"wp:term":[{"taxonomy":"category","embeddable":true,"href":"https:\/\/www.die-stadtzeitung.de\/index.php\/wp-json\/wp\/v2\/categories?post=28069"},{"taxonomy":"post_tag","embeddable":true,"href":"https:\/\/www.die-stadtzeitung.de\/index.php\/wp-json\/wp\/v2\/tags?post=28069"}],"curies":[{"name":"wp","href":"https:\/\/api.w.org\/{rel}","templated":true}]}}