{"id":27991,"date":"2020-04-16T09:27:50","date_gmt":"2020-04-16T07:27:50","guid":{"rendered":"https:\/\/www.die-stadtzeitung.de\/?p=27991"},"modified":"2022-01-31T15:31:31","modified_gmt":"2022-01-31T14:31:31","slug":"thomas-richter-in-wsv-vorstand-aufgerueckt","status":"publish","type":"post","link":"https:\/\/www.die-stadtzeitung.de\/index.php\/2020\/04\/16\/thomas-richter-in-wsv-vorstand-aufgerueckt\/","title":{"rendered":"Thomas Richter in WSV-Vorstand aufger\u00fcckt"},"content":{"rendered":"<div id=\"attachment_49661\" class=\"wp-caption alignnone\" style=\"max-width: 1034px;\"><img loading=\"lazy\" decoding=\"async\" class=\"size-large wp-image-49661\" src=\"\/wp-content\/uploads\/2020\/06\/Thomas-Richter-Trainer-WSV-1024x778.jpg\" alt=\"\" width=\"1024\" height=\"778\" \/><span class=\"wp-caption-text\">Thomas Richter wurde beim WSV bef\u00f6rdert &#8211; \u00a9 Otto Krschak<\/span><\/div>\n<p>Zusammen mit Melanie Drees, die nach wie vor f\u00fcr die Finanzen des Fu\u00dfballregionalligisten verantworlich ist, bildet er nun den Vorstand des WSV. Beide wollen jetzt gemeinsam den WSV neu und zukunftsf\u00e4hig aufstellen.<\/p>\n<p>Der vom Amtsgericht berufene Notvorstand, in dem Stephan Ries, Rechtsanwalt und langsj\u00e4hriges WSV-Mitglied, als Notvorsitzender verr\u00fcbergehend ausgeholfen hatte, ist durch die Wahl aufgel\u00f6st worden.<span class=\"Apple-converted-space\">\u00a0<\/span><\/p>\n<p>Der Verein bedankt sich bei Stephan Ries f\u00fcr dessen Hilfe.<\/p>\n","protected":false},"excerpt":{"rendered":"<p>Der WSV hat wieder einen regul\u00e4ren Vorstand. Nach dem R\u00fccktritt von Alexander Eichner wurde jetzt Sportdirektor Thomas Richter vom Verwaltungsrat zum neuen Vorstandsmitglied gew\u00e4hlt.\u00a0<\/p>\n","protected":false},"author":7,"featured_media":0,"comment_status":"open","ping_status":"closed","sticky":false,"template":"","format":"standard","meta":{"footnotes":""},"categories":[20],"tags":[],"class_list":["post-27991","post","type-post","status-publish","format-standard","hentry","category-sport"],"publishpress_future_action":{"enabled":false,"date":"2026-05-08 20:56:31","action":"change-status","newStatus":"draft","terms":[],"taxonomy":"category","extraData":[]},"publishpress_future_workflow_manual_trigger":{"enabledWorkflows":[]},"_links":{"self":[{"href":"https:\/\/www.die-stadtzeitung.de\/index.php\/wp-json\/wp\/v2\/posts\/27991","targetHints":{"allow":["GET"]}}],"collection":[{"href":"https:\/\/www.die-stadtzeitung.de\/index.php\/wp-json\/wp\/v2\/posts"}],"about":[{"href":"https:\/\/www.die-stadtzeitung.de\/index.php\/wp-json\/wp\/v2\/types\/post"}],"author":[{"embeddable":true,"href":"https:\/\/www.die-stadtzeitung.de\/index.php\/wp-json\/wp\/v2\/users\/7"}],"replies":[{"embeddable":true,"href":"https:\/\/www.die-stadtzeitung.de\/index.php\/wp-json\/wp\/v2\/comments?post=27991"}],"version-history":[{"count":5,"href":"https:\/\/www.die-stadtzeitung.de\/index.php\/wp-json\/wp\/v2\/posts\/27991\/revisions"}],"predecessor-version":[{"id":49664,"href":"https:\/\/www.die-stadtzeitung.de\/index.php\/wp-json\/wp\/v2\/posts\/27991\/revisions\/49664"}],"wp:attachment":[{"href":"https:\/\/www.die-stadtzeitung.de\/index.php\/wp-json\/wp\/v2\/media?parent=27991"}],"wp:term":[{"taxonomy":"category","embeddable":true,"href":"https:\/\/www.die-stadtzeitung.de\/index.php\/wp-json\/wp\/v2\/categories?post=27991"},{"taxonomy":"post_tag","embeddable":true,"href":"https:\/\/www.die-stadtzeitung.de\/index.php\/wp-json\/wp\/v2\/tags?post=27991"}],"curies":[{"name":"wp","href":"https:\/\/api.w.org\/{rel}","templated":true}]}}