{"id":27844,"date":"2020-04-20T09:47:40","date_gmt":"2020-04-20T07:47:40","guid":{"rendered":"https:\/\/www.die-stadtzeitung.de\/?p=27844"},"modified":"2022-01-30T09:29:22","modified_gmt":"2022-01-30T08:29:22","slug":"prof-uwe-schneidewind-steht-in-den-startloechern","status":"publish","type":"post","link":"https:\/\/www.die-stadtzeitung.de\/index.php\/2020\/04\/20\/prof-uwe-schneidewind-steht-in-den-startloechern\/","title":{"rendered":"Prof. Uwe Schneidewind steht in den Startl\u00f6chern"},"content":{"rendered":"<div id=\"attachment_48297\" class=\"wp-caption alignnone\" style=\"max-width: 1034px;\"><img loading=\"lazy\" decoding=\"async\" class=\"size-large wp-image-48297\" src=\"\/wp-content\/uploads\/2020\/09\/200306_PM_Uwe_Schneidewind_c_Etges-1024x739.jpeg\" alt=\"\" width=\"1024\" height=\"739\" \/><span class=\"wp-caption-text\">Der Herausforderer: Prof. Dr. Uwe Schneidewind &#8211; \u00a9 Wuppertal Institut<\/span><\/div>\n<p>Sicher ist bislang nur &#8211; egal wann die Wahl stattfindet &#8211; dass der Wissenschaftliche Gesch\u00e4ftsf\u00fchrer des Wuppertal Instituts und fr\u00fchere erfolgreiche Mittel- und Langstreckenl\u00e4ufer Prof. Dr. Uwe Schneidewind als gemeinsamer Kanditdat von CDU und Bundnis 90\/Die Gr\u00fcnen ins Rennen geht. Er fordert den bisherigen Amtsinhaber Andreas Mucke (SPD) heraus.<\/p>\n<p>An den Start gehen weiterhin Ex-Dezernent Panagiotis Paschalis (parteilos) und Bernhard Sander (Die Linke).\u00a0Die FDP wollte ihren Hoffnungstr\u00e4ger am 29. M\u00e4rz bekannt geben, hat die Kandidaten-K\u00fcr wegen der Coronakrise aber verschoben.<\/p>\n<p>Prof. Uwe Schneidewind wendet sich jetzt mit einem regelm\u00e4ssigen Podcast (tal#cast) an die<span class=\"Apple-converted-space\">\u00a0<\/span>rund 270.000 Wuppertaler Wahlberechtigten. Der n\u00e4chste wird in 14 Tagen ver\u00f6ffentlicht. Unter der E-mail-Adresse team@uwe-schneidewind.de k\u00f6nnen Wuppertalerinnen und Wuppertaler ihm und seinem Wahlkampf-Team Ideen, W\u00fcnsche und auch Kritik zukommen lassen.<\/p>\n<p>Auf Prof. Uwe Schneidewinds Homepage www.uwe-schneidewind.de ist zu lesen:<\/p>\n<p>&#8222;Was macht ein Oberb\u00fcrgermeister Wahlkampf-Team f\u00fcnf Monate vor der Wahl und inmitten einer weltweiten Pandemie, wenn gef\u00fchlt das letzte was die Menschheit gerade braucht eine Wahlkampagne ist? Neben einem unterst\u00fctzenden Info-Mail-Format macht es einen Podcast. Den tal#cast. Mit dem Wuppertaler tal#cast wollen wir &#8211; \u201cProf. Dr. Uwe Schneidewind und sein OB-Kampagnen-Team\u201c &#8211; den Themen einer Stadt im (Corona)-Aufbruch eine Plattform geben. Wir werden uns z.B. mit der Koordination lokaler Hilfsangebote, den Schwierigkeiten von Corona f\u00fcr Menschen mit Behinderungen, der Post-Corona-City und vielen weiteren Themen auseinandersetzen. Freut euch auf Gedankenfutter, auch \u00fcber die Krise, Wuppertal und Corona hinaus!&#8220;<\/p>\n<div id=\"attachment_27853\" class=\"wp-caption alignnone\" style=\"max-width: 910px;\"><img loading=\"lazy\" decoding=\"async\" class=\"size-full wp-image-27853\" src=\"\/wp-content\/uploads\/2020\/04\/fe91275fa831a334e4b45722e1b22342-1.jpg\" alt=\"\" width=\"900\" height=\"600\" \/><span class=\"wp-caption-text\">Der Amtsinhaber: Oberb\u00fcrgermeister Andreas Mucke &#8211; \u00a9 Monika Asmus<\/span><\/div>\n<h3>Ausschnitt aus unserem &#8222;Hand aufs Herz&#8220;-Interview<\/h3>\n<p>Hier lesen Sie einen kurzen Ausschnitt aus unserem &#8222;Hand aufs Herz&#8220;-Interview. Wann und wo sie das komplette Interview mit dem Herausforderer von Andreas Mucke lesen k\u00f6nnen, teilen wir Ihnen rechtzeitig unter www.diestadtzeitung.de mit.<\/p>\n<p><b>DS: Was bringt einen geb\u00fcrtigen K\u00f6lner dazu, sich in Wuppertal als Oberb\u00fcrgermeister zur Wahl zu stellen?<span class=\"Apple-converted-space\">\u00a0<\/span><\/b><\/p>\n<p>Prof. Uwe Schneidewind: &#8222;Als ich vor zehn Jahren zum ersten Mal in diese Stadt kam, versp\u00fcrte ich sofort eine gewisse Begeisterung. Ich war vorher viel unterwegs, in der Schweiz oder in Norddeutschland. F\u00fcr meine Frau und mich war Wuppertal wie ein &#8218;Coming home&#8216;. Die Stadt und ihre Menschen haben mir Lust darauf gemacht, mich hier von Anfang an einzubringen.&#8220;<\/p>\n<p><b>DS: Wie w\u00fcrden Sie Ihr Verh\u00e4ltnis zu Amtsinhaber Andreas Mucke beschreiben?<\/b><\/p>\n<p>Prof. Uwe Schneidewind: &#8222;Wir haben auf verschiedenen Ebenen zusammengearbeitet. Wir sch\u00e4tzen uns menschlich sehr. Es ist uns aber beiden klar, dass, wenn es um Rivalit\u00e4t um ein politisches Amt geht, pers\u00f6nliche Sympathie ein St\u00fcck weit zur\u00fccktreten muss. Ich gehe aber davon aus, dass die gegenseitige Wertsch\u00e4tzung dazu f\u00fchren wird, dass wir einen Wahlkampf f\u00fchren werden, der von gegenseitigem Respekt getragen ist. Wir besitzen beide Sportsgeist und freuen uns auf den Wahlkampf.&#8220; <strong>(pp)<\/strong><\/p>\n<p><a href=\"http:\/\/www.aufbruch-wuppertal.de\">http:\/\/www.aufbruch-wuppertal.de<\/a><\/p>\n<p><a href=\"http:\/\/www.uwe-schneidewind.de\">http:\/\/www.uwe-schneidewind.de<\/a><\/p>\n<h4><\/h4>\n<h2><\/h2>\n<h2><\/h2>\n<h2><\/h2>\n<h2><\/h2>\n<p class=\"entity-long-description\">\n","protected":false},"excerpt":{"rendered":"<p>Am 13. September findet die Oberb\u00fcrgermeisterwahl statt &#8211; normalerweise. Doch was ist in Zeiten der Coronakrise schon normal? Wird es einen &#8222;normalen&#8220; Wahlkampf geben? Einen reinen Online-Wahlkampf? Oder wird die Wahl m\u00f6glicherweise sogar verschoben? Fragen, auf die momentan wohl niemand eine Antwort wei\u00df. Unser Interview mit Prof. Dr. Uwe Schneidewind, aus dem Sie hier einen kurzen Ausschnitt lesen, sollte eigentlich das &#8222;Hand aufs Herz&#8220;-Interview in unserer f\u00fcr den 27.03. geplanten Print-Ausgabe sein, die wir wegen Corona verschieben mussten. <\/p>\n","protected":false},"author":7,"featured_media":0,"comment_status":"open","ping_status":"closed","sticky":false,"template":"","format":"standard","meta":{"footnotes":""},"categories":[26],"tags":[],"class_list":["post-27844","post","type-post","status-publish","format-standard","hentry","category-politik"],"publishpress_future_action":{"enabled":false,"date":"2026-05-07 23:27:03","action":"change-status","newStatus":"draft","terms":[],"taxonomy":"category","extraData":[]},"publishpress_future_workflow_manual_trigger":{"enabledWorkflows":[]},"_links":{"self":[{"href":"https:\/\/www.die-stadtzeitung.de\/index.php\/wp-json\/wp\/v2\/posts\/27844","targetHints":{"allow":["GET"]}}],"collection":[{"href":"https:\/\/www.die-stadtzeitung.de\/index.php\/wp-json\/wp\/v2\/posts"}],"about":[{"href":"https:\/\/www.die-stadtzeitung.de\/index.php\/wp-json\/wp\/v2\/types\/post"}],"author":[{"embeddable":true,"href":"https:\/\/www.die-stadtzeitung.de\/index.php\/wp-json\/wp\/v2\/users\/7"}],"replies":[{"embeddable":true,"href":"https:\/\/www.die-stadtzeitung.de\/index.php\/wp-json\/wp\/v2\/comments?post=27844"}],"version-history":[{"count":13,"href":"https:\/\/www.die-stadtzeitung.de\/index.php\/wp-json\/wp\/v2\/posts\/27844\/revisions"}],"predecessor-version":[{"id":48522,"href":"https:\/\/www.die-stadtzeitung.de\/index.php\/wp-json\/wp\/v2\/posts\/27844\/revisions\/48522"}],"wp:attachment":[{"href":"https:\/\/www.die-stadtzeitung.de\/index.php\/wp-json\/wp\/v2\/media?parent=27844"}],"wp:term":[{"taxonomy":"category","embeddable":true,"href":"https:\/\/www.die-stadtzeitung.de\/index.php\/wp-json\/wp\/v2\/categories?post=27844"},{"taxonomy":"post_tag","embeddable":true,"href":"https:\/\/www.die-stadtzeitung.de\/index.php\/wp-json\/wp\/v2\/tags?post=27844"}],"curies":[{"name":"wp","href":"https:\/\/api.w.org\/{rel}","templated":true}]}}