{"id":27468,"date":"2020-03-30T12:43:53","date_gmt":"2020-03-30T10:43:53","guid":{"rendered":"https:\/\/www.die-stadtzeitung.de\/?p=27468"},"modified":"2022-01-21T07:46:34","modified_gmt":"2022-01-21T06:46:34","slug":"wolfgang-niedecken-schenkt-fans-zum-69-einen-song","status":"publish","type":"post","link":"https:\/\/www.die-stadtzeitung.de\/index.php\/2020\/03\/30\/wolfgang-niedecken-schenkt-fans-zum-69-einen-song\/","title":{"rendered":"Wolfgang Niedecken schenkt Fans zum 69. einen Song"},"content":{"rendered":"<div class=\"page\" title=\"Page 1\">\n<div class=\"layoutArea\">\n<div class=\"column\">\n<div id=\"attachment_45281\" class=\"wp-caption alignnone\" style=\"max-width: 1034px;\"><img loading=\"lazy\" decoding=\"async\" class=\"size-large wp-image-45281\" src=\"\/wp-content\/uploads\/2020\/03\/01_Niedeckens-Bap_HuhdieJlaeser-2-1024x683.jpg\" alt=\"\" width=\"1024\" height=\"683\" \/><span class=\"wp-caption-text\">Wolfgang Niedecken &#8211; \u00a9 Niedeckens BAP<\/span><\/div>\n<p>Zum 69sten Geburtstag: Wolfgang Niedeckens BAP &#8211; so Semmel Concerts &#8211; verneigen sich mit dem Song \u201eHuh Die Jl\u00e4ser, Huh Die Tasse\u201c in tiefem Respekt und Dankbarkeit vor allen HeldInnen unseres Alltags.<\/p>\n<p>Eigentlich wollte Wolfgang Niedecken seinen 69. Geburtstag am heutigen 30.03. mit G\u00e4sten und einer Schiffstour auf dem Rhein begehen. Eigentlich.<\/p>\n<p>An seinem Geburtstag erscheint jetzt der Song \u201eHuh Die Jl\u00e4ser, Huh die Tasse\u201c. Ein musikalischer Toast und eine tiefe Verneigung vor allen, die in der aktuellen Zeit an vorderster Stellen den Alltag und die Gesellschaft am Laufen halten. Mit gro\u00dfem Respekt und Dankbarkeit vor jeder und jedem Einzelnen.<\/p>\n<p>Geschrieben hat Wolfgang Niedecken den Song bereits im Fr\u00fchjahr letzten Jahres. Ohne nat\u00fcrlich auch nur zu ahnen, welche Aktualit\u00e4t gerade jetzt und in diesen tragischen Zeiten er einmal erlangen k\u00f6nnte. Getextet eigentlich in dem generellen Wunsch, einmal all diejenigen hochleben zu lassen, die zum Teil gering bezahlt oder im Ehrenamt zusammenhalten und nicht im Mittelpunkt der \u00f6ffentlichen Aufmerksamkeit stehen.<\/p>\n<p>Geplant als ein Song auf seinem neuen Album, das im Sp\u00e4tsommer erscheinen soll. Aber warum warten? \u201eHuh Die Jl\u00e4ser, Huh Die Tasse\u201c ist gerade momentan angebrachter denn je.<\/p>\n<p>Ein musikalisches Geschenk, eine Verbeugung, aus gr\u00f6\u00dftem Respekt und tiefster Dankbarkeit! Nat\u00fcrlich wie immer bei BAP \u201eop K\u00f6lsch\u201c gesungen, doch universell g\u00fcltig.<\/p>\n<p>Wolfgang Niedecken:\u00a0\u201eHuh Die Jl\u00e4ser, Huh Die Tasse ist ein fr\u00f6hlicher Reggae, in dem wir uns unter anderem bei den Menschen bedanken wollen, die beruflich oder ehrenamtlich im weitesten Sinne im sozialen Bereich arbeiten, oft unterbezahlt und in unserer Gesellschaft viel zu wenig beachtet. Jeder, der gerade die Nachrichten \u00fcber die Corona Pandemie verfolgt, kennt die Bilder von \u00fcberarbeitetem Pflegepersonal, von Krankenhaus\u00e4rzten, Supermarktkassiererinnen, Busfahrern, Rettungssanit\u00e4tern, Kraftfahrern etc. Das sind die Menschen, die uns jetzt den Arsch retten. Wir haben keine Zeit zu verlieren, es gilt alle Kr\u00e4fte zu b\u00fcndeln, um den Kampf gegen das verdammte Virus zu gewinnen. Das, was wir als BAP beisteuern k\u00f6nnen, ist unsere Musik. In der Hoffnung, dass sie bei den Alltagsheldinnen und Helden ankommt und Ihnen Kraft spendet. Wir alle zusammen sollten auf keinem Fall den Humor verlieren. Denn, wie ich schon vor 9 Jahren in \u201eHalv su wild\u201c gesungen habe: &#8230; d\u00e4 m\u00f6ht noch jeboore weede, d\u00e4 domet durchk\u00f6hm, uns &#8211; em \u00c4hnz &#8211; die Freud ahm Levve n\u00f6hm!\u201c<\/p>\n<\/div>\n<\/div>\n<\/div>\n<div class=\"page\" title=\"Page 2\">\n<div class=\"layoutArea\">\n<div class=\"column\">\n<p>Auch f\u00fcr den geplanten Video-Clip zum Song gibt es eine besondere Idee von Wolfgang Niedecken:\u00a0\u201eWir werden am 30.M\u00e4rz ein Lyric-Video ver\u00f6ffentlichen, geschnitten aus Material, das wir im letzten Jahr in Dresden bei den Recording Sessions in den Castle Studios gefilmt haben. Wir w\u00fcnschen uns dieses Video in den kommenden Wochen durch eins zu ersetzen, das die vielen Heldinnen und Helden unseres aktuellen Alltags w\u00fcrdigt.\u00a0Also: schickt uns gerne Handyfilmchen\/Fotos im Querformat von euren pers\u00f6nlichen Helden. Wir m\u00f6chten in unserem finalen Video m\u00f6glichst vielen Menschen, die uns mit ihrem Einsatz, ihrer Energie, oft bis zum Rande der Ersch\u00f6pfung durch diese schwierige Zeit begleiten, unsere tiefste Hochachtung ausdr\u00fccken.\u201c<\/p>\n<p><strong>Hier der Link zum Song:<\/strong><\/p>\n<\/div>\n<\/div>\n<\/div>\n<p><a href=\"https:\/\/www.youtube.com\/watch?v=NmAQb6MUMLM\">https:\/\/www.youtube.com\/watch?v=NmAQb6MUMLM<\/a><\/p>\n<div class=\"page\" title=\"Page 2\">\n<div class=\"layoutArea\">\n<div class=\"column\">\n<p><a href=\"http:\/\/www.bap.de\">http:\/\/www.bap.de<\/a><\/p>\n<p><a href=\"http:\/\/www.semmel.de\">http:\/\/www.semmel.de<\/a><\/p>\n<\/div>\n<\/div>\n<\/div>\n<p>&nbsp;<\/p>\n<div class=\"page\" title=\"Page 2\">\n<div class=\"layoutArea\">\n<p><strong>Der Text des neuen BAP-Songs auf Hochdeutsch<\/strong><\/p>\n<p>&nbsp;<\/p>\n<div class=\"column\">\n<div class=\"page\" title=\"Page 1\">\n<div class=\"layoutArea\">\n<div class=\"column\">\n<p><strong>Hoch die Gl\u00e4ser, hoch die Tassen<\/strong><\/p>\n<p>Wir trinken heut` mal auf die Guten,<br \/>\nauf die Leut`, die auch f\u00fcr andere da sind,<br \/>\ndie nicht dran denken zu verzagen<br \/>\nund nicht nur ihr eigenes P\u00e4ckchen tragen.<br \/>\nAuf den Notarzt und den Altenpfleger,<br \/>\nauf die Schwester und den Krankenwagenfahrer\u00a0und die stattlichen Kerle von der Feuerwehr.<\/p>\n<p>Auf Leute, die sich um Asylanten k\u00fcmmern, ehrenamtlich,\u00a0ohne gro\u00df zu st\u00f6hnen, Obdachlosen im Winter Decken<\/p>\n<p>bringen, warme Suppe zum \u00dcberleben.<\/p>\n<p>&nbsp;<\/p>\n<p>Refr.: Hoch die Gl\u00e4ser, hoch die Tassen,<br \/>\nauf die Leut`die in kein Schema passen.<\/p>\n<p>&nbsp;<\/p>\n<p>Ihr seid die Coolsten im ganzen Land, Gottseidank!<\/p>\n<p>Komm wir trinken auf die Guten,<br \/>\nauf die Kinder mit dem l\u00e4ngeren Atem,<br \/>\ndie sich nicht ins Bockshorn jagen lassen<br \/>\nund f\u00fcr die Zukunft sogar auf die Stra\u00dfe gehen. Auf all die, die sich nicht verbiegen<br \/>\nIm Minenfeld zwischen Wahrheit und L\u00fcge, zwischen Frustration und N\u00e4chstenliebe.<\/p>\n<p>Haben den Planet nur ausgeliehen,<br \/>\ndoch manchem f\u00e4llt es schwer, das einzusehen. Hier das Lied, das ist f\u00fcr euch, Leute,<br \/>\ngut zu wissen, dass es Leute wie euch gibt.<\/p>\n<p>&nbsp;<\/p>\n<p>Refr.: Hoch die Gl\u00e4ser, hoch die Tassen,<br \/>\nauf die Leut`die in kein Schema passen.<\/p>\n<p>Ihr seid die Coolsten im ganzen Land, Gottseidank!<\/p>\n<p>&nbsp;<\/p>\n<p>Lasst uns einfach fr\u00f6hlich bleiben, lasst uns feiern.<br \/>\nBlo\u00df nicht den Humor verlieren.<\/p>\n<div class=\"page\" title=\"Page 2\">\n<div class=\"layoutArea\">\n<div class=\"column\">\n<p>auf die Leut`die in kein Schema passen.<br \/>\nIhr seid die Coolsten im ganzen Land, Gottseidank!<\/p>\n<p>&nbsp;<\/p>\n<p>Refr.: Hoch die Gl\u00e4ser, hoch die Tassen,<br \/>\nauf die Leut`die in kein Schema passen.<\/p>\n<\/div>\n<\/div>\n<div class=\"layoutArea\">\n<div class=\"column\">\n<p>Ihr seid die Coolsten im ganzen Land, Gottseidank! Und wir sind froh, dass wir euch haben.<\/p>\n<\/div>\n<\/div>\n<\/div>\n<\/div>\n<\/div>\n<\/div>\n<p>&nbsp;<\/p>\n<\/div>\n<\/div>\n<\/div>\n","protected":false},"excerpt":{"rendered":"<p>Wolfgang Niedecken, Kopf und S\u00e4nger der legend\u00e4ren K\u00f6lsch-Rock-Gruppe &#8222;BAP&#8220;, ist am 30. M\u00e4rz 69 Jahre alt geworden. Eigentlich hatte er sich seine Geburtstagsfeier ganz anders vorgestellt. Aber zu Coronavirus-Zeiten ist nichts so wie immer. Statt Geburtstagsgeschenke entgegen zu nehmen, macht Wolfgang Niedecken seinen Fans ein Pr\u00e4sent: Er schenkt ihnen einen neuen Song: \u201eHuh Die Jl\u00e4ser, Huh Die Tasse\u201c.<\/p>\n","protected":false},"author":7,"featured_media":0,"comment_status":"open","ping_status":"closed","sticky":false,"template":"","format":"standard","meta":{"footnotes":""},"categories":[19],"tags":[],"class_list":["post-27468","post","type-post","status-publish","format-standard","hentry","category-weitblick"],"publishpress_future_action":{"enabled":false,"date":"2026-05-06 22:19:19","action":"change-status","newStatus":"draft","terms":[],"taxonomy":"category","extraData":[]},"publishpress_future_workflow_manual_trigger":{"enabledWorkflows":[]},"_links":{"self":[{"href":"https:\/\/www.die-stadtzeitung.de\/index.php\/wp-json\/wp\/v2\/posts\/27468","targetHints":{"allow":["GET"]}}],"collection":[{"href":"https:\/\/www.die-stadtzeitung.de\/index.php\/wp-json\/wp\/v2\/posts"}],"about":[{"href":"https:\/\/www.die-stadtzeitung.de\/index.php\/wp-json\/wp\/v2\/types\/post"}],"author":[{"embeddable":true,"href":"https:\/\/www.die-stadtzeitung.de\/index.php\/wp-json\/wp\/v2\/users\/7"}],"replies":[{"embeddable":true,"href":"https:\/\/www.die-stadtzeitung.de\/index.php\/wp-json\/wp\/v2\/comments?post=27468"}],"version-history":[{"count":10,"href":"https:\/\/www.die-stadtzeitung.de\/index.php\/wp-json\/wp\/v2\/posts\/27468\/revisions"}],"predecessor-version":[{"id":45282,"href":"https:\/\/www.die-stadtzeitung.de\/index.php\/wp-json\/wp\/v2\/posts\/27468\/revisions\/45282"}],"wp:attachment":[{"href":"https:\/\/www.die-stadtzeitung.de\/index.php\/wp-json\/wp\/v2\/media?parent=27468"}],"wp:term":[{"taxonomy":"category","embeddable":true,"href":"https:\/\/www.die-stadtzeitung.de\/index.php\/wp-json\/wp\/v2\/categories?post=27468"},{"taxonomy":"post_tag","embeddable":true,"href":"https:\/\/www.die-stadtzeitung.de\/index.php\/wp-json\/wp\/v2\/tags?post=27468"}],"curies":[{"name":"wp","href":"https:\/\/api.w.org\/{rel}","templated":true}]}}