{"id":27224,"date":"2020-03-21T17:44:42","date_gmt":"2020-03-21T16:44:42","guid":{"rendered":"https:\/\/www.die-stadtzeitung.de\/?p=27224"},"modified":"2022-02-01T08:12:45","modified_gmt":"2022-02-01T07:12:45","slug":"wie-gehen-bekannte-gesichter-mit-der-corona-krise-um","status":"publish","type":"post","link":"https:\/\/www.die-stadtzeitung.de\/index.php\/2020\/03\/21\/wie-gehen-bekannte-gesichter-mit-der-corona-krise-um\/","title":{"rendered":"Wie gehen bekannte Gesichter mit der Corona-Krise um?"},"content":{"rendered":"<div id=\"attachment_34441\" class=\"wp-caption alignnone\" style=\"max-width: 1034px;\"><img loading=\"lazy\" decoding=\"async\" class=\"size-large wp-image-34441\" src=\"\/wp-content\/uploads\/2021\/03\/IMG-20201206-WA0049-2-1024x745.jpg\" alt=\"\" width=\"1024\" height=\"745\" \/><span class=\"wp-caption-text\">Vertauschte Rollen auf der Polizeiwache: Torsten Heim im Verh\u00f6r, Chantal als Poizistin &#8211; \u00a9 Couch Comedy<\/span><\/div>\n<h3>Torsten &#8222;Toto&#8220; Heim: In der Coronakrise auf Streife<\/h3>\n<p>Torsten Heim, schrieb gemeinsam mit seinem Kollegen Thomas Weinkauf TV-Geschichte. Als &#8222;Toto &amp; Harry&#8220; \u00a0gingen sie in einer Sat 1-Doku &#8222;Die Zwei vom Polizeirevier&#8220; in\u00a0Bochum vor laufender Fernseh-Kamera auf der Streife.<\/p>\n<p>Auch nach seiner Trennung von Thomas Weinkauf alias Harry, blieb Toto in der \u00d6ffentlichkeit pr\u00e4sent. Mit Horst Freckmann ist er erfolgreich als Comedy-Duo &#8222;Hotte &amp; Toto&#8220; unterwegs, er nutzt Torsten Heim (57) seine Popularit\u00e4t, um sich f\u00fcr soziale Einrichtungen und Institutionen zu engagieren und er liess auch mehrfach als Buchautor aufhorchen.<\/p>\n<p>Sein neuestes Buch\u00a0<strong>\u201eToto \u2013 der n\u00e4chste Einsatz kommt bestimmt!\u201c<\/strong> erschien am 15. November 2019 im Verlagshaus Zitzmann\u00a0(ISBN: 978-3-96155-120-0)<\/p>\n<p>Doch momentan bestimmt die Corona-Krise den Alltag des Bochumer Polizeihauptkommissars. Mehr Freizeit als vorher hat er nicht. Torsten Heim: &#8222;Wir fahren bei uns Mindestst\u00e4rke. Ich bin fit, zum Gl\u00fcck hat es noch keinen von uns erwischt. Wir sorgen wie gewohnt f\u00fcr Recht und Ordnung. Unsere Logistik stimmt, wir k\u00f6nnten auch noch auf Reserven zur\u00fcckgreifen, weil wir im Moment ja nicht ausbilden. Nach Dienstschluss bleibe ich nat\u00fcrlich zuhause. Meine Sozialkontakte pflege ich \u00fcber WhatsApp und Telefon. Wir m\u00fcssen aufpassen, dass wir die Alten und Kranken sch\u00fctzen und\u00a0k\u00f6nnen nur hoffen, dass wir da alle unbeschadet durchkommen. Wir sp\u00fcren schon vor Ort, dass die Leute nerv\u00f6s sind. Es sind momentan auch viele Fake-News unterwegs, was die Menschen auch nicht gerade beruhigt. Wir brauchen jetzt Vernunft, eine starke Psyche und wir m\u00fcssen zusammenhalten.&#8220;<\/p>\n<div id=\"attachment_49800\" class=\"wp-caption alignnone\" style=\"max-width: 522px;\"><img loading=\"lazy\" decoding=\"async\" class=\"wp-image-49800 size-full\" src=\"\/wp-content\/uploads\/2020\/03\/Leif-Skogloef.jpg\" alt=\"\" width=\"512\" height=\"714\" \/><span class=\"wp-caption-text\">Der Maler Leif Skogl\u00f6f &#8211; \u00a9 privat<\/span><\/div>\n<h3>Leif Skogl\u00f6f macht, was er immer macht&#8230;<\/h3>\n<div>\n<p>Sein Atelier ist geschlossen, der Mal-Unterricht auf unbestimmte Zeit abgesagt. &#8222;Bei Corona hat auch bei mir zugeschlagen. Ich bin mir meiner sozialen Pflichten voll und ganz bewusst. Die momentane Situation ist eine ganz neue Erfahrung&#8220;, sagt der sympathische K\u00fcnstler.<\/p>\n<\/div>\n<p>Und diese neuen Erfahrungen werden sich ganz sicher in seinen neuen Werken widerspiegeln. Denn Leif Skogl\u00f6f (70) macht in der unfreiwillig dazu gewonnenen Freizeit das, was er am Besten kann und am Liebsten tut: Er malt.<\/p>\n<div id=\"attachment_45873\" class=\"wp-caption alignnone\" style=\"max-width: 487px;\"><img loading=\"lazy\" decoding=\"async\" class=\" wp-image-45873\" src=\"\/wp-content\/uploads\/2018\/03\/Millena-Preradovic-3-2.jpg\" alt=\"\" width=\"477\" height=\"306\" \/><span class=\"wp-caption-text\">TV-Moderatorin Milena Preradovic &#8211; \u00a9 Heli Mayr<\/span><\/div>\n<p><img loading=\"lazy\" decoding=\"async\" class=\"size-large wp-image-26563\" src=\"\/wp-content\/uploads\/2020\/02\/Milena0132-3-2-2048x1366-1-1024x683.jpg\" alt=\"\" width=\"1024\" height=\"683\" \/><\/p>\n<div>\n<h3>Milena Preradovic: Talk-Produktion im Homeoffice<\/h3>\n<p>Milena Preradovic, TV-Moderatorin (u.a. RTL Punkt 12), festes Mitglied in Rudi Carrells satirischer Wochenshow &#8222;7 Tage &#8211; 7 K\u00f6pfe&#8220;, regelm\u00e4ssige Kolumnistin der STADTZEITUNG (&#8222;Milenas 50+&#8220;) und neuerdings Talkmasterin des Youtube-Formats PUNKT.PRERADOVIC:\u00a0&#8222;Ich habe gar keine Zeit, die Zeit totzuschlagen. Daf\u00fcr ist in meinem Home-Studio gerade zu viel los.\u00a0Es gibt ja seit drei Wochen mein neues Youtube-Format PUNKT.PRERADOVIC. Momentan produzieren wir alle paar Tage ein neues Video, also Interviews mit klugen und interessanten K\u00f6pfen zu aktuellen Themen. Keine News, eher Hintergrund.\u00a0Und wir sprechen mit ganz verschiedenen Menschen, auch mit denen, deren Meinung vielleicht gerade etwas unbequem ist.\u00a0Ich glaube, das ist Journalismus.\u00a0Und daf\u00fcr muss man auch mal ein paar Schl\u00e4ge aushalten.\u00a0Aber Meinungsfreiheit sollte schon ein hohes Gut sein, auch und gerade in Krisenzeiten. Meine Meinung. PUNKT!&#8220;<\/p>\n<\/div>\n<div><\/div>\n<div>\n<div><a href=\"https:\/\/www.youtube.com\/watch?v=BcINA4JJuVU\">https:\/\/www.youtube.com\/watch?v=BcINA4JJuVU<\/a><\/div>\n<div><\/div>\n<div><a href=\"http:\/\/www.milenapreradovic.com\">http:\/\/www.milenapreradovic.com<\/a><\/div>\n<\/div>\n<div><\/div>\n<p>&nbsp;<\/p>\n","protected":false},"excerpt":{"rendered":"<p>Auftritte abgesagt, Tourneen gecancelt, Ausstellungen gestrichen, Dreharbeiten verschoben! Das Coronavirus hat auch die Kunst- und Kulturlandschaft kr\u00e4ftig durcheinander gewirbelt. Was machen K\u00fcnstler, Kulturschaffende, bekannte Gesichter aus Wirtschaft, Politik, Sport, Film und Fernsehen mit der unfreiwillig dazu gewonnenen Freizeit? Oder wie sehr bestimmt das Coronavirus ihren Alltag?<\/p>\n","protected":false},"author":7,"featured_media":0,"comment_status":"open","ping_status":"closed","sticky":false,"template":"","format":"standard","meta":{"footnotes":""},"categories":[25],"tags":[],"class_list":["post-27224","post","type-post","status-publish","format-standard","hentry","category-lifestyle"],"publishpress_future_action":{"enabled":false,"date":"2026-05-08 20:56:31","action":"change-status","newStatus":"draft","terms":[],"taxonomy":"category","extraData":[]},"publishpress_future_workflow_manual_trigger":{"enabledWorkflows":[]},"_links":{"self":[{"href":"https:\/\/www.die-stadtzeitung.de\/index.php\/wp-json\/wp\/v2\/posts\/27224","targetHints":{"allow":["GET"]}}],"collection":[{"href":"https:\/\/www.die-stadtzeitung.de\/index.php\/wp-json\/wp\/v2\/posts"}],"about":[{"href":"https:\/\/www.die-stadtzeitung.de\/index.php\/wp-json\/wp\/v2\/types\/post"}],"author":[{"embeddable":true,"href":"https:\/\/www.die-stadtzeitung.de\/index.php\/wp-json\/wp\/v2\/users\/7"}],"replies":[{"embeddable":true,"href":"https:\/\/www.die-stadtzeitung.de\/index.php\/wp-json\/wp\/v2\/comments?post=27224"}],"version-history":[{"count":8,"href":"https:\/\/www.die-stadtzeitung.de\/index.php\/wp-json\/wp\/v2\/posts\/27224\/revisions"}],"predecessor-version":[{"id":49801,"href":"https:\/\/www.die-stadtzeitung.de\/index.php\/wp-json\/wp\/v2\/posts\/27224\/revisions\/49801"}],"wp:attachment":[{"href":"https:\/\/www.die-stadtzeitung.de\/index.php\/wp-json\/wp\/v2\/media?parent=27224"}],"wp:term":[{"taxonomy":"category","embeddable":true,"href":"https:\/\/www.die-stadtzeitung.de\/index.php\/wp-json\/wp\/v2\/categories?post=27224"},{"taxonomy":"post_tag","embeddable":true,"href":"https:\/\/www.die-stadtzeitung.de\/index.php\/wp-json\/wp\/v2\/tags?post=27224"}],"curies":[{"name":"wp","href":"https:\/\/api.w.org\/{rel}","templated":true}]}}