{"id":26719,"date":"2020-03-03T13:42:29","date_gmt":"2020-03-03T12:42:29","guid":{"rendered":"https:\/\/www.die-stadtzeitung.de\/?p=26719"},"modified":"2022-01-30T09:38:38","modified_gmt":"2022-01-30T08:38:38","slug":"digitalisierung-und-umweltschutz-hand-in-hand","status":"publish","type":"post","link":"https:\/\/www.die-stadtzeitung.de\/index.php\/2020\/03\/03\/digitalisierung-und-umweltschutz-hand-in-hand\/","title":{"rendered":"Digitalisierung und Umweltschutz Hand in Hand"},"content":{"rendered":"<div class=\"page\" title=\"Page 1\">\n<div class=\"layoutArea\">\n<div class=\"column\">\n<div id=\"attachment_37762\" class=\"wp-caption alignnone\" style=\"max-width: 1034px;\"><img loading=\"lazy\" decoding=\"async\" class=\"size-large wp-image-37762\" src=\"\/wp-content\/uploads\/2021\/05\/Fischedick_Manfred_pic6-3-1024x746.jpg\" alt=\"\" width=\"1024\" height=\"746\" \/><span class=\"wp-caption-text\">Prof.\u00a0Dr.-Ing. Manfred Fischedick &#8211; \u00a9 Wuppertal Institut<\/span><\/div>\n<p>Wie l\u00e4sst sich die Digitalisierung klimafreundlich und nachhaltig gestalten? Diese Frage gewinnt mehr und mehr an Bedeutung und geh\u00f6rt auf die politische Agenda. Bundesumweltministerin Svenja Schulze und Prof. Dr.-Ing. Manfred Fischedick, wissenschaftlicher Gesch\u00e4ftsf\u00fchrer des Wuppertal Instituts, stellten dazu in Berlin die umweltpolitische Digitalagenda des Bundesumweltministeriums (BMU) vor.<\/p>\n<p>Diese enth\u00e4lt mehr als 70 konkrete Ma\u00dfnahmen und ist die erste Strategie in Europa, die Digitalisierung und Umweltschutz konsequent miteinander verbindet. Das Bundesumweltministerium entwickelte die Agenda mit rund 200 Expertinnen und Experten. Das Wuppertal Institut hat das Ministerium dabei intensiv begleitet und wissenschaftlich beraten.<\/p>\n<p>Wie bekommen Smartphones ein l\u00e4ngeres Leben? M\u00fcssen Klimasch\u00fctzer auf Serien-Streaming verzichten? Und wie kann Umweltschutz beim Online-Shopping zum Kaufkriterium werden? Erste Antworten auf diese und weitere Fragen gibt die umweltpolitische Digitalagenda, die Bundesumweltministerin Svenja Schulze und Prof. Dr.- Ing. Manfred Fischedick gestern w\u00e4hrend der Bundespressekonferenz in Berlin vorstellten.<\/p>\n<p>\u201eWir beobachten derzeit, dass der Handlungsdruck in zentralen \u00f6kologischen Handlungsfeldern wie dem Klimaschutz von Jahr zu Jahr ansteigt\u201c, erl\u00e4utert Professor Fischedick. \u201eIn diesem Jahrzehnt entscheidet sich, ob wir den Hebel noch umlegen und die Nachhaltigkeitsziele erreichen k\u00f6nnen. Digitalisierung kann einen wichtigen L\u00f6sungsbeitrag dazu leisten, wenn wir sie intelligent lenken. Dabei geht es darum, den stark steigenden Energie- und Ressourcenbedarf der Digitalisierung zu verringern, die positiven Gestaltungskr\u00e4fte der Digitalisierung zum Wohl der Umsetzung von Transformationsprozessen zu b\u00fcndeln und das Innovationspotenzial zielorientiert auszusch\u00f6pfen. Mit dem Grundprinzip &#8218;Digitalisierung mit Ma\u00df und (!) Ziel&#8216;, wie sie dieumweltpolitische Digitalagenda verk\u00f6rpert, kann Deutschland eine wichtige Vorreiterrolle in Europa \u00fcbernehmen und eine hohe Multiplikatorenwirkung auf globaler Ebene erzielen.\u201c<\/p>\n<p>&nbsp;<\/p>\n<\/div>\n<\/div>\n<\/div>\n<div class=\"page\" title=\"Page 2\">\n<div class=\"layoutArea\">\n<div class=\"column\">\n<h3>Mehr als 70 Ma\u00dfnahmen sollen helfen<\/h3>\n<p>&nbsp;<\/p>\n<p>\u201eIn vielen Branchen wie etwa der Energiewirtschaft und der Landwirtschaft sehen wir erste Ans\u00e4tze die Digitalisierung und Umweltschutz miteinander zu verbinden. In anderen Bereichen wie der Mobilit\u00e4t, der Kreislaufwirtschaft sowie dem Nachhaltigen Konsum sind die Potenziale bei weitem noch nicht ausgesch\u00f6pft\u201c, sagt Dr. Stephan Rahmesohl, Co-Leiter des Forschungsbereichs Digitale Transformation in der Abteilung Kreislaufwirtschaft am Wuppertal Institut.<\/p>\n<p>Unter anderem daf\u00fcr umfasst die Agenda insgesamt mehr als 70 Ma\u00dfnahmen. So soll beispielsweise das Umweltbundesamt ein Register f\u00fcr Rechenzentren erstellen, als Datengrundlage f\u00fcr k\u00fcnftige Effizienzvorgaben. Smartphones und Tablets sollen durch neue Regeln auf EU-Ebene ein l\u00e4ngeres Leben bekommen.<\/p>\n<p>Im Rahmen der EU- \u00d6kodesign-Richtlinie soll vorgeschrieben werden, dass Hersteller Akkus und Displays austauschbar machen und f\u00fcr eine Mindestfrist Ersatzteile oder Updates anbieten m\u00fcssen. Das BMU setzt sich in diesem Rahmen auch f\u00fcr eine \u201eGarantieaussagepflicht\u201c ein. Dar\u00fcber hinaus enth\u00e4lt die Agenda auch Vorschl\u00e4ge f\u00fcr umweltfreundlicheres Online-Shopping und Streaming.<\/p>\n<p>&nbsp;<\/p>\n<h3>Wuppertal Institut unterst\u00fctzt BMU bei Digitalagenda<\/h3>\n<p>&nbsp;<\/p>\n<p>In einer dreiw\u00f6chigen #umwelt.werkstatt erarbeiteten Mitarbeiterinnen und Mitarbeiter des BMU und seiner vier Bundes\u00e4mter gemeinsam mit renommierten Fachleuten des Wuppertal Instituts und weiteren Expertinnen und Experten aus Wissenschaft und Verb\u00e4nden, Wirtschaft und Zivilgesellschaft die Grundlagen f\u00fcr die umweltpolitische Digitalagenda.<\/p>\n<p>Das Wuppertal Institut konzipierte die fachlich-wissenschaftlichen Beitr\u00e4ge auf Grundlage seiner breiten Expertise in den relevanten Handlungsfeldern der Energie-, Klima, Verkehrs- und Ressourcenpolitik sowie zu den digitalen Aspekten der Nachhaltigkeitstransformation. Das Making-of-Video zeigt die Dialogphase, in der die Expertinnen und Experten auf eine gemeinsame Agenda hingearbeitet haben.<\/p>\n<\/div>\n<\/div>\n<div id=\"attachment_26724\" class=\"wp-caption alignnone\" style=\"max-width: 1034px;\"><img loading=\"lazy\" decoding=\"async\" class=\"wp-image-26724 size-large\" src=\"\/wp-content\/uploads\/2020\/03\/200303_PM_Abb2_BMU-Digitalagenda_c_WI-2-1024x612.jpeg\" alt=\"\" width=\"1024\" height=\"612\" \/><span class=\"wp-caption-text\">Prof. Manfred Fischedick &amp; Ministerin Svenja Schulze &#8211; \u00a9 Wuppertal Institut<\/span><\/div>\n<div class=\"layoutArea\">\n<div class=\"column\">\n<p>&nbsp;<\/p>\n<div class=\"page\" title=\"Page 2\">\n<div class=\"layoutArea\">\n<div class=\"column\">\n<p><strong>Weitere Informationen:<\/strong><\/p>\n<p>Umweltpolitische Digitalagenda des BMU<\/p>\n<p>www.bmu.de\/digitalagenda<\/p>\n<p>Brosch\u00fcre: Umweltpolitische Digitalagenda<\/p>\n<p>https:\/\/www.bmu.de\/publikation\/590\/<\/p>\n<p>Filmischer Einblick in die #umwelt.werkstatt zur umweltpolitischen Digitalagenda<\/p>\n<p>https:\/\/www.bmu.de\/fileadmin\/Daten_BMU\/Videos\/2020\/Digitalagenda\/digitalagend_maki ng-of.mp4<\/p>\n<\/div>\n<\/div>\n<\/div>\n<\/div>\n<div class=\"column\">\n<p>&nbsp;<\/p>\n<\/div>\n<\/div>\n<\/div>\n","protected":false},"excerpt":{"rendered":"<p>Digitalisierung und Umweltschutz m\u00fcssen Hand in Hand gehen. Das Wuppertal Institut unterst\u00fctzt Bundesumweltministerium bei erster umweltpolitischer Digitalagenda. Denn schon in wenigen Jahren k\u00f6nnte die Digitalbranche weltweit mehr CO2-Emissionen verursachen als der Pkw-Verkehr.<\/p>\n","protected":false},"author":7,"featured_media":0,"comment_status":"open","ping_status":"closed","sticky":false,"template":"","format":"standard","meta":{"footnotes":""},"categories":[26],"tags":[],"class_list":["post-26719","post","type-post","status-publish","format-standard","hentry","category-politik"],"publishpress_future_action":{"enabled":false,"date":"2026-05-07 06:54:52","action":"change-status","newStatus":"draft","terms":[],"taxonomy":"category","extraData":[]},"publishpress_future_workflow_manual_trigger":{"enabledWorkflows":[]},"_links":{"self":[{"href":"https:\/\/www.die-stadtzeitung.de\/index.php\/wp-json\/wp\/v2\/posts\/26719","targetHints":{"allow":["GET"]}}],"collection":[{"href":"https:\/\/www.die-stadtzeitung.de\/index.php\/wp-json\/wp\/v2\/posts"}],"about":[{"href":"https:\/\/www.die-stadtzeitung.de\/index.php\/wp-json\/wp\/v2\/types\/post"}],"author":[{"embeddable":true,"href":"https:\/\/www.die-stadtzeitung.de\/index.php\/wp-json\/wp\/v2\/users\/7"}],"replies":[{"embeddable":true,"href":"https:\/\/www.die-stadtzeitung.de\/index.php\/wp-json\/wp\/v2\/comments?post=26719"}],"version-history":[{"count":5,"href":"https:\/\/www.die-stadtzeitung.de\/index.php\/wp-json\/wp\/v2\/posts\/26719\/revisions"}],"predecessor-version":[{"id":48529,"href":"https:\/\/www.die-stadtzeitung.de\/index.php\/wp-json\/wp\/v2\/posts\/26719\/revisions\/48529"}],"wp:attachment":[{"href":"https:\/\/www.die-stadtzeitung.de\/index.php\/wp-json\/wp\/v2\/media?parent=26719"}],"wp:term":[{"taxonomy":"category","embeddable":true,"href":"https:\/\/www.die-stadtzeitung.de\/index.php\/wp-json\/wp\/v2\/categories?post=26719"},{"taxonomy":"post_tag","embeddable":true,"href":"https:\/\/www.die-stadtzeitung.de\/index.php\/wp-json\/wp\/v2\/tags?post=26719"}],"curies":[{"name":"wp","href":"https:\/\/api.w.org\/{rel}","templated":true}]}}