{"id":25775,"date":"2021-12-02T13:50:49","date_gmt":"2021-12-02T12:50:49","guid":{"rendered":"https:\/\/www.die-stadtzeitung.de\/?p=25775"},"modified":"2022-02-01T08:33:13","modified_gmt":"2022-02-01T07:33:13","slug":"stefan-mageney-mit-jango-durch-dick-duenn","status":"publish","type":"post","link":"https:\/\/www.die-stadtzeitung.de\/index.php\/2021\/12\/02\/stefan-mageney-mit-jango-durch-dick-duenn\/","title":{"rendered":"Stefan Mageney: Mit Jango durch dick &#038; d\u00fcnn"},"content":{"rendered":"<div id=\"attachment_49810\" class=\"wp-caption alignnone\" style=\"max-width: 1034px;\"><img loading=\"lazy\" decoding=\"async\" class=\"size-large wp-image-49810\" src=\"\/wp-content\/uploads\/2020\/02\/IMG_E2710-1024x634.jpg\" alt=\"\" width=\"1024\" height=\"634\" \/><span class=\"wp-caption-text\">Stefan Mageney mit Paula (r.) und Jango &#8211; \u00a9 Foto: privat<\/span><\/div>\n<p>Ein Leben ohne Hund kann sich Stefan Mageney \u00fcberhaupt nicht mehr vorstellen.<span class=\"Apple-converted-space\">\u00a0<\/span>Seit fast 30 Jahren h\u00e4lt er wei\u00dfe Sch\u00e4ferhunde. Jango, ein Berger Blanc Suisse, ist sechs Jahre alt. Ihn habe Stefan und seine Frau Jutta von einer Familie adoptiert &#8211; Jango war Opfer einer Trennung geworden.<\/p>\n<p>Er ist bereits der vier wei\u00dfe Sch\u00e4ferhund im Hause Mageney. Der tierliebe Rocks\u00e4nger erinnert sich noch genau, wie er zum ersten Mal sein Herz an einen wei\u00dfen Sch\u00e4ferhund verlor: &#8222;Damals gab es ein Foto in der WZ, das einen wei\u00dfen Sch\u00e4ferhundwelpen zeigte. Ein wei\u00dfer R\u00fcde hatte eine H\u00fcndin in Vohwinkel gedeckt. Nachdem ich das kleine, wei\u00dfe Kn\u00e4uel gesehen habe, war es um mich geschehen.&#8220;<\/p>\n<p>Als Jango bei Stefan und Jutta einzog, lebte Paula noch, die vor einem Jahr \u00fcber die Regenbogenbr\u00fccke gegangen ist. Stefan Mageney: &#8222;Das ist schlimmste Zeit im Leben eines Hundebesitzers!!! Damit wird man mehr schlecht als recht fertig. Aber mit den Gedanken an die sch\u00f6ne Zeit, die man gemeinsam verbracht hat und einer Menge Dankbarkeit, geht es dann irgendwie weiter.&#8220;<span class=\"Apple-converted-space\">\u00a0<\/span><\/p>\n<p>Und &#8222;Kumpel&#8220; Jango spendete nat\u00fcrlich auch auf seine unbek\u00fcmmerte Art Trost. Er weicht nicht von Stefans Seite, schl\u00e4ft nachts vor seinem Bett und f\u00e4hrt auch regelm\u00e4ssig mit in die Ferienwohnung nach Zeeland (Holland). Stefan Mageney: &#8222;Es macht mir jedesmal Riesenspa\u00df, dort mit ihm am Strand spazieren zu gehen. Das ist f\u00fcr mich Entspannung pur.&#8220;<\/p>\n<p>Der gute Jango hat es \u00fcbrigens faustdick hinter den Ohren. Sein Herrchen plaudert aus dem N\u00e4hk\u00f6rbchen: &#8222;Er ist ein echter Rabauke, der am Anfang alles geklaut hat, was ansatzweise essbar war. Er \u00f6ffnete Schr\u00e4nke, Schubladen und auch T\u00fcren. Obwohl wir alles weggeschlossen hatten, fand er doch noch etwas, was er sich zu Gem\u00fcte f\u00fchren konnte &#8211; den Rumtopf! Er machte die ganze Karaffe inklusive der Fr\u00fcchte leer. Das brachte ihm eine \u00dcbernachtung mit Fr\u00fchst\u00fcck in einer Tierklinik und einen dicken Sch\u00e4del ein &#8211; und mir eine schlaflose Nacht!&#8220;<\/p>\n<p>Im Nachhinein kann Stefan \u00fcber dieses skurrile Alkohol-Abenteuer seines Vierbeiners schmunzeln. Damals aber machte er sich aber gro\u00dfe Sorgen.<\/p>\n<div id=\"attachment_49812\" class=\"wp-caption alignnone\" style=\"max-width: 610px;\"><img loading=\"lazy\" decoding=\"async\" class=\" wp-image-49812\" src=\"\/wp-content\/uploads\/2020\/02\/IMG_1480-768x1024.jpg\" alt=\"\" width=\"600\" height=\"800\" \/><span class=\"wp-caption-text\">Ein Herz und eine Seele: Stefan Mageney mit Jango &#8211; \u00a9 privat<\/span><\/div>\n<p>Tiere spielten \u00fcbrigens schon immer eine gro\u00dfe Rolle in seinem Leben. Als Kind hatte er zwei Meerschweinchen und sp\u00e4ter zwei V\u00f6gel.<span class=\"Apple-converted-space\">\u00a0<\/span><\/p>\n<p>Was den Tierschutz in Deutschland angeht, hat Stefan Mageney eine klare Meinung:<span class=\"Apple-converted-space\">\u00a0 <\/span>&#8222;Alles in Allem sind wir da ganz gut aufgestellt, obwohl man immer noch etwas verbessern kann. Massentierhaltung, Tiertransporte und das industrielle T\u00f6ten finde ich absto\u00dfend, aber daran sind wir Verbraucher selber schuld. Dass Tiere vor dem Gesetz Sachen sind finde ich nicht okay.&#8220;<\/p>\n<p>\u00dcberhaupt nicht nachvollziehen kann der Vorsitzende des gemeinn\u00fctzigen Vereins WUPPERTAL HILFT!, dass es in Wuppertal kein Tierheim mehr gibt: &#8222;Das ist<span class=\"Apple-converted-space\">\u00a0<\/span><\/p>\n<p>besch\u00e4mend f\u00fcr eine Stadt dieser Gr\u00f6\u00dfe! Hier sollte schnell Abhilfe geschaffen werden!&#8220;<span class=\"Apple-converted-space\">\u00a0<\/span><\/p>\n<p>Denn leider haben es viele Hunde und Katzen nicht so gut wie der wei\u00dfe Sch\u00e4ferhund Jango, der vierbeinige Liebling und treue Begleiter von Stefan Mageney.<\/p>\n<p><strong>Text: Peter Pionke<\/strong><\/p>\n<div id=\"attachment_49811\" class=\"wp-caption alignnone\" style=\"max-width: 610px;\"><img loading=\"lazy\" decoding=\"async\" class=\" wp-image-49811\" src=\"\/wp-content\/uploads\/2020\/02\/IMG_2011-768x1024.jpg\" alt=\"\" width=\"600\" height=\"800\" \/><span class=\"wp-caption-text\">Zwei ziemlich beste Freunde: Stefan Mageney &amp; Jango \u00a9 Foto: privat<\/span><\/div>\n<p><img loading=\"lazy\" decoding=\"async\" class=\"size-large wp-image-25779\" src=\"\/wp-content\/uploads\/2020\/02\/IMG_1480-935x1024.jpeg\" alt=\"\" width=\"935\" height=\"1024\" \/><\/p>\n<p>&nbsp;<\/p>\n","protected":false},"excerpt":{"rendered":"<p>Auch wenn es viele Einwohner*innen einfach nicht glauben wollen: In Wuppertal kann man sich pudelwohl f\u00fchlen. Das wissen prominente Tal-B\u00fcrger l\u00e4ngst zu sch\u00e4tzen. Viele von Ihnen teilen ihr Leben nicht nur mit zweibeinigen, sondern auch mit vierbeinigen Partnern. Prominente Wuppertaler und ihre Haustiere. Der zweite Teil unserer neuen Serie &#8222;Mein tierischer Liebling&#8220; &#8211; diesmal Stefan Mageney, Dozent, Rock-S\u00e4nger (Bourbon Street &#8211; Crystal Ball) und 1. Vorsitzender des Vereins WUPPERTAL HILFT!<\/p>\n","protected":false},"author":7,"featured_media":0,"comment_status":"open","ping_status":"closed","sticky":false,"template":"","format":"standard","meta":{"footnotes":""},"categories":[25],"tags":[],"class_list":["post-25775","post","type-post","status-publish","format-standard","hentry","category-lifestyle"],"publishpress_future_action":{"enabled":false,"date":"2026-05-06 11:28:29","action":"change-status","newStatus":"draft","terms":[],"taxonomy":"category","extraData":[]},"publishpress_future_workflow_manual_trigger":{"enabledWorkflows":[]},"_links":{"self":[{"href":"https:\/\/www.die-stadtzeitung.de\/index.php\/wp-json\/wp\/v2\/posts\/25775","targetHints":{"allow":["GET"]}}],"collection":[{"href":"https:\/\/www.die-stadtzeitung.de\/index.php\/wp-json\/wp\/v2\/posts"}],"about":[{"href":"https:\/\/www.die-stadtzeitung.de\/index.php\/wp-json\/wp\/v2\/types\/post"}],"author":[{"embeddable":true,"href":"https:\/\/www.die-stadtzeitung.de\/index.php\/wp-json\/wp\/v2\/users\/7"}],"replies":[{"embeddable":true,"href":"https:\/\/www.die-stadtzeitung.de\/index.php\/wp-json\/wp\/v2\/comments?post=25775"}],"version-history":[{"count":4,"href":"https:\/\/www.die-stadtzeitung.de\/index.php\/wp-json\/wp\/v2\/posts\/25775\/revisions"}],"predecessor-version":[{"id":49813,"href":"https:\/\/www.die-stadtzeitung.de\/index.php\/wp-json\/wp\/v2\/posts\/25775\/revisions\/49813"}],"wp:attachment":[{"href":"https:\/\/www.die-stadtzeitung.de\/index.php\/wp-json\/wp\/v2\/media?parent=25775"}],"wp:term":[{"taxonomy":"category","embeddable":true,"href":"https:\/\/www.die-stadtzeitung.de\/index.php\/wp-json\/wp\/v2\/categories?post=25775"},{"taxonomy":"post_tag","embeddable":true,"href":"https:\/\/www.die-stadtzeitung.de\/index.php\/wp-json\/wp\/v2\/tags?post=25775"}],"curies":[{"name":"wp","href":"https:\/\/api.w.org\/{rel}","templated":true}]}}