{"id":23930,"date":"2019-11-21T07:31:07","date_gmt":"2019-11-21T06:31:07","guid":{"rendered":"http:\/\/192.168.10.16\/newsportal\/stadtzeitung\/index.php\/2019\/11\/21\/loop-2019-designstudierende-stellen-aus\/"},"modified":"2019-11-21T07:31:07","modified_gmt":"2019-11-21T06:31:07","slug":"loop-2019-designstudierende-stellen-aus","status":"publish","type":"post","link":"https:\/\/www.die-stadtzeitung.de\/index.php\/2019\/11\/21\/loop-2019-designstudierende-stellen-aus\/","title":{"rendered":"\u201eLOOP 2019\u201c: Designstudierende stellen aus"},"content":{"rendered":"<p><img loading=\"lazy\" decoding=\"async\" class=\" size-full wp-image-23929\" src=\"https:\/\/www.die-stadtzeitung.de\/wp-content\/uploads\/2019\/11\/ab27af1df54f3d1fe74b2a49885437dc.jpg\" alt=\"Grafik: Bergische Universit\u00e4t\" width=\"603\" height=\"367\" \/><\/p>\n<p>\u201eLOOP 2019\u201c, die Ausstellung der Studierenden der vier Design-Teilstudieng\u00e4nge der Bergischen Universit\u00e4t findet vom 27. bis 29. November statt.<\/p>\n<p>  <!--more-->  <\/p>\n<p><strong>Wuppertaler, 21.11.2019<\/strong> &#8211; Studierende der vier Design-Teilstudieng\u00e4nge Mediendesign und Designtechnik, Design Interaktiver Medien, Design Audiovisueller Medien sowie Farbtechnik\/Raumgestaltung\/Oberfl\u00e4chentechnik pr\u00e4sentieren ihre Arbeiten der vergangenen zwei Semester.<\/p>\n<p>Die Ausstellung \u201eLOOP 2019\u201c wird am Mittwoch (27.11.) um 19 Uhr in Geb\u00e4ude I, Ebene 13 (Campus Grifflenberg, Zugang \u00fcber Fuhlrottstr. 10) er\u00f6ffnet. Der Eintritt ist frei.<\/p>\n<p>Im Anschluss an die Er\u00f6ffnung haben die Besucherinnen und Besucher Gelegenheit, die Ausstellung zu erkunden und sich mit den Studierenden auszutauschen. Die Ausstellung umfasst interaktive Arbeiten, Installationen, Fotografien, Plakate, B\u00fccher, Filme, Animationen, Ausstellungsmodelle und Raumentw\u00fcrfe.<br \/><a href=\"http:\/\/www.loop.uni-wuppertal.de\">www.loop.uni-wuppertal.de<\/a><\/p>\n<p><strong>Termin:<\/strong> Er\u00f6ffnung am 27.11. um 19 Uhr; Ort: Campus Grifflenberg, Geb\u00e4ude I, Ebene 13, Fuhlrottstr. 10, 42119 Wuppertal.<\/p>\n","protected":false},"excerpt":{"rendered":"<p>\u201eLOOP 2019\u201c, die Ausstellung der Studierenden der vier Design-Teilstudieng\u00e4nge der Bergischen Universit\u00e4t findet vom 27. bis 29. November statt.<\/p>\n","protected":false},"author":7,"featured_media":23928,"comment_status":"open","ping_status":"closed","sticky":false,"template":"","format":"standard","meta":{"footnotes":""},"categories":[21],"tags":[],"class_list":["post-23930","post","type-post","status-publish","format-standard","hentry","category-news-startseite"],"publishpress_future_action":{"enabled":false,"date":"2026-05-06 09:10:10","action":"change-status","newStatus":"draft","terms":[],"taxonomy":"category","extraData":[]},"publishpress_future_workflow_manual_trigger":{"enabledWorkflows":[]},"_links":{"self":[{"href":"https:\/\/www.die-stadtzeitung.de\/index.php\/wp-json\/wp\/v2\/posts\/23930","targetHints":{"allow":["GET"]}}],"collection":[{"href":"https:\/\/www.die-stadtzeitung.de\/index.php\/wp-json\/wp\/v2\/posts"}],"about":[{"href":"https:\/\/www.die-stadtzeitung.de\/index.php\/wp-json\/wp\/v2\/types\/post"}],"author":[{"embeddable":true,"href":"https:\/\/www.die-stadtzeitung.de\/index.php\/wp-json\/wp\/v2\/users\/7"}],"replies":[{"embeddable":true,"href":"https:\/\/www.die-stadtzeitung.de\/index.php\/wp-json\/wp\/v2\/comments?post=23930"}],"version-history":[{"count":0,"href":"https:\/\/www.die-stadtzeitung.de\/index.php\/wp-json\/wp\/v2\/posts\/23930\/revisions"}],"wp:featuredmedia":[{"embeddable":true,"href":"https:\/\/www.die-stadtzeitung.de\/index.php\/wp-json\/wp\/v2\/media\/23928"}],"wp:attachment":[{"href":"https:\/\/www.die-stadtzeitung.de\/index.php\/wp-json\/wp\/v2\/media?parent=23930"}],"wp:term":[{"taxonomy":"category","embeddable":true,"href":"https:\/\/www.die-stadtzeitung.de\/index.php\/wp-json\/wp\/v2\/categories?post=23930"},{"taxonomy":"post_tag","embeddable":true,"href":"https:\/\/www.die-stadtzeitung.de\/index.php\/wp-json\/wp\/v2\/tags?post=23930"}],"curies":[{"name":"wp","href":"https:\/\/api.w.org\/{rel}","templated":true}]}}