{"id":23212,"date":"2019-08-11T09:52:04","date_gmt":"2019-08-11T07:52:04","guid":{"rendered":"http:\/\/192.168.10.16\/newsportal\/stadtzeitung\/index.php\/2019\/08\/17\/jean-puetz-und-der-rattenfaenger-von-hameln\/"},"modified":"2022-01-28T09:18:10","modified_gmt":"2022-01-28T08:18:10","slug":"jean-puetz-und-der-rattenfaenger-von-hameln","status":"publish","type":"post","link":"https:\/\/www.die-stadtzeitung.de\/index.php\/2019\/08\/11\/jean-puetz-und-der-rattenfaenger-von-hameln\/","title":{"rendered":"Jean P\u00fctz und der &#8218;Rattenf\u00e4nger von Hameln&#8216;"},"content":{"rendered":"<div id=\"attachment_45205\" class=\"wp-caption alignnone\" style=\"max-width: 1034px;\"><img loading=\"lazy\" decoding=\"async\" class=\"size-large wp-image-45205\" src=\"\/wp-content\/uploads\/2021\/08\/DSC03935-1024x720.jpg\" alt=\"\" width=\"1024\" height=\"720\" \/><span class=\"wp-caption-text\">Quicklebendig und klug: Jean P\u00fctz &#8211; \u00a9 Susanne Bellenbaum<\/span><\/div>\n<p>&#8222;Ich begr\u00fc\u00dfe es sehr, dass junge Leute beginnen, sich politisch zu engagieren, denn das ist es, was etlichen vorherigen Generationen gefehlt hat. Doch es ist schon ein Ph\u00e4nomen. Ein minderj\u00e4hriges schwedisches M\u00e4dchen namens Greta Thunberg kann sich zum Vorbild hochstilisieren und alle Welt folgt ihm nach, obwohl die Argumente von Greta sehr oberfl\u00e4chlich sind.<\/p>\n<p>Auch wenn \u201aWissenschaftler\u2018, prominente Moderatoren und Fernsehschaffende ebenso wie viele Politiker dies bef\u00fcrworten, hei\u00dft das keineswegs, dass sie den Durchblick haben, denn echte Wissenschaftler haben in der Regel ein Spezialgebiet und wenig \u00dcbersichtwissen.<\/p>\n<p>Gerade bei der Klimaproblematik kommt es auf Gesamtzusammenh\u00e4nge an, die nicht nur durch Herausnahme von bestimmten offensichtlichen Umweltfreveln dokumentiert werden k\u00f6nnen. Doch sie eignen sich hervorragend zur populistischen Verf\u00fchrung der Massen, wie einer der ersten Soziologen, und zwar Gustave Le Banc, in seiner eindrucksvollen Abhandlung \u00fcber \u201aPsychologie der Massen\u2018 (la Psychologie des foules) feststellte.<\/p>\n<p>Wie klug waren seinerzeit die Gebr\u00fcder Grimm, die die alte Sage vom \u201aRattenf\u00e4nger von Hameln\u2018 im deutschen Sprachbereich bekannt gemacht haben. Der K\u00f6der, der diesmal zur Geltung kam, und den Greta Thunberg, aber insbesondere auch die \u201aGr\u00fcnen\u2018 und viele einseitig denkende Gutmenschen gelegt haben, ist, den Kindern und Jugendlichen wei\u00df zu machen, dass aus Deutschland heraus die Welt gerettet werden k\u00f6nnte. Bei Unterdr\u00fcckung s\u00e4mtlicher Argumente und Probleme, die sonst wo auf der Welt existieren. Das gilt ganz besonders f\u00fcr die L\u00f6sung der von Menschen gemachten CO2-Anh\u00e4ufung in der Atmosph\u00e4re.<\/p>\n<p>Die \u201aGr\u00fcnen\u2018 brauchen sich dar\u00fcber keine Gedanken zu machen, alle diese jungen Leute werden ihre zuk\u00fcnftigen W\u00e4hler sein, obwohl die Jugend am meisten unter einer ideologischen Festlegung leiden wird. Wenn bei uns die Chancen der Industrie, unserer Werkbank, immer mehr abgebaut werden, sind die Leiden der Arbeitslosigkeit besonders der jetzigen jungen Generation vorhersehbar. Aber auch das sollte in das Bewusstsein der Akteure von &#8222;Friday for Future&#8220; ehrlicherweise nicht verschwiegen werden.<\/p>\n<p>Damit wir uns richtig verstehen, alle Ma\u00dfnahmen, die dazu dienen, die Luft rein zu halten und von den Gew\u00e4ssern Gift, Unrat und Plastik fern zu halten, m\u00fcssen unbedingt weiter verfolgt werden. Ebenso der Boden, der als Ackerfl\u00e4che durch intensive D\u00fcngung verhunzt wird und das Grundwasser mit Nitrat anreichert.<\/p>\n<p>Verantwortlich f\u00fcr letzteres ist der extreme Fleischkonsum, der nicht nur die Gesundheit sch\u00e4digt, sondern durch eine unverantwortliche industrielle Tierhaltung, aufbauend auf dem Import von Tierfutter, betrieben wird.<\/p>\n<p>Die \u00f6kologischen Sch\u00e4den, die dadurch nicht nur bei uns anfallen, sondern vor allem in S\u00fcdamerika, aus dem z. B. das eiwei\u00dfreiche Soja importiert wird. Hier kann nur ein striktes Importverbot aus L\u00e4ndern wie Brasilien, Argentinien usw. Abhilfe schaffen.<\/p>\n<p>Der extrem rechte neue Pr\u00e4sident Brasiliens, Jair Bolsonaro, l\u00e4sst daf\u00fcr gro\u00dfe Urwaldfl\u00e4chen roden. Als Nebenwirkung kommt noch hinzu, dass die Ureinwohner aus ihren Reservaten vertrieben werden.<\/p>\n<p>Den Schulen obliegt die Verpflichtung, das alles objektiv den jungen Menschen klarzumachen und zu lehren. Ich f\u00fchle mich an die Zeiten des ausgehenden Mittelalters erinnert, an die Klarstellung des Philosophen Immanuel Kant, dass Wirkung immer eine nachvollziehbare Ursache hat.<\/p>\n<p>Wichtig ist vor allen Dingen, dass die Kette von Ursache und Wirkung stets durch die Vernunft und die Logik gepr\u00e4gt sein muss und nicht unter religi\u00f6sem Einfluss unter den Tisch gekehrt werden kann. Damit begr\u00fcndete Kant erst die Existenz der modernen Wissenschaft mit ihrer unglaublichen Einsicht in naturwissenschaftliche Prinzipien. Insbesondere die Technik hat davon extrem profitiert und den irrationalen Einfluss der \u00c4ngste sch\u00fcrenden Religionen begrenzt.<\/p>\n<p>Aber offenbar hat auch in unserer Zeit die Logik ihre Grenzen selbst dann, wenn jeder durch das Internet Informationen beziehen kann, was vordem nicht m\u00f6glich war. Leider ist das zum Fluch geworden, denn die selektive Wahrnehmung wirkt psychologisch so, dass nur zur Kenntnis genommen wird, was in das eigene, oft begrenzte Bewusstsein passt.<\/p>\n<p>Fr\u00fcher stand der Betreffende mit seiner \u201aDummheit\u2018 alleine, heute findet er dar\u00fcber Tausende von Mitstreitern. So sind Verschw\u00f6rungstheorien, verh\u00e4ngnisvolle Irrt\u00fcmer und der Mangel an Schwarmintelligenz nicht zu verhindern, was eine gro\u00dfe Gefahr f\u00fcr die Demokratie darstellt.<\/p>\n<p>Mit meiner journalistischen Arbeit im Fernsehen wollte ich immer dagegen steuern, z. B. mit der Hobbythek als \u201atrojanisches Steckenpferd\u2018, die jeden motivieren sollte, ganz pers\u00f6nlich die Errungenschaften der Wissenschaft \u201azum Begreifen\u2018 zu nutzen. Die Vermittlung von Wissen f\u00fcr jedermann ist meines Erachtens eine Hauptaufgabe des \u00f6ffentlich-rechtlichen Fernsehens und Rundfunks. Ob es hilft, die Schwarmintelligenz der Deutschen zu verbessern, bleibt wahrscheinlich eine unerf\u00fcllbare Hoffnung.<\/p>\n<p>Unsere komplexe Kultur von Wissenschaft und Technik, gepr\u00e4gt mit einem notwendigen \u00f6kologischen Gewissen, l\u00e4sst sich leider nicht mehr durch Emotionen, sondern nur durch die Vernunft steuern, der Turmbau zu Babel bricht sonst in sich zusammen. Das sollten sich die Parteien im Interesse des Fortbestandes unserer grundgesetzlichen Demokratie hinter die Ohren schreiben. Da sehe ich zur Zeit erhebliche M\u00e4ngel.<\/p>\n<p><strong>Ihr Jean P\u00fctz<\/strong><\/p>\n","protected":false},"excerpt":{"rendered":"<p>Der bekannte Wissenschafts-Journalist unf TV-Moderator Jean P\u00fctz (u.a. &#8222;Hobbythek&#8220;) setzt sich mit dem Thema &#8222;Fridays For Future&#8220; auseinander. Hier seine ganz pers\u00f6nliche Einsch\u00e4tzung.<\/p>\n","protected":false},"author":7,"featured_media":23210,"comment_status":"open","ping_status":"closed","sticky":false,"template":"","format":"standard","meta":{"footnotes":""},"categories":[19],"tags":[4567,4568],"class_list":["post-23212","post","type-post","status-publish","format-standard","hentry","category-weitblick","tag-hobbythek","tag-jean-puetz"],"publishpress_future_action":{"enabled":false,"date":"2026-05-07 12:58:07","action":"change-status","newStatus":"draft","terms":[],"taxonomy":"category","extraData":[]},"publishpress_future_workflow_manual_trigger":{"enabledWorkflows":[]},"_links":{"self":[{"href":"https:\/\/www.die-stadtzeitung.de\/index.php\/wp-json\/wp\/v2\/posts\/23212","targetHints":{"allow":["GET"]}}],"collection":[{"href":"https:\/\/www.die-stadtzeitung.de\/index.php\/wp-json\/wp\/v2\/posts"}],"about":[{"href":"https:\/\/www.die-stadtzeitung.de\/index.php\/wp-json\/wp\/v2\/types\/post"}],"author":[{"embeddable":true,"href":"https:\/\/www.die-stadtzeitung.de\/index.php\/wp-json\/wp\/v2\/users\/7"}],"replies":[{"embeddable":true,"href":"https:\/\/www.die-stadtzeitung.de\/index.php\/wp-json\/wp\/v2\/comments?post=23212"}],"version-history":[{"count":4,"href":"https:\/\/www.die-stadtzeitung.de\/index.php\/wp-json\/wp\/v2\/posts\/23212\/revisions"}],"predecessor-version":[{"id":45788,"href":"https:\/\/www.die-stadtzeitung.de\/index.php\/wp-json\/wp\/v2\/posts\/23212\/revisions\/45788"}],"wp:featuredmedia":[{"embeddable":true,"href":"https:\/\/www.die-stadtzeitung.de\/index.php\/wp-json\/wp\/v2\/media\/23210"}],"wp:attachment":[{"href":"https:\/\/www.die-stadtzeitung.de\/index.php\/wp-json\/wp\/v2\/media?parent=23212"}],"wp:term":[{"taxonomy":"category","embeddable":true,"href":"https:\/\/www.die-stadtzeitung.de\/index.php\/wp-json\/wp\/v2\/categories?post=23212"},{"taxonomy":"post_tag","embeddable":true,"href":"https:\/\/www.die-stadtzeitung.de\/index.php\/wp-json\/wp\/v2\/tags?post=23212"}],"curies":[{"name":"wp","href":"https:\/\/api.w.org\/{rel}","templated":true}]}}